{"id":1440,"date":"2017-09-29T09:20:12","date_gmt":"2017-09-29T09:20:12","guid":{"rendered":"https:\/\/inmobiliaria-lex.com\/?p=1440"},"modified":"2020-06-17T15:40:43","modified_gmt":"2020-06-17T15:40:43","slug":"festival-dna-denia-mapa-mundial-la-gastronomia","status":"publish","type":"post","link":"https:\/\/inmobiliaria-lex.com\/ca\/festival-dna-denia-mapa-mundial-la-gastronomia\/","title":{"rendered":"El festival D*NA. D\u00e9nia en el mapa mundial de la gastronom\u00eda"},"content":{"rendered":"<p>Ya forma parte, desde diciembre de 2015, del selecto club de 18 lugares de todo el planeta que tienen el privilegio de integrar la Red de Ciudades Creativas de la Gastronom\u00eda de la Unesco, pero hac\u00eda falta un acontecimiento como el que llega este fin de semana para que el eco de D\u00e9nia como referente de la cocina resonara en todo el mundo.<br \/>\nEl festival gastron\u00f3mico D*na est\u00e1 a unas horas de iniciar su primera edici\u00f3n en el paseo del Marge Roig, junto a la Marineta Cassiana&#8230;<\/p>\n<p>NOTICIA APARECIDA EN LA MARINA PLAZA. <a href=\"http:\/\/lamarinaplaza.com\/2017\/09\/28\/dna-pone-a-denia-en-el-mapa-mundial-de-la-gastronomia\/\" target=\"_blank\" rel=\"noopener noreferrer\">Ampliar informaci\u00f3n<\/a><\/p>\n<p><img loading=\"lazy\" decoding=\"async\" class=\"alignnone size-full wp-image-6032\" src=\"https:\/\/inmobiliaria-lex.com\/wp-content\/uploads\/2017\/09\/dna_festival_denia2017.jpg\" alt=\"\" width=\"950\" height=\"577\" srcset=\"https:\/\/inmobiliaria-lex.com\/wp-content\/uploads\/2017\/09\/dna_festival_denia2017.jpg 950w, https:\/\/inmobiliaria-lex.com\/wp-content\/uploads\/2017\/09\/dna_festival_denia2017-480x292.jpg 480w\" sizes=\"(min-width: 0px) and (max-width: 480px) 480px, (min-width: 481px) 950px, 100vw\" \/><\/p>\n","protected":false},"excerpt":{"rendered":"<p>Hac\u00eda falta un acontecimiento como el que llega este fin de semana para que el eco de D\u00e9nia como referente de la cocina resonara en todo el mundo.<\/p>\n","protected":false},"author":1,"featured_media":6036,"comment_status":"closed","ping_status":"open","sticky":false,"template":"","format":"standard","meta":{"_et_pb_use_builder":"","_et_pb_old_content":"","_et_gb_content_width":"","footnotes":""},"categories":[176],"tags":[],"class_list":["post-1440","post","type-post","status-publish","format-standard","has-post-thumbnail","hentry","category-informacion-denia"],"yoast_head":"<!-- This site is optimized with the Yoast SEO plugin v25.9 - https:\/\/yoast.com\/wordpress\/plugins\/seo\/ -->\n<title>El festival D*NA. D\u00e9nia en el mapa mundial de la gastronom\u00eda | Agencia Inmobiliaria Lex D\u00e9nia<\/title>\n<meta name=\"robots\" content=\"index, follow, max-snippet:-1, max-image-preview:large, max-video-preview:-1\" \/>\n<link rel=\"canonical\" href=\"https:\/\/inmobiliaria-lex.com\/ca\/festival-dna-denia-mapa-mundial-la-gastronomia\/\" \/>\n<meta property=\"og:locale\" content=\"ca_ES\" \/>\n<meta property=\"og:type\" content=\"article\" \/>\n<meta property=\"og:title\" content=\"El festival D*NA. D\u00e9nia en el mapa mundial de la gastronom\u00eda | Agencia Inmobiliaria Lex D\u00e9nia\" \/>\n<meta property=\"og:description\" content=\"Hac\u00eda falta un acontecimiento como el que llega este fin de semana para que el eco de D\u00e9nia como referente de la cocina resonara en todo el mundo.\" \/>\n<meta property=\"og:url\" content=\"https:\/\/inmobiliaria-lex.com\/ca\/festival-dna-denia-mapa-mundial-la-gastronomia\/\" \/>\n<meta property=\"og:site_name\" content=\"Agencia Inmobiliaria Lex D\u00e9nia\" \/>\n<meta property=\"article:publisher\" content=\"https:\/\/www.facebook.com\/LEXDENIA\" \/>\n<meta property=\"article:published_time\" content=\"2017-09-29T09:20:12+00:00\" \/>\n<meta property=\"article:modified_time\" content=\"2020-06-17T15:40:43+00:00\" \/>\n<meta property=\"og:image\" content=\"https:\/\/inmobiliaria-lex.com\/wp-content\/uploads\/2017\/09\/dna-07.jpg\" \/>\n\t<meta property=\"og:image:width\" content=\"1024\" \/>\n\t<meta property=\"og:image:height\" content=\"683\" \/>\n\t<meta property=\"og:image:type\" content=\"image\/jpeg\" \/>\n<meta name=\"author\" content=\"inmobiliaria lex denia\" \/>\n<meta name=\"twitter:card\" content=\"summary_large_image\" \/>\n<meta name=\"twitter:label1\" content=\"Escrit per\" \/>\n\t<meta name=\"twitter:data1\" content=\"inmobiliaria lex denia\" \/>\n\t<meta name=\"twitter:label2\" content=\"Temps estimat de lectura\" \/>\n\t<meta name=\"twitter:data2\" content=\"1 minut\" \/>\n<script type=\"application\/ld+json\" class=\"yoast-schema-graph\">{\"@context\":\"https:\/\/schema.org\",\"@graph\":[{\"@type\":\"Article\",\"@id\":\"https:\/\/inmobiliaria-lex.com\/ca\/festival-dna-denia-mapa-mundial-la-gastronomia\/#article\",\"isPartOf\":{\"@id\":\"https:\/\/inmobiliaria-lex.com\/ca\/festival-dna-denia-mapa-mundial-la-gastronomia\/\"},\"author\":{\"name\":\"inmobiliaria lex denia\",\"@id\":\"https:\/\/inmobiliaria-lex.com\/ca\/#\/schema\/person\/1aa994699b790066990c86d352ff8fec\"},\"headline\":\"El festival D*NA. D\u00e9nia en el mapa mundial de la gastronom\u00eda\",\"datePublished\":\"2017-09-29T09:20:12+00:00\",\"dateModified\":\"2020-06-17T15:40:43+00:00\",\"mainEntityOfPage\":{\"@id\":\"https:\/\/inmobiliaria-lex.com\/ca\/festival-dna-denia-mapa-mundial-la-gastronomia\/\"},\"wordCount\":114,\"publisher\":{\"@id\":\"https:\/\/inmobiliaria-lex.com\/ca\/#organization\"},\"image\":{\"@id\":\"https:\/\/inmobiliaria-lex.com\/ca\/festival-dna-denia-mapa-mundial-la-gastronomia\/#primaryimage\"},\"thumbnailUrl\":\"https:\/\/inmobiliaria-lex.com\/wp-content\/uploads\/2017\/09\/dna-07.jpg\",\"articleSection\":[\"Informaci\u00f3n D\u00e9nia\"],\"inLanguage\":\"ca\"},{\"@type\":\"WebPage\",\"@id\":\"https:\/\/inmobiliaria-lex.com\/ca\/festival-dna-denia-mapa-mundial-la-gastronomia\/\",\"url\":\"https:\/\/inmobiliaria-lex.com\/ca\/festival-dna-denia-mapa-mundial-la-gastronomia\/\",\"name\":\"El festival D*NA. D\u00e9nia en el mapa mundial de la gastronom\u00eda | Agencia Inmobiliaria Lex D\u00e9nia\",\"isPartOf\":{\"@id\":\"https:\/\/inmobiliaria-lex.com\/ca\/#website\"},\"primaryImageOfPage\":{\"@id\":\"https:\/\/inmobiliaria-lex.com\/ca\/festival-dna-denia-mapa-mundial-la-gastronomia\/#primaryimage\"},\"image\":{\"@id\":\"https:\/\/inmobiliaria-lex.com\/ca\/festival-dna-denia-mapa-mundial-la-gastronomia\/#primaryimage\"},\"thumbnailUrl\":\"https:\/\/inmobiliaria-lex.com\/wp-content\/uploads\/2017\/09\/dna-07.jpg\",\"datePublished\":\"2017-09-29T09:20:12+00:00\",\"dateModified\":\"2020-06-17T15:40:43+00:00\",\"breadcrumb\":{\"@id\":\"https:\/\/inmobiliaria-lex.com\/ca\/festival-dna-denia-mapa-mundial-la-gastronomia\/#breadcrumb\"},\"inLanguage\":\"ca\",\"potentialAction\":[{\"@type\":\"ReadAction\",\"target\":[\"https:\/\/inmobiliaria-lex.com\/ca\/festival-dna-denia-mapa-mundial-la-gastronomia\/\"]}]},{\"@type\":\"ImageObject\",\"inLanguage\":\"ca\",\"@id\":\"https:\/\/inmobiliaria-lex.com\/ca\/festival-dna-denia-mapa-mundial-la-gastronomia\/#primaryimage\",\"url\":\"https:\/\/inmobiliaria-lex.com\/wp-content\/uploads\/2017\/09\/dna-07.jpg\",\"contentUrl\":\"https:\/\/inmobiliaria-lex.com\/wp-content\/uploads\/2017\/09\/dna-07.jpg\",\"width\":1024,\"height\":683},{\"@type\":\"BreadcrumbList\",\"@id\":\"https:\/\/inmobiliaria-lex.com\/ca\/festival-dna-denia-mapa-mundial-la-gastronomia\/#breadcrumb\",\"itemListElement\":[{\"@type\":\"ListItem\",\"position\":1,\"name\":\"Portada\",\"item\":\"https:\/\/inmobiliaria-lex.com\/ca\/\"},{\"@type\":\"ListItem\",\"position\":2,\"name\":\"El festival D*NA. D\u00e9nia en el mapa mundial de la gastronom\u00eda\"}]},{\"@type\":\"WebSite\",\"@id\":\"https:\/\/inmobiliaria-lex.com\/ca\/#website\",\"url\":\"https:\/\/inmobiliaria-lex.com\/ca\/\",\"name\":\"Inmobiliaria Lex D\u00e9nia\",\"description\":\"Inmobiliaria en D\u00e9nia\",\"publisher\":{\"@id\":\"https:\/\/inmobiliaria-lex.com\/ca\/#organization\"},\"potentialAction\":[{\"@type\":\"SearchAction\",\"target\":{\"@type\":\"EntryPoint\",\"urlTemplate\":\"https:\/\/inmobiliaria-lex.com\/ca\/?s={search_term_string}\"},\"query-input\":{\"@type\":\"PropertyValueSpecification\",\"valueRequired\":true,\"valueName\":\"search_term_string\"}}],\"inLanguage\":\"ca\"},{\"@type\":\"Organization\",\"@id\":\"https:\/\/inmobiliaria-lex.com\/ca\/#organization\",\"name\":\"Agencia Inmobiliaria Lex. D\u00e9nia\",\"url\":\"https:\/\/inmobiliaria-lex.com\/ca\/\",\"logo\":{\"@type\":\"ImageObject\",\"inLanguage\":\"ca\",\"@id\":\"https:\/\/inmobiliaria-lex.com\/ca\/#\/schema\/logo\/image\/\",\"url\":\"https:\/\/inmobiliaria-lex.com\/wp-content\/uploads\/2020\/02\/inmobiliaria_lex_denia.png\",\"contentUrl\":\"https:\/\/inmobiliaria-lex.com\/wp-content\/uploads\/2020\/02\/inmobiliaria_lex_denia.png\",\"width\":176,\"height\":111,\"caption\":\"Agencia Inmobiliaria Lex. D\u00e9nia\"},\"image\":{\"@id\":\"https:\/\/inmobiliaria-lex.com\/ca\/#\/schema\/logo\/image\/\"},\"sameAs\":[\"https:\/\/www.facebook.com\/LEXDENIA\",\"https:\/\/www.instagram.com\/deniainmolex\/\"]},{\"@type\":\"Person\",\"@id\":\"https:\/\/inmobiliaria-lex.com\/ca\/#\/schema\/person\/1aa994699b790066990c86d352ff8fec\",\"name\":\"inmobiliaria lex denia\",\"image\":{\"@type\":\"ImageObject\",\"inLanguage\":\"ca\",\"@id\":\"https:\/\/inmobiliaria-lex.com\/ca\/#\/schema\/person\/image\/\",\"url\":\"https:\/\/secure.gravatar.com\/avatar\/4843a7e97f3a2d82ecb361a9c26707d2e6c75f4002ff82a72ff5f4e5fef8ae3a?s=96&d=mm&r=g\",\"contentUrl\":\"https:\/\/secure.gravatar.com\/avatar\/4843a7e97f3a2d82ecb361a9c26707d2e6c75f4002ff82a72ff5f4e5fef8ae3a?s=96&d=mm&r=g\",\"caption\":\"inmobiliaria lex denia\"}}]}<\/script>\n<!-- \/ Yoast SEO plugin. -->","yoast_head_json":{"title":"El festival D*NA. D\u00e9nia en el mapa mundial de la gastronom\u00eda | Agencia Inmobiliaria Lex D\u00e9nia","robots":{"index":"index","follow":"follow","max-snippet":"max-snippet:-1","max-image-preview":"max-image-preview:large","max-video-preview":"max-video-preview:-1"},"canonical":"https:\/\/inmobiliaria-lex.com\/ca\/festival-dna-denia-mapa-mundial-la-gastronomia\/","og_locale":"ca_ES","og_type":"article","og_title":"El festival D*NA. D\u00e9nia en el mapa mundial de la gastronom\u00eda | Agencia Inmobiliaria Lex D\u00e9nia","og_description":"Hac\u00eda falta un acontecimiento como el que llega este fin de semana para que el eco de D\u00e9nia como referente de la cocina resonara en todo el mundo.","og_url":"https:\/\/inmobiliaria-lex.com\/ca\/festival-dna-denia-mapa-mundial-la-gastronomia\/","og_site_name":"Agencia Inmobiliaria Lex D\u00e9nia","article_publisher":"https:\/\/www.facebook.com\/LEXDENIA","article_published_time":"2017-09-29T09:20:12+00:00","article_modified_time":"2020-06-17T15:40:43+00:00","og_image":[{"width":1024,"height":683,"url":"https:\/\/inmobiliaria-lex.com\/wp-content\/uploads\/2017\/09\/dna-07.jpg","type":"image\/jpeg"}],"author":"inmobiliaria lex denia","twitter_card":"summary_large_image","twitter_misc":{"Escrit per":"inmobiliaria lex denia","Temps estimat de lectura":"1 minut"},"schema":{"@context":"https:\/\/schema.org","@graph":[{"@type":"Article","@id":"https:\/\/inmobiliaria-lex.com\/ca\/festival-dna-denia-mapa-mundial-la-gastronomia\/#article","isPartOf":{"@id":"https:\/\/inmobiliaria-lex.com\/ca\/festival-dna-denia-mapa-mundial-la-gastronomia\/"},"author":{"name":"inmobiliaria lex denia","@id":"https:\/\/inmobiliaria-lex.com\/ca\/#\/schema\/person\/1aa994699b790066990c86d352ff8fec"},"headline":"El festival D*NA. D\u00e9nia en el mapa mundial de la gastronom\u00eda","datePublished":"2017-09-29T09:20:12+00:00","dateModified":"2020-06-17T15:40:43+00:00","mainEntityOfPage":{"@id":"https:\/\/inmobiliaria-lex.com\/ca\/festival-dna-denia-mapa-mundial-la-gastronomia\/"},"wordCount":114,"publisher":{"@id":"https:\/\/inmobiliaria-lex.com\/ca\/#organization"},"image":{"@id":"https:\/\/inmobiliaria-lex.com\/ca\/festival-dna-denia-mapa-mundial-la-gastronomia\/#primaryimage"},"thumbnailUrl":"https:\/\/inmobiliaria-lex.com\/wp-content\/uploads\/2017\/09\/dna-07.jpg","articleSection":["Informaci\u00f3n D\u00e9nia"],"inLanguage":"ca"},{"@type":"WebPage","@id":"https:\/\/inmobiliaria-lex.com\/ca\/festival-dna-denia-mapa-mundial-la-gastronomia\/","url":"https:\/\/inmobiliaria-lex.com\/ca\/festival-dna-denia-mapa-mundial-la-gastronomia\/","name":"El festival D*NA. D\u00e9nia en el mapa mundial de la gastronom\u00eda | Agencia Inmobiliaria Lex D\u00e9nia","isPartOf":{"@id":"https:\/\/inmobiliaria-lex.com\/ca\/#website"},"primaryImageOfPage":{"@id":"https:\/\/inmobiliaria-lex.com\/ca\/festival-dna-denia-mapa-mundial-la-gastronomia\/#primaryimage"},"image":{"@id":"https:\/\/inmobiliaria-lex.com\/ca\/festival-dna-denia-mapa-mundial-la-gastronomia\/#primaryimage"},"thumbnailUrl":"https:\/\/inmobiliaria-lex.com\/wp-content\/uploads\/2017\/09\/dna-07.jpg","datePublished":"2017-09-29T09:20:12+00:00","dateModified":"2020-06-17T15:40:43+00:00","breadcrumb":{"@id":"https:\/\/inmobiliaria-lex.com\/ca\/festival-dna-denia-mapa-mundial-la-gastronomia\/#breadcrumb"},"inLanguage":"ca","potentialAction":[{"@type":"ReadAction","target":["https:\/\/inmobiliaria-lex.com\/ca\/festival-dna-denia-mapa-mundial-la-gastronomia\/"]}]},{"@type":"ImageObject","inLanguage":"ca","@id":"https:\/\/inmobiliaria-lex.com\/ca\/festival-dna-denia-mapa-mundial-la-gastronomia\/#primaryimage","url":"https:\/\/inmobiliaria-lex.com\/wp-content\/uploads\/2017\/09\/dna-07.jpg","contentUrl":"https:\/\/inmobiliaria-lex.com\/wp-content\/uploads\/2017\/09\/dna-07.jpg","width":1024,"height":683},{"@type":"BreadcrumbList","@id":"https:\/\/inmobiliaria-lex.com\/ca\/festival-dna-denia-mapa-mundial-la-gastronomia\/#breadcrumb","itemListElement":[{"@type":"ListItem","position":1,"name":"Portada","item":"https:\/\/inmobiliaria-lex.com\/ca\/"},{"@type":"ListItem","position":2,"name":"El festival D*NA. D\u00e9nia en el mapa mundial de la gastronom\u00eda"}]},{"@type":"WebSite","@id":"https:\/\/inmobiliaria-lex.com\/ca\/#website","url":"https:\/\/inmobiliaria-lex.com\/ca\/","name":"Inmobiliaria Lex D\u00e9nia","description":"Inmobiliaria en D\u00e9nia","publisher":{"@id":"https:\/\/inmobiliaria-lex.com\/ca\/#organization"},"potentialAction":[{"@type":"SearchAction","target":{"@type":"EntryPoint","urlTemplate":"https:\/\/inmobiliaria-lex.com\/ca\/?s={search_term_string}"},"query-input":{"@type":"PropertyValueSpecification","valueRequired":true,"valueName":"search_term_string"}}],"inLanguage":"ca"},{"@type":"Organization","@id":"https:\/\/inmobiliaria-lex.com\/ca\/#organization","name":"Agencia Inmobiliaria Lex. D\u00e9nia","url":"https:\/\/inmobiliaria-lex.com\/ca\/","logo":{"@type":"ImageObject","inLanguage":"ca","@id":"https:\/\/inmobiliaria-lex.com\/ca\/#\/schema\/logo\/image\/","url":"https:\/\/inmobiliaria-lex.com\/wp-content\/uploads\/2020\/02\/inmobiliaria_lex_denia.png","contentUrl":"https:\/\/inmobiliaria-lex.com\/wp-content\/uploads\/2020\/02\/inmobiliaria_lex_denia.png","width":176,"height":111,"caption":"Agencia Inmobiliaria Lex. D\u00e9nia"},"image":{"@id":"https:\/\/inmobiliaria-lex.com\/ca\/#\/schema\/logo\/image\/"},"sameAs":["https:\/\/www.facebook.com\/LEXDENIA","https:\/\/www.instagram.com\/deniainmolex\/"]},{"@type":"Person","@id":"https:\/\/inmobiliaria-lex.com\/ca\/#\/schema\/person\/1aa994699b790066990c86d352ff8fec","name":"inmobiliaria lex denia","image":{"@type":"ImageObject","inLanguage":"ca","@id":"https:\/\/inmobiliaria-lex.com\/ca\/#\/schema\/person\/image\/","url":"https:\/\/secure.gravatar.com\/avatar\/4843a7e97f3a2d82ecb361a9c26707d2e6c75f4002ff82a72ff5f4e5fef8ae3a?s=96&d=mm&r=g","contentUrl":"https:\/\/secure.gravatar.com\/avatar\/4843a7e97f3a2d82ecb361a9c26707d2e6c75f4002ff82a72ff5f4e5fef8ae3a?s=96&d=mm&r=g","caption":"inmobiliaria lex denia"}}]}},"_links":{"self":[{"href":"https:\/\/inmobiliaria-lex.com\/ca\/wp-json\/wp\/v2\/posts\/1440","targetHints":{"allow":["GET"]}}],"collection":[{"href":"https:\/\/inmobiliaria-lex.com\/ca\/wp-json\/wp\/v2\/posts"}],"about":[{"href":"https:\/\/inmobiliaria-lex.com\/ca\/wp-json\/wp\/v2\/types\/post"}],"author":[{"embeddable":true,"href":"https:\/\/inmobiliaria-lex.com\/ca\/wp-json\/wp\/v2\/users\/1"}],"replies":[{"embeddable":true,"href":"https:\/\/inmobiliaria-lex.com\/ca\/wp-json\/wp\/v2\/comments?post=1440"}],"version-history":[{"count":0,"href":"https:\/\/inmobiliaria-lex.com\/ca\/wp-json\/wp\/v2\/posts\/1440\/revisions"}],"wp:featuredmedia":[{"embeddable":true,"href":"https:\/\/inmobiliaria-lex.com\/ca\/wp-json\/wp\/v2\/media\/6036"}],"wp:attachment":[{"href":"https:\/\/inmobiliaria-lex.com\/ca\/wp-json\/wp\/v2\/media?parent=1440"}],"wp:term":[{"taxonomy":"category","embeddable":true,"href":"https:\/\/inmobiliaria-lex.com\/ca\/wp-json\/wp\/v2\/categories?post=1440"},{"taxonomy":"post_tag","embeddable":true,"href":"https:\/\/inmobiliaria-lex.com\/ca\/wp-json\/wp\/v2\/tags?post=1440"}],"curies":[{"name":"wp","href":"https:\/\/api.w.org\/{rel}","templated":true}]}}