{"id":6086,"date":"2020-06-28T00:22:40","date_gmt":"2020-06-28T00:22:40","guid":{"rendered":"https:\/\/inmobiliaria-lex.com\/?p=6086"},"modified":"2020-06-28T00:28:36","modified_gmt":"2020-06-28T00:28:36","slug":"programacion-cultural-denia-2020","status":"publish","type":"post","link":"https:\/\/inmobiliaria-lex.com\/ca\/programacion-cultural-denia-2020\/","title":{"rendered":"Programaci\u00f3n cultural en Denia Verano 2020"},"content":{"rendered":"\n<p>Deseamos que disfrut\u00e9is de Denia y para ello os facilitamos la programaci\u00f3n cultural del verano 2020 en Denia. Una programaci\u00f3n llena de musicalidad para subirnos el \u00e1nimo.<\/p>\n\n\n\n<figure class=\"wp-block-image size-large\"><img loading=\"lazy\" decoding=\"async\" width=\"940\" height=\"788\" src=\"https:\/\/inmobiliaria-lex.com\/wp-content\/uploads\/2020\/06\/Programaci\u00f3n-Culttural-Denia-2020.jpg\" alt=\"Programaci\u00f3n cultural Denia verano 2020\" class=\"wp-image-6096\" title=\"Programaci\u00f3n cultural Denia\" srcset=\"https:\/\/inmobiliaria-lex.com\/wp-content\/uploads\/2020\/06\/Programaci\u00f3n-Culttural-Denia-2020.jpg 940w, https:\/\/inmobiliaria-lex.com\/wp-content\/uploads\/2020\/06\/Programaci\u00f3n-Culttural-Denia-2020-300x251.jpg 300w, https:\/\/inmobiliaria-lex.com\/wp-content\/uploads\/2020\/06\/Programaci\u00f3n-Culttural-Denia-2020-768x644.jpg 768w, https:\/\/inmobiliaria-lex.com\/wp-content\/uploads\/2020\/06\/Programaci\u00f3n-Culttural-Denia-2020-480x402.jpg 480w\" sizes=\"(max-width: 940px) 100vw, 940px\" \/><\/figure>\n\n\n\n<p>En cada una de las actividades se adoptar\u00e1n las medidas de prevenci\u00f3n, higiene y distanciamiento social, como la limitaci\u00f3n de los aforos y la venta anticipada de entradas, que solo se podr\u00e1n adquirir en l\u00ednea o en puntos de venta predeterminados y no en taquilla antes de los espect\u00e1culos.<\/p>\n\n\n\n<p>Recuerda el uso obligatorio de mascarillas para asistir a las actividades programadas.<\/p>\n\n\n\n<h2 class=\"wp-block-heading\">\u00bfQu\u00e9 programaci\u00f3n cultural puedes disfrutar en Denia?<\/h2>\n\n\n\n<h3 class=\"has-luminous-vivid-orange-color has-text-color wp-block-heading\">*** OFERTA MUSICAL<\/h3>\n\n\n\n<h4 class=\"has-luminous-vivid-orange-color has-text-color wp-block-heading\">* Concierto de Campanas: 07-07-20 en la Parroquia de la Asunci\u00f3n. 20.30 h<\/h4>\n\n\n\n<p>Manuel M. Herv\u00e1s Lino, compositor, director de orquesta y campanero, interpretar\u00e1 toques de campanas propios de los territorios de la Antigua Corona de Arag\u00f3n. Sonar\u00e1n toques de fiesta, llamamientos a misa, a difuntos, a muerte del rey, toques al amanecer y muchos m\u00e1s.  Todo un amplio cat\u00e1logo de esta tradici\u00f3n que constituye una parte fundamenta de nuestro patrimonio hist\u00f3rico y cultural. <\/p>\n\n\n\n<h4 class=\"has-luminous-vivid-orange-color has-text-color wp-block-heading\">* Festival de M\u00fasica: Parque de Torrecremada del 10\/07 al 31\/07. 22.30 h<\/h4>\n\n\n\n<p>Cada viernes de julio a las 22.30 h tenemos una cita musical en el Parque de Torrecremada.<\/p>\n\n\n\n<p><strong>Viernes 10\/07:<\/strong> <strong><em>CANCIONES CONTEMPOR\u00c1NEAS:<\/em><\/strong> Spanish Brass Quintet &amp; Carles D\u00e9nia &#8211; <em>\u201cMIRA SI HEM CORREGUT TERRES\u201d<\/em> .  Una mezcla de canciones contempor\u00e1neas de autores como Raimon o Serrat o La Gossa Sorda, con composiciones que proceden de la \u00e9poca de la presencia musulmana en la Pen\u00ednsula Ib\u00e9rica o de la tradici\u00f3n musical de la Corona de Arag\u00f3n.<\/p>\n\n\n\n<p><strong>Viernes 17: <\/strong><em><strong>RECITAL DE \u00d3PERA Y ZARZUELA<\/strong><\/em> con las voces de Larisa Stefan, Amber Fasquelle, Evgeniya Khomutova y Max Hochmuth, del Centro de Perfeccionamiento del Palau de les Arts de Val\u00e8ncia, acompa\u00f1ados al piano por Jos\u00e9 Miguel Rom\u00e1n. Interpretar\u00e1n obras de Offenbach, Bizet, Poulenc, Cap\u00e9, Chueca o Barbieri, entre otros compositores.<\/p>\n\n\n\n<p><strong>Viernes 24:<\/strong><em> <strong>&#8220;MUSICALES DE BROADWAY<\/strong><\/em>\u201d.  Un paseo por los temas de los grandes musicales de Broadway interpretados por el cuarteto de saxofones P\u00farpura Pansa.<\/p>\n\n\n\n<p><strong>Viernes 31<\/strong>: &#8220;<strong><em>RITMES DE NORD I SUD&#8221;.<\/em><\/strong>  Carmen Paula Romero, al piano, y \u00c1ngel Belda, clarinete, ofrecer\u00e1n el concierto&nbsp;<em>Ritmes de Nord i Sud<\/em>, un viaje por la m\u00fasica cl\u00e1sica m\u00e1s desenfadada del norte y el sur de Am\u00e9rica que transitar\u00e1 por la milonga, el vals, el tango e incluso el flamenco, hasta llegar a las melod\u00edas del blues y el jazz, territorio cultural de Norteam\u00e9rica.<\/p>\n\n\n\n<p><strong>El precio de las entradas es de<em> 5 euros<\/em> <\/strong>y <strong>la recaudaci\u00f3n se destinar\u00e1<\/strong> \u00edntegramente a las entidades que integran <strong>la Mesa Solidaria de D\u00e9nia <\/strong>(C\u00e1ritas, Cruz Roja, Ej\u00e9rcito de Salvaci\u00f3n y Extiende t\u00fa mando). La venta de entradas se har\u00e1 \u00fanicamente en linea en la p\u00e1gina de <a rel=\"noreferrer noopener\" href=\"http:\/\/www.instanticket.es\/\" target=\"_blank\">InstantTicket <\/a>a partir del 1 de julio.<\/p>\n\n\n\n<p>Ten en cuenta que el aforo estar\u00e1 limitado y las entradas estar\u00e1n numeradas.  El acceso ser\u00e1 por la puerta del mercadillo a partir de las 21 h.<\/p>\n\n\n\n<h4 class=\"has-luminous-vivid-orange-color has-text-color wp-block-heading\">* M\u00fasica en los barrios: Pasacalles de la Agrupaci\u00f3n Art\u00edstica Musical de D\u00e9nia <\/h4>\n\n\n\n<p>Al atardecer de los d\u00edas 18 y 25 de julio y 8, 15 y 22 de agosto, entre las 19.30 y las 22 horas, los m\u00fasicos de la banda, en formaciones peque\u00f1as, llenar\u00e1n de m\u00fasica las calles de los barrios dianenses, que recorrer\u00e1n en pasacalle.<\/p>\n\n\n\n<h4 class=\"has-luminous-vivid-orange-color has-text-color wp-block-heading\"><strong>* 6\u00aa Edici\u00f3n de Festival de Jazz en Torrecremada<\/strong><\/h4>\n\n\n\n<p>En Agosto, cada jueves, a las 22.30 horas, tendremos una propuesta musical de Jazz en los jardines de Torrecremada.<\/p>\n\n\n\n<ul class=\"wp-block-list\"><li>El 06-08-2020: Hetty Kate, vocalista, que con su cuarteto de m\u00fasicos inaugurar\u00e1 esta edici\u00f3n de festival. <\/li><li>El 13-08-2020 El saxofonista Enric Peidro, director art\u00edstico del evento, y el saxo tenor Ray Gelato, acompa\u00f1ados por su tr\u00edo habitual. Presentar\u00e1n en el concierto que ofrecer\u00e1n en D\u00e9nia su nuevo trabajo discogr\u00e1fico<em>, With all due respect<\/em>.<\/li><li>El 20-08-2020: Fabio Miano, pianista italo-canadiense afincado en la Comunidad Valenciana y su tr\u00edo <\/li><li>El 27-08-2020 cerrar\u00e1 el festival la actuaci\u00f3n de Wax&amp;Boogie con el acompa\u00f1amiento especial del saxofonista Drew Davies. Rythym &amp; Blues, Boogie Woogie y Swing despedir\u00e1n la sexta edici\u00f3n del Festival de Jazz de D\u00e9nia.<\/li><\/ul>\n\n\n\n<h3 class=\"has-luminous-vivid-orange-color has-text-color wp-block-heading\">*** CINE A LA ORILLA DEL MAR. Programaci\u00f3n cultural Denia<\/h3>\n\n\n\n<p>Si eres amante del cine, este verano, un a\u00f1o m\u00e1s, est\u00e1s de suerte.   A la orilla del mar y a la fresca toda la familia podr\u00e9is disfrutar a las 22 h, en la Playa de la Punta del Raset, de las siguientes proyecciones.  Todas las proyecciones se realizar\u00e1n en la playa Punta del Raset, a las 22 horas. Recordad la obligatoriedad de acudir con mascarilla y respetar la distancia interpersonal de seguridad.<\/p>\n\n\n\n<ul class=\"wp-block-list\"><li><strong><em>19-07-2020: Pok\u00e9mon: detective Pikachu&nbsp;<\/em><\/strong><\/li><li><strong><em>26-07-2020: Shazam!&nbsp;<\/em><\/strong><\/li><li><strong><em>02-08-2020: La LEGO pel\u00edcula 2&nbsp;<\/em><\/strong><\/li><li><strong><em>09-08-2020:&nbsp;Men in Black International&nbsp;<\/em><\/strong><\/li><li><strong><em>16-08-2020: Dentro del laberinto&nbsp;<\/em><\/strong><\/li><li><strong><em>23-08-2020:&nbsp;Ocean\u2019s Eight&nbsp;<\/em><\/strong><\/li><li><strong><em>30-08-2020:&nbsp;Small Foot&nbsp;<\/em><\/strong><\/li><\/ul>\n\n\n\n<h3 class=\"has-luminous-vivid-orange-color has-text-color wp-block-heading\">*** Feria de antig\u00fcedades, coleccionismo, vintage y brocanters en Jes\u00fas Pobre<\/h3>\n\n\n\n<p>Cada primer domingo de mes de 09 h a 15 h en el Riurau de Jes\u00fas Pobre se celebra la FIRA DE BROCANTERS I COL.LECCIONISME, una feria en la que podr\u00e9is encontrar todo tipo de objetos de coleccionistas:&nbsp;muebles, espejos, relojes, objetos de colecci\u00f3n, elementos decorativos, piezas de cer\u00e1mica, cristal o porcelana, esculturas, bronces, l\u00e1mparas, monedas, objetos vintage, retro, antig\u00fcedades, monedas de colecci\u00f3n, arte africano, japones, chino y un gran n\u00famero de curiosidades que llamar\u00e1n tu atenci\u00f3n.  En la feria hay servicio de bar con bebidas calientes y fr\u00edas, excelentes cocas artesanales saladas y dulces, elaboradas por gente del pueblo con las recetas t\u00edpicas del lugar. Cada domingo un artista expone sus obras y hay actuaci\u00f3n musical.<\/p>\n\n\n\n<h3 class=\"has-luminous-vivid-orange-color has-text-color wp-block-heading\"><strong>*** Mercadillos y Rastros<\/strong><\/h3>\n\n\n\n<h4 class=\"has-luminous-vivid-orange-color has-text-color wp-block-heading\">* <strong>El Mercat&nbsp;del Riurau en Jes\u00fas Pobre&nbsp;(D\u00e9nia)<\/strong><\/h4>\n\n\n\n<p>Todos los&nbsp;domingos, en el&nbsp;Mercat&nbsp;del Riurau de Jes\u00fas Pobre&nbsp;podremos&nbsp;degustar, conocer y comprar&nbsp;<strong><em>productos de la tierra<\/em><\/strong>&nbsp;directamente a sus agricultores.&nbsp; Un mont\u00f3n de paradas con frutas y verduras&nbsp;de temporada, cultivadas en bancales de la comarca,&nbsp;diversidad de panes, cocas saladas y dulces, pastelitos t\u00edpicos del lugar,, mermeladas&nbsp;caseras,&nbsp;aceite&nbsp;y&nbsp;vino del terreno har\u00e1n que disfrutes de un domingo diferente.  El&nbsp;Mercat&nbsp;del Riurau&nbsp;es un espacio de encuentro donde compartir&nbsp;momentos simp\u00e1ticos en familia o entre amigos en la barra del Riurau, con un buen vino y un aperitivo amenizado con m\u00fasica de autor.   <\/p>\n\n\n\n<p>El Horario de verano, del&nbsp;28  de Junio al 13 de Septiembre, ambos inclusive,&nbsp;es de 18,00 h a 23,00 h y el resto del a\u00f1o por las ma\u00f1anas de 9 a 14h. Descubre m\u00e1s detalles de \u00e9ste y otros mercadillos en nuestro blog <a rel=\"noreferrer noopener\" href=\"https:\/\/inmobiliaria-lex.com\/disfrutando-los-rastros-mercadillos-la-marina-alta\/\" target=\"_blank\">&#8220;Disfrutando de los rastros y Mercadillos de La Marina Alta&#8221;<\/a><\/p>\n\n\n\n<h4 class=\"has-luminous-vivid-orange-color has-text-color wp-block-heading\">* El Mercat de la Terra de Xal\u00f3<\/h4>\n\n\n\n<p>Cada s\u00e1bado, de 09 h a 14 h, se celebra el &#8220;Mercado de la Tierra&#8221; de Jal\u00f3n. Centrado en la agricultura ecol\u00f3gica y en productos tradicionales. El visitante encontrar\u00e1 m\u00e1s de 40 puestos de agricultores y productores de la zona. Espectaculares tomates, lechugas, huevos, vino, mistela ecol\u00f3gicos, capazos de llanta, jab\u00f3n &#8230; y mucho m\u00e1s. En cada edici\u00f3n se programan actividades l\u00fadicas para adultos y ni\u00f1os, conciertos, eventos gastron\u00f3micos &#8230;<\/p>\n\n\n\n<p class=\"has-text-color has-luminous-vivid-orange-color\">Si quieres disfrutar de esta programaci\u00f3n cultural en Denia y no tienes a\u00fan <strong>reserva de alquiler<\/strong> para tus vacaciones, <strong>te animamos a<\/strong> visitar nuestra p\u00e1gina web y a <strong>elegir una de nuestras viviendas vacacionale<\/strong>s: apartamento, bungalow, chalet en Playa Marinas, Rotas, casco urbano&#8230;. <\/p>\n\n\n\n<div class=\"wp-block-image\"><figure class=\"aligncenter size-large is-resized\"><a href=\"www.inmobiliaria-lex.com\"><img loading=\"lazy\" decoding=\"async\" src=\"https:\/\/inmobiliaria-lex.com\/wp-content\/uploads\/2020\/05\/pie-blog-naranja-1.png\" alt=\"Vacaciones Denia contacto\" class=\"wp-image-3978\" width=\"967\" height=\"125\" srcset=\"https:\/\/inmobiliaria-lex.com\/wp-content\/uploads\/2020\/05\/pie-blog-naranja-1.png 967w, https:\/\/inmobiliaria-lex.com\/wp-content\/uploads\/2020\/05\/pie-blog-naranja-1-480x62.png 480w\" sizes=\"(min-width: 0px) and (max-width: 480px) 480px, (min-width: 481px) 967px, 100vw\" \/><\/a><\/figure><\/div>\n\n\n\n<p><\/p>\n","protected":false},"excerpt":{"rendered":"<p>Deseamos que disfrut\u00e9is de Denia y para ello os facilitamos la programaci\u00f3n cultural del verano 2020 en Denia. Una programaci\u00f3n llena de musicalidad para subirnos el \u00e1nimo. En cada una de las actividades se adoptar\u00e1n las medidas de prevenci\u00f3n, higiene y distanciamiento social, como la limitaci\u00f3n de los aforos y la venta anticipada de entradas, [&hellip;]<\/p>\n","protected":false},"author":1,"featured_media":6096,"comment_status":"closed","ping_status":"closed","sticky":false,"template":"","format":"standard","meta":{"_et_pb_use_builder":"","_et_pb_old_content":"","_et_gb_content_width":"","footnotes":""},"categories":[29,175,35,30,176],"tags":[327,322,324,51,323,329,328,330,321,129,331,325,332],"class_list":["post-6086","post","type-post","status-publish","format-standard","has-post-thumbnail","hentry","category-actualidad-denia","category-blog-inmobiliario","category-denia","category-fiestas-denia","category-informacion-denia","tag-actividades-en-denia","tag-agenda-cultural-denia","tag-agenda-denia","tag-denia","tag-denia-cultura","tag-festival-musica-denia","tag-jazz-denia","tag-musica-al-castell","tag-programacion-cultural-denia","tag-que-hacer-en-denia","tag-torrecremada","tag-verano-en-denia","tag-visitar-denia"],"yoast_head":"<!-- This site is optimized with the Yoast SEO plugin v25.9 - https:\/\/yoast.com\/wordpress\/plugins\/seo\/ -->\n<title>Programaci\u00f3n cultural en Denia Verano 2020<\/title>\n<meta name=\"description\" content=\"Descubre la programaci\u00f3n cultural de Denia de este verano 2020: Festivales de M\u00fasica en Torrecremada, Jazz, Cine Vora mar, Feria de antig\u00fcedades, Riurau\" \/>\n<meta name=\"robots\" content=\"index, follow, max-snippet:-1, max-image-preview:large, max-video-preview:-1\" \/>\n<link rel=\"canonical\" href=\"https:\/\/inmobiliaria-lex.com\/ca\/programacion-cultural-denia-2020\/\" \/>\n<meta property=\"og:locale\" content=\"ca_ES\" \/>\n<meta property=\"og:type\" content=\"article\" \/>\n<meta property=\"og:title\" content=\"Programaci\u00f3n cultural en Denia Verano 2020\" \/>\n<meta property=\"og:description\" content=\"Descubre la programaci\u00f3n cultural de Denia de este verano 2020: Festivales de M\u00fasica en Torrecremada, Jazz, Cine Vora mar, Feria de antig\u00fcedades, Riurau\" \/>\n<meta property=\"og:url\" content=\"https:\/\/inmobiliaria-lex.com\/ca\/programacion-cultural-denia-2020\/\" \/>\n<meta property=\"og:site_name\" content=\"Agencia Inmobiliaria Lex D\u00e9nia\" \/>\n<meta property=\"article:publisher\" content=\"https:\/\/www.facebook.com\/LEXDENIA\" \/>\n<meta property=\"article:published_time\" content=\"2020-06-28T00:22:40+00:00\" \/>\n<meta property=\"article:modified_time\" content=\"2020-06-28T00:28:36+00:00\" \/>\n<meta property=\"og:image\" content=\"https:\/\/inmobiliaria-lex.com\/wp-content\/uploads\/2020\/06\/Programaci\u00f3n-Culttural-Denia-2020.jpg\" \/>\n\t<meta property=\"og:image:width\" content=\"940\" \/>\n\t<meta property=\"og:image:height\" content=\"788\" \/>\n\t<meta property=\"og:image:type\" content=\"image\/jpeg\" \/>\n<meta name=\"author\" content=\"inmobiliaria lex denia\" \/>\n<meta name=\"twitter:card\" content=\"summary_large_image\" \/>\n<meta name=\"twitter:label1\" content=\"Escrit per\" \/>\n\t<meta name=\"twitter:data1\" content=\"inmobiliaria lex denia\" \/>\n\t<meta name=\"twitter:label2\" content=\"Temps estimat de lectura\" \/>\n\t<meta name=\"twitter:data2\" content=\"7 minuts\" \/>\n<script type=\"application\/ld+json\" class=\"yoast-schema-graph\">{\"@context\":\"https:\/\/schema.org\",\"@graph\":[{\"@type\":\"Article\",\"@id\":\"https:\/\/inmobiliaria-lex.com\/ca\/programacion-cultural-denia-2020\/#article\",\"isPartOf\":{\"@id\":\"https:\/\/inmobiliaria-lex.com\/ca\/programacion-cultural-denia-2020\/\"},\"author\":{\"name\":\"inmobiliaria lex denia\",\"@id\":\"https:\/\/inmobiliaria-lex.com\/ca\/#\/schema\/person\/1aa994699b790066990c86d352ff8fec\"},\"headline\":\"Programaci\u00f3n cultural en Denia Verano 2020\",\"datePublished\":\"2020-06-28T00:22:40+00:00\",\"dateModified\":\"2020-06-28T00:28:36+00:00\",\"mainEntityOfPage\":{\"@id\":\"https:\/\/inmobiliaria-lex.com\/ca\/programacion-cultural-denia-2020\/\"},\"wordCount\":1320,\"publisher\":{\"@id\":\"https:\/\/inmobiliaria-lex.com\/ca\/#organization\"},\"image\":{\"@id\":\"https:\/\/inmobiliaria-lex.com\/ca\/programacion-cultural-denia-2020\/#primaryimage\"},\"thumbnailUrl\":\"https:\/\/inmobiliaria-lex.com\/wp-content\/uploads\/2020\/06\/Programaci\u00f3n-Culttural-Denia-2020.jpg\",\"keywords\":[\"actividades en Denia\",\"agenda cultural Denia\",\"Agenda Denia\",\"Denia\",\"Denia cultura\",\"festival musica Denia\",\"jazz Denia\",\"musica al castell\",\"programacion cultural Denia\",\"que hacer en Denia\",\"Torrecremada\",\"verano en Denia\",\"visitar Denia\"],\"articleSection\":[\"Actualidad D\u00e9nia\",\"Blog inmobiliario\",\"D\u00e9nia\",\"Fiestas D\u00e9nia\",\"Informaci\u00f3n D\u00e9nia\"],\"inLanguage\":\"ca\"},{\"@type\":\"WebPage\",\"@id\":\"https:\/\/inmobiliaria-lex.com\/ca\/programacion-cultural-denia-2020\/\",\"url\":\"https:\/\/inmobiliaria-lex.com\/ca\/programacion-cultural-denia-2020\/\",\"name\":\"Programaci\u00f3n cultural en Denia Verano 2020\",\"isPartOf\":{\"@id\":\"https:\/\/inmobiliaria-lex.com\/ca\/#website\"},\"primaryImageOfPage\":{\"@id\":\"https:\/\/inmobiliaria-lex.com\/ca\/programacion-cultural-denia-2020\/#primaryimage\"},\"image\":{\"@id\":\"https:\/\/inmobiliaria-lex.com\/ca\/programacion-cultural-denia-2020\/#primaryimage\"},\"thumbnailUrl\":\"https:\/\/inmobiliaria-lex.com\/wp-content\/uploads\/2020\/06\/Programaci\u00f3n-Culttural-Denia-2020.jpg\",\"datePublished\":\"2020-06-28T00:22:40+00:00\",\"dateModified\":\"2020-06-28T00:28:36+00:00\",\"description\":\"Descubre la programaci\u00f3n cultural de Denia de este verano 2020: Festivales de M\u00fasica en Torrecremada, Jazz, Cine Vora mar, Feria de antig\u00fcedades, Riurau\",\"breadcrumb\":{\"@id\":\"https:\/\/inmobiliaria-lex.com\/ca\/programacion-cultural-denia-2020\/#breadcrumb\"},\"inLanguage\":\"ca\",\"potentialAction\":[{\"@type\":\"ReadAction\",\"target\":[\"https:\/\/inmobiliaria-lex.com\/ca\/programacion-cultural-denia-2020\/\"]}]},{\"@type\":\"ImageObject\",\"inLanguage\":\"ca\",\"@id\":\"https:\/\/inmobiliaria-lex.com\/ca\/programacion-cultural-denia-2020\/#primaryimage\",\"url\":\"https:\/\/inmobiliaria-lex.com\/wp-content\/uploads\/2020\/06\/Programaci\u00f3n-Culttural-Denia-2020.jpg\",\"contentUrl\":\"https:\/\/inmobiliaria-lex.com\/wp-content\/uploads\/2020\/06\/Programaci\u00f3n-Culttural-Denia-2020.jpg\",\"width\":940,\"height\":788,\"caption\":\"Programacion-cultural-Denia-2020\"},{\"@type\":\"BreadcrumbList\",\"@id\":\"https:\/\/inmobiliaria-lex.com\/ca\/programacion-cultural-denia-2020\/#breadcrumb\",\"itemListElement\":[{\"@type\":\"ListItem\",\"position\":1,\"name\":\"Portada\",\"item\":\"https:\/\/inmobiliaria-lex.com\/ca\/\"},{\"@type\":\"ListItem\",\"position\":2,\"name\":\"Programaci\u00f3n cultural en Denia Verano 2020\"}]},{\"@type\":\"WebSite\",\"@id\":\"https:\/\/inmobiliaria-lex.com\/ca\/#website\",\"url\":\"https:\/\/inmobiliaria-lex.com\/ca\/\",\"name\":\"Inmobiliaria Lex D\u00e9nia\",\"description\":\"Inmobiliaria en D\u00e9nia\",\"publisher\":{\"@id\":\"https:\/\/inmobiliaria-lex.com\/ca\/#organization\"},\"potentialAction\":[{\"@type\":\"SearchAction\",\"target\":{\"@type\":\"EntryPoint\",\"urlTemplate\":\"https:\/\/inmobiliaria-lex.com\/ca\/?s={search_term_string}\"},\"query-input\":{\"@type\":\"PropertyValueSpecification\",\"valueRequired\":true,\"valueName\":\"search_term_string\"}}],\"inLanguage\":\"ca\"},{\"@type\":\"Organization\",\"@id\":\"https:\/\/inmobiliaria-lex.com\/ca\/#organization\",\"name\":\"Agencia Inmobiliaria Lex. D\u00e9nia\",\"url\":\"https:\/\/inmobiliaria-lex.com\/ca\/\",\"logo\":{\"@type\":\"ImageObject\",\"inLanguage\":\"ca\",\"@id\":\"https:\/\/inmobiliaria-lex.com\/ca\/#\/schema\/logo\/image\/\",\"url\":\"https:\/\/inmobiliaria-lex.com\/wp-content\/uploads\/2020\/02\/inmobiliaria_lex_denia.png\",\"contentUrl\":\"https:\/\/inmobiliaria-lex.com\/wp-content\/uploads\/2020\/02\/inmobiliaria_lex_denia.png\",\"width\":176,\"height\":111,\"caption\":\"Agencia Inmobiliaria Lex. D\u00e9nia\"},\"image\":{\"@id\":\"https:\/\/inmobiliaria-lex.com\/ca\/#\/schema\/logo\/image\/\"},\"sameAs\":[\"https:\/\/www.facebook.com\/LEXDENIA\",\"https:\/\/www.instagram.com\/deniainmolex\/\"]},{\"@type\":\"Person\",\"@id\":\"https:\/\/inmobiliaria-lex.com\/ca\/#\/schema\/person\/1aa994699b790066990c86d352ff8fec\",\"name\":\"inmobiliaria lex denia\",\"image\":{\"@type\":\"ImageObject\",\"inLanguage\":\"ca\",\"@id\":\"https:\/\/inmobiliaria-lex.com\/ca\/#\/schema\/person\/image\/\",\"url\":\"https:\/\/secure.gravatar.com\/avatar\/4843a7e97f3a2d82ecb361a9c26707d2e6c75f4002ff82a72ff5f4e5fef8ae3a?s=96&d=mm&r=g\",\"contentUrl\":\"https:\/\/secure.gravatar.com\/avatar\/4843a7e97f3a2d82ecb361a9c26707d2e6c75f4002ff82a72ff5f4e5fef8ae3a?s=96&d=mm&r=g\",\"caption\":\"inmobiliaria lex denia\"}}]}<\/script>\n<!-- \/ Yoast SEO plugin. -->","yoast_head_json":{"title":"Programaci\u00f3n cultural en Denia Verano 2020","description":"Descubre la programaci\u00f3n cultural de Denia de este verano 2020: Festivales de M\u00fasica en Torrecremada, Jazz, Cine Vora mar, Feria de antig\u00fcedades, Riurau","robots":{"index":"index","follow":"follow","max-snippet":"max-snippet:-1","max-image-preview":"max-image-preview:large","max-video-preview":"max-video-preview:-1"},"canonical":"https:\/\/inmobiliaria-lex.com\/ca\/programacion-cultural-denia-2020\/","og_locale":"ca_ES","og_type":"article","og_title":"Programaci\u00f3n cultural en Denia Verano 2020","og_description":"Descubre la programaci\u00f3n cultural de Denia de este verano 2020: Festivales de M\u00fasica en Torrecremada, Jazz, Cine Vora mar, Feria de antig\u00fcedades, Riurau","og_url":"https:\/\/inmobiliaria-lex.com\/ca\/programacion-cultural-denia-2020\/","og_site_name":"Agencia Inmobiliaria Lex D\u00e9nia","article_publisher":"https:\/\/www.facebook.com\/LEXDENIA","article_published_time":"2020-06-28T00:22:40+00:00","article_modified_time":"2020-06-28T00:28:36+00:00","og_image":[{"width":940,"height":788,"url":"https:\/\/inmobiliaria-lex.com\/wp-content\/uploads\/2020\/06\/Programaci\u00f3n-Culttural-Denia-2020.jpg","type":"image\/jpeg"}],"author":"inmobiliaria lex denia","twitter_card":"summary_large_image","twitter_misc":{"Escrit per":"inmobiliaria lex denia","Temps estimat de lectura":"7 minuts"},"schema":{"@context":"https:\/\/schema.org","@graph":[{"@type":"Article","@id":"https:\/\/inmobiliaria-lex.com\/ca\/programacion-cultural-denia-2020\/#article","isPartOf":{"@id":"https:\/\/inmobiliaria-lex.com\/ca\/programacion-cultural-denia-2020\/"},"author":{"name":"inmobiliaria lex denia","@id":"https:\/\/inmobiliaria-lex.com\/ca\/#\/schema\/person\/1aa994699b790066990c86d352ff8fec"},"headline":"Programaci\u00f3n cultural en Denia Verano 2020","datePublished":"2020-06-28T00:22:40+00:00","dateModified":"2020-06-28T00:28:36+00:00","mainEntityOfPage":{"@id":"https:\/\/inmobiliaria-lex.com\/ca\/programacion-cultural-denia-2020\/"},"wordCount":1320,"publisher":{"@id":"https:\/\/inmobiliaria-lex.com\/ca\/#organization"},"image":{"@id":"https:\/\/inmobiliaria-lex.com\/ca\/programacion-cultural-denia-2020\/#primaryimage"},"thumbnailUrl":"https:\/\/inmobiliaria-lex.com\/wp-content\/uploads\/2020\/06\/Programaci\u00f3n-Culttural-Denia-2020.jpg","keywords":["actividades en Denia","agenda cultural Denia","Agenda Denia","Denia","Denia cultura","festival musica Denia","jazz Denia","musica al castell","programacion cultural Denia","que hacer en Denia","Torrecremada","verano en Denia","visitar Denia"],"articleSection":["Actualidad D\u00e9nia","Blog inmobiliario","D\u00e9nia","Fiestas D\u00e9nia","Informaci\u00f3n D\u00e9nia"],"inLanguage":"ca"},{"@type":"WebPage","@id":"https:\/\/inmobiliaria-lex.com\/ca\/programacion-cultural-denia-2020\/","url":"https:\/\/inmobiliaria-lex.com\/ca\/programacion-cultural-denia-2020\/","name":"Programaci\u00f3n cultural en Denia Verano 2020","isPartOf":{"@id":"https:\/\/inmobiliaria-lex.com\/ca\/#website"},"primaryImageOfPage":{"@id":"https:\/\/inmobiliaria-lex.com\/ca\/programacion-cultural-denia-2020\/#primaryimage"},"image":{"@id":"https:\/\/inmobiliaria-lex.com\/ca\/programacion-cultural-denia-2020\/#primaryimage"},"thumbnailUrl":"https:\/\/inmobiliaria-lex.com\/wp-content\/uploads\/2020\/06\/Programaci\u00f3n-Culttural-Denia-2020.jpg","datePublished":"2020-06-28T00:22:40+00:00","dateModified":"2020-06-28T00:28:36+00:00","description":"Descubre la programaci\u00f3n cultural de Denia de este verano 2020: Festivales de M\u00fasica en Torrecremada, Jazz, Cine Vora mar, Feria de antig\u00fcedades, Riurau","breadcrumb":{"@id":"https:\/\/inmobiliaria-lex.com\/ca\/programacion-cultural-denia-2020\/#breadcrumb"},"inLanguage":"ca","potentialAction":[{"@type":"ReadAction","target":["https:\/\/inmobiliaria-lex.com\/ca\/programacion-cultural-denia-2020\/"]}]},{"@type":"ImageObject","inLanguage":"ca","@id":"https:\/\/inmobiliaria-lex.com\/ca\/programacion-cultural-denia-2020\/#primaryimage","url":"https:\/\/inmobiliaria-lex.com\/wp-content\/uploads\/2020\/06\/Programaci\u00f3n-Culttural-Denia-2020.jpg","contentUrl":"https:\/\/inmobiliaria-lex.com\/wp-content\/uploads\/2020\/06\/Programaci\u00f3n-Culttural-Denia-2020.jpg","width":940,"height":788,"caption":"Programacion-cultural-Denia-2020"},{"@type":"BreadcrumbList","@id":"https:\/\/inmobiliaria-lex.com\/ca\/programacion-cultural-denia-2020\/#breadcrumb","itemListElement":[{"@type":"ListItem","position":1,"name":"Portada","item":"https:\/\/inmobiliaria-lex.com\/ca\/"},{"@type":"ListItem","position":2,"name":"Programaci\u00f3n cultural en Denia Verano 2020"}]},{"@type":"WebSite","@id":"https:\/\/inmobiliaria-lex.com\/ca\/#website","url":"https:\/\/inmobiliaria-lex.com\/ca\/","name":"Inmobiliaria Lex D\u00e9nia","description":"Inmobiliaria en D\u00e9nia","publisher":{"@id":"https:\/\/inmobiliaria-lex.com\/ca\/#organization"},"potentialAction":[{"@type":"SearchAction","target":{"@type":"EntryPoint","urlTemplate":"https:\/\/inmobiliaria-lex.com\/ca\/?s={search_term_string}"},"query-input":{"@type":"PropertyValueSpecification","valueRequired":true,"valueName":"search_term_string"}}],"inLanguage":"ca"},{"@type":"Organization","@id":"https:\/\/inmobiliaria-lex.com\/ca\/#organization","name":"Agencia Inmobiliaria Lex. D\u00e9nia","url":"https:\/\/inmobiliaria-lex.com\/ca\/","logo":{"@type":"ImageObject","inLanguage":"ca","@id":"https:\/\/inmobiliaria-lex.com\/ca\/#\/schema\/logo\/image\/","url":"https:\/\/inmobiliaria-lex.com\/wp-content\/uploads\/2020\/02\/inmobiliaria_lex_denia.png","contentUrl":"https:\/\/inmobiliaria-lex.com\/wp-content\/uploads\/2020\/02\/inmobiliaria_lex_denia.png","width":176,"height":111,"caption":"Agencia Inmobiliaria Lex. D\u00e9nia"},"image":{"@id":"https:\/\/inmobiliaria-lex.com\/ca\/#\/schema\/logo\/image\/"},"sameAs":["https:\/\/www.facebook.com\/LEXDENIA","https:\/\/www.instagram.com\/deniainmolex\/"]},{"@type":"Person","@id":"https:\/\/inmobiliaria-lex.com\/ca\/#\/schema\/person\/1aa994699b790066990c86d352ff8fec","name":"inmobiliaria lex denia","image":{"@type":"ImageObject","inLanguage":"ca","@id":"https:\/\/inmobiliaria-lex.com\/ca\/#\/schema\/person\/image\/","url":"https:\/\/secure.gravatar.com\/avatar\/4843a7e97f3a2d82ecb361a9c26707d2e6c75f4002ff82a72ff5f4e5fef8ae3a?s=96&d=mm&r=g","contentUrl":"https:\/\/secure.gravatar.com\/avatar\/4843a7e97f3a2d82ecb361a9c26707d2e6c75f4002ff82a72ff5f4e5fef8ae3a?s=96&d=mm&r=g","caption":"inmobiliaria lex denia"}}]}},"_links":{"self":[{"href":"https:\/\/inmobiliaria-lex.com\/ca\/wp-json\/wp\/v2\/posts\/6086","targetHints":{"allow":["GET"]}}],"collection":[{"href":"https:\/\/inmobiliaria-lex.com\/ca\/wp-json\/wp\/v2\/posts"}],"about":[{"href":"https:\/\/inmobiliaria-lex.com\/ca\/wp-json\/wp\/v2\/types\/post"}],"author":[{"embeddable":true,"href":"https:\/\/inmobiliaria-lex.com\/ca\/wp-json\/wp\/v2\/users\/1"}],"replies":[{"embeddable":true,"href":"https:\/\/inmobiliaria-lex.com\/ca\/wp-json\/wp\/v2\/comments?post=6086"}],"version-history":[{"count":0,"href":"https:\/\/inmobiliaria-lex.com\/ca\/wp-json\/wp\/v2\/posts\/6086\/revisions"}],"wp:featuredmedia":[{"embeddable":true,"href":"https:\/\/inmobiliaria-lex.com\/ca\/wp-json\/wp\/v2\/media\/6096"}],"wp:attachment":[{"href":"https:\/\/inmobiliaria-lex.com\/ca\/wp-json\/wp\/v2\/media?parent=6086"}],"wp:term":[{"taxonomy":"category","embeddable":true,"href":"https:\/\/inmobiliaria-lex.com\/ca\/wp-json\/wp\/v2\/categories?post=6086"},{"taxonomy":"post_tag","embeddable":true,"href":"https:\/\/inmobiliaria-lex.com\/ca\/wp-json\/wp\/v2\/tags?post=6086"}],"curies":[{"name":"wp","href":"https:\/\/api.w.org\/{rel}","templated":true}]}}