{"id":1488,"date":"2018-02-09T17:18:15","date_gmt":"2018-02-09T17:18:15","guid":{"rendered":"https:\/\/inmobiliaria-lex.com\/?p=1488"},"modified":"2020-06-17T15:43:33","modified_gmt":"2020-06-17T15:43:33","slug":"oferta-denia-semana-santa-pascua-2018","status":"publish","type":"post","link":"https:\/\/inmobiliaria-lex.com\/en\/oferta-denia-semana-santa-pascua-2018\/","title":{"rendered":"Oferta D\u00e9nia Semana Santa y Pascua 2018"},"content":{"rendered":"<p><a href=\"https:\/\/inmobiliaria-lex.com\/wp-content\/uploads\/2018\/02\/OFERTA-SEMANA-SANTA-DENIA.jpg\"><img loading=\"lazy\" decoding=\"async\" class=\"alignnone wp-image-1491\" src=\"https:\/\/inmobiliaria-lex.com\/wp-content\/uploads\/2018\/02\/OFERTA-SEMANA-SANTA-DENIA-300x300.jpg\" alt=\"\" width=\"837\" height=\"837\"><\/a><\/p>\n<p><strong>Consulte nuestras viviendas para sus vacaciones de SEMANA SANTA Y PASCUA del 2018.<\/strong><\/p>\n\n\t\t<div class='et_quote'>\n\t\t\t<div class='et_right_quote'>\n\t\t\t\tEn algunas de las viviendas a partir del 5\u00ba d\u00eda precio reducido.\n\t\t\t\t\n\t\t\t<\/div>\n\t\t\t<span class='et_quote_sign'><\/span>\n\t\t<\/div>\n\t\n<p><a href='#' class='small-button small#COLOR_CODE'>Consultar nuestros inmuebles para alquiler tur\u00edstico<\/a><br \/>\n<strong>INDIQUE LA REFERENCIA EN NUESTRO BUSCADOR Y PODR\u00c1 VER LA&nbsp;DESCRIPCI\u00d3N&nbsp;Y&nbsp;FOTOGRAF\u00cdAS&nbsp;DE&nbsp;LAS&nbsp;SIGUIENTES OFERTAS<\/strong><\/p>\n<ul>\n<li><strong>PRECIOS para 4 d\u00edas<\/strong>.&nbsp; A partir del 5\u00ba d\u00eda precio especial.<\/li>\n<li>Consulte los descuentos de alquiler <strong>Mes completo.<\/strong><\/li>\n<\/ul>\n<p><strong><span style=\"color: #ff6600;\"><em>BAHIA AZUL. <\/em><\/span><em>1\u00aa L\u00ednea playa. Piscinas de distintas profundidades. <\/em><em><br \/>\n<\/em><\/strong><em><strong>Ref. 431: 2 do<\/strong>rmitorios Pax: 4\/5.&nbsp; &nbsp;4 d\u00edas:&nbsp;<\/em><span style=\"color: #ff6600;\"><strong><em>450 \u20ac <\/em><\/strong><em>d\u00eda extra a <\/em><strong><em>53&nbsp; \u20ac<\/em><\/strong><\/span><\/p>\n<p><em>Ref. 354:&nbsp;3 dormitorios Pax: 6.&nbsp; &nbsp; &nbsp; 4 d\u00edas:&nbsp;&nbsp;<\/em><span style=\"color: #ff6600;\"><strong><em>516 \u20ac<\/em><\/strong><em>&nbsp;d\u00eda extra a <strong>63&nbsp;\u20ac<\/strong>&nbsp;<\/em><\/span><\/p>\n<p><span style=\"color: #ff6600;\"><strong><em>MEDINA MOLINS. <\/em><\/strong><\/span><em>Planta baja con amplia terraza. 1\u00aa l\u00ednea de playa.&nbsp; A\/A.<br \/>\n<\/em><em>Ref 2088:&nbsp;2 &nbsp;dormitorios \u2013 Pax 4\/5.&nbsp; &nbsp; 4 d\u00edas: <\/em><span style=\"color: #ff6600;\"><strong><em>512&nbsp; \u20ac&nbsp;&nbsp;<\/em><\/strong><em>d\u00eda extra&nbsp;<strong>60&nbsp;\u20ac<\/strong><\/em><\/span><\/p>\n<p><span style=\"color: #ff6600;\"><strong><em>LUZ MEDITERRANEO<\/em><\/strong><\/span><em><span style=\"color: #ff6600;\">.<\/span>&nbsp; Las Marinas. Cerca supermercado Consum. Planta baja<br \/>\n<\/em><em>Ref. 356:&nbsp; &nbsp;2 dormitorios &#8211; Pax 4\/5.&nbsp;4 d\u00edas:&nbsp;<span style=\"color: #ff6600;\"><strong>468 \u20ac <\/strong>d\u00eda extra a <strong>53&nbsp; \u20ac<\/strong><\/span><\/em><\/p>\n<p><span style=\"color: #ff6600;\"><strong><em>CATAMAR\u00c1N:&nbsp;<\/em><\/strong><\/span><em>&nbsp;1\u00aa L\u00ednea de playa. Del jard\u00edn a la arena. Planta baja. Jard\u00edn y piscina.<br \/>\n<\/em><em>Ref. 312: 2 dormitorios. Pax: 4\/5 . 4 d\u00edas:<\/em><strong><em>&nbsp;<span style=\"color: #ff6600;\">496&nbsp; \u20ac&nbsp;&nbsp;<\/span><\/em><\/strong><em><span style=\"color: #ff6600;\">d\u00eda extra a&nbsp;<\/span><\/em><strong><em><span style=\"color: #ff6600;\">59&nbsp; \u20ac<\/span><\/em><\/strong><\/p>\n<p><span style=\"color: #ff6600;\"><strong><em>LAS BRISAS:&nbsp;<\/em><\/strong><\/span><em>&nbsp;1\u00aa L\u00ednea de playa.&nbsp; Jard\u00edn y piscina.<br \/>\n<\/em><em>Ref. 2415: 2 dormitorios. Pax: 4\/5 &nbsp;<\/em><em>Desde<\/em><strong><em> <span style=\"color: #ff6600;\">448&nbsp; \u20ac&nbsp;&nbsp;<\/span><\/em><\/strong><em><span style=\"color: #ff6600;\">d\u00eda extra a<\/span><\/em><strong><em><span style=\"color: #ff6600;\">&nbsp;50&nbsp; \u20ac<\/span><br \/>\n<\/em><\/strong><\/p>\n<p><strong><em><span style=\"color: #ff6600;\">MARINA CHAB\u00c1S:&nbsp;<\/span><\/em><\/strong><em>Cerca de D\u00e9nia y de playa. Piscina. Padel. A\/A<br \/>\n<\/em><em>Ref. 382 \u2013 Bungalow 3 dormitorios \u2013 Pax: 6\u2026 <\/em><span style=\"color: #ff6600;\"><strong><em>516 \u20ac&nbsp;<\/em><\/strong><em>d\u00eda extra a<\/em><strong><em>&nbsp;63&nbsp; \u20ac<\/em><\/strong><\/span><\/p>\n<p><strong><em><span style=\"color: #ff6600;\">LA FAMILIA.<\/span>&nbsp;<\/em><\/strong><em>Apartamento con Vistas panor\u00e1micas al mar. Salida directa a la arena. A\/A.<br \/>\n<\/em><\/p>\n<p><em>Ref. 2195<strong>:<\/strong> 3&nbsp; dormitorios \u2013 Pax 4\/5:&nbsp;<\/em><strong><em><span style=\"color: #ff6600;\">480&nbsp; \u20ac <\/span><\/em><\/strong><em><span style=\"color: #ff6600;\">d\u00eda extra a<\/span><\/em><strong><em><span style=\"color: #ff6600;\">&nbsp;59&nbsp; \u20ac<\/span><br \/>\n<\/em><\/strong><\/p>\n","protected":false},"excerpt":{"rendered":"<p>Consulte nuestras viviendas para sus vacaciones de SEMANA SANTA Y PASCUA del 2018. INDIQUE LA REFERENCIA EN NUESTRO BUSCADOR Y PODR\u00c1 VER LA&nbsp;DESCRIPCI\u00d3N&nbsp;Y&nbsp;FOTOGRAF\u00cdAS&nbsp;DE&nbsp;LAS&nbsp;SIGUIENTES OFERTAS PRECIOS para 4 d\u00edas.&nbsp; A partir del 5\u00ba d\u00eda precio especial. Consulte los descuentos de alquiler Mes completo. BAHIA AZUL. 1\u00aa L\u00ednea playa. Piscinas de distintas profundidades. Ref. 431: 2 dormitorios [&hellip;]<\/p>\n","protected":false},"author":1,"featured_media":5952,"comment_status":"closed","ping_status":"open","sticky":false,"template":"","format":"standard","meta":{"_et_pb_use_builder":"","_et_pb_old_content":"","_et_gb_content_width":"","footnotes":""},"categories":[175,181],"tags":[57,177,163,164,179,51,185,165,186,166,187,60,188,121,169,170,172,173,189],"class_list":["post-1488","post","type-post","status-publish","format-standard","has-post-thumbnail","hentry","category-blog-inmobiliario","category-ofertas-alquiler-denia","tag-alquiler-denia","tag-apartamento-denia","tag-apartamentos-denia","tag-chalet-denia","tag-costa-blanca","tag-denia","tag-denia-ciudad-gastronomica","tag-denia-turismo","tag-fallas","tag-fallas-denia","tag-holidays-denia","tag-location-denia","tag-pascua-denia","tag-restaurantes-denia","tag-semana-santa-denia","tag-turismo-denia","tag-vacaciones-denia","tag-vacances-denia","tag-villa-denia"],"yoast_head":"<!-- This site is optimized with the Yoast SEO plugin v25.9 - https:\/\/yoast.com\/wordpress\/plugins\/seo\/ -->\n<title>Oferta D\u00e9nia Semana Santa y Pascua 2018 | Agencia Inmobiliaria Lex D\u00e9nia<\/title>\n<meta name=\"robots\" content=\"index, follow, max-snippet:-1, max-image-preview:large, max-video-preview:-1\" \/>\n<link rel=\"canonical\" href=\"https:\/\/inmobiliaria-lex.com\/en\/oferta-denia-semana-santa-pascua-2018\/\" \/>\n<meta property=\"og:locale\" content=\"en_US\" \/>\n<meta property=\"og:type\" content=\"article\" \/>\n<meta property=\"og:title\" content=\"Oferta D\u00e9nia Semana Santa y Pascua 2018 | Agencia Inmobiliaria Lex D\u00e9nia\" \/>\n<meta property=\"og:description\" content=\"Consulte nuestras viviendas para sus vacaciones de SEMANA SANTA Y PASCUA del 2018. INDIQUE LA REFERENCIA EN NUESTRO BUSCADOR Y PODR\u00c1 VER LA&nbsp;DESCRIPCI\u00d3N&nbsp;Y&nbsp;FOTOGRAF\u00cdAS&nbsp;DE&nbsp;LAS&nbsp;SIGUIENTES OFERTAS PRECIOS para 4 d\u00edas.&nbsp; A partir del 5\u00ba d\u00eda precio especial. Consulte los descuentos de alquiler Mes completo. BAHIA AZUL. 1\u00aa L\u00ednea playa. Piscinas de distintas profundidades. Ref. 431: 2 dormitorios [&hellip;]\" \/>\n<meta property=\"og:url\" content=\"https:\/\/inmobiliaria-lex.com\/en\/oferta-denia-semana-santa-pascua-2018\/\" \/>\n<meta property=\"og:site_name\" content=\"Agencia Inmobiliaria Lex D\u00e9nia\" \/>\n<meta property=\"article:publisher\" content=\"https:\/\/www.facebook.com\/LEXDENIA\" \/>\n<meta property=\"article:published_time\" content=\"2018-02-09T17:18:15+00:00\" \/>\n<meta property=\"article:modified_time\" content=\"2020-06-17T15:43:33+00:00\" \/>\n<meta property=\"og:image\" content=\"https:\/\/inmobiliaria-lex.com\/wp-content\/uploads\/2020\/06\/playa-marina-raset.jpg\" \/>\n\t<meta property=\"og:image:width\" content=\"860\" \/>\n\t<meta property=\"og:image:height\" content=\"596\" \/>\n\t<meta property=\"og:image:type\" content=\"image\/jpeg\" \/>\n<meta name=\"author\" content=\"inmobiliaria lex denia\" \/>\n<meta name=\"twitter:card\" content=\"summary_large_image\" \/>\n<meta name=\"twitter:label1\" content=\"Written by\" \/>\n\t<meta name=\"twitter:data1\" content=\"inmobiliaria lex denia\" \/>\n\t<meta name=\"twitter:label2\" content=\"Est. reading time\" \/>\n\t<meta name=\"twitter:data2\" content=\"2 minutes\" \/>\n<script type=\"application\/ld+json\" class=\"yoast-schema-graph\">{\"@context\":\"https:\/\/schema.org\",\"@graph\":[{\"@type\":\"Article\",\"@id\":\"https:\/\/inmobiliaria-lex.com\/en\/oferta-denia-semana-santa-pascua-2018\/#article\",\"isPartOf\":{\"@id\":\"https:\/\/inmobiliaria-lex.com\/en\/oferta-denia-semana-santa-pascua-2018\/\"},\"author\":{\"name\":\"inmobiliaria lex denia\",\"@id\":\"https:\/\/inmobiliaria-lex.com\/en\/#\/schema\/person\/1aa994699b790066990c86d352ff8fec\"},\"headline\":\"Oferta D\u00e9nia Semana Santa y Pascua 2018\",\"datePublished\":\"2018-02-09T17:18:15+00:00\",\"dateModified\":\"2020-06-17T15:43:33+00:00\",\"mainEntityOfPage\":{\"@id\":\"https:\/\/inmobiliaria-lex.com\/en\/oferta-denia-semana-santa-pascua-2018\/\"},\"wordCount\":315,\"publisher\":{\"@id\":\"https:\/\/inmobiliaria-lex.com\/en\/#organization\"},\"image\":{\"@id\":\"https:\/\/inmobiliaria-lex.com\/en\/oferta-denia-semana-santa-pascua-2018\/#primaryimage\"},\"thumbnailUrl\":\"https:\/\/inmobiliaria-lex.com\/wp-content\/uploads\/2020\/06\/playa-marina-raset.jpg\",\"keywords\":[\"alquiler Denia\",\"apartamento Denia\",\"Apartamentos Denia\",\"Chalet Denia\",\"Costa Blanca\",\"Denia\",\"Denia ciudad gastron\u00f3mica\",\"Denia turismo\",\"Fallas\",\"Fallas Denia\",\"Holidays Denia\",\"location Denia\",\"pascua D\u00e9nia\",\"restaurantes denia\",\"Semana Santa Denia\",\"Turismo Denia\",\"Vacaciones D\u00e9nia\",\"Vacances D\u00e9nia\",\"Villa Denia\"],\"articleSection\":[\"Blog inmobiliario\",\"Ofertas alquiler D\u00e9nia\"],\"inLanguage\":\"en-US\"},{\"@type\":\"WebPage\",\"@id\":\"https:\/\/inmobiliaria-lex.com\/en\/oferta-denia-semana-santa-pascua-2018\/\",\"url\":\"https:\/\/inmobiliaria-lex.com\/en\/oferta-denia-semana-santa-pascua-2018\/\",\"name\":\"Oferta D\u00e9nia Semana Santa y Pascua 2018 | Agencia Inmobiliaria Lex D\u00e9nia\",\"isPartOf\":{\"@id\":\"https:\/\/inmobiliaria-lex.com\/en\/#website\"},\"primaryImageOfPage\":{\"@id\":\"https:\/\/inmobiliaria-lex.com\/en\/oferta-denia-semana-santa-pascua-2018\/#primaryimage\"},\"image\":{\"@id\":\"https:\/\/inmobiliaria-lex.com\/en\/oferta-denia-semana-santa-pascua-2018\/#primaryimage\"},\"thumbnailUrl\":\"https:\/\/inmobiliaria-lex.com\/wp-content\/uploads\/2020\/06\/playa-marina-raset.jpg\",\"datePublished\":\"2018-02-09T17:18:15+00:00\",\"dateModified\":\"2020-06-17T15:43:33+00:00\",\"breadcrumb\":{\"@id\":\"https:\/\/inmobiliaria-lex.com\/en\/oferta-denia-semana-santa-pascua-2018\/#breadcrumb\"},\"inLanguage\":\"en-US\",\"potentialAction\":[{\"@type\":\"ReadAction\",\"target\":[\"https:\/\/inmobiliaria-lex.com\/en\/oferta-denia-semana-santa-pascua-2018\/\"]}]},{\"@type\":\"ImageObject\",\"inLanguage\":\"en-US\",\"@id\":\"https:\/\/inmobiliaria-lex.com\/en\/oferta-denia-semana-santa-pascua-2018\/#primaryimage\",\"url\":\"https:\/\/inmobiliaria-lex.com\/wp-content\/uploads\/2020\/06\/playa-marina-raset.jpg\",\"contentUrl\":\"https:\/\/inmobiliaria-lex.com\/wp-content\/uploads\/2020\/06\/playa-marina-raset.jpg\",\"width\":860,\"height\":596,\"caption\":\"Vacaciones Denia\"},{\"@type\":\"BreadcrumbList\",\"@id\":\"https:\/\/inmobiliaria-lex.com\/en\/oferta-denia-semana-santa-pascua-2018\/#breadcrumb\",\"itemListElement\":[{\"@type\":\"ListItem\",\"position\":1,\"name\":\"Portada\",\"item\":\"https:\/\/inmobiliaria-lex.com\/en\/inicio\/\"},{\"@type\":\"ListItem\",\"position\":2,\"name\":\"Oferta D\u00e9nia Semana Santa y Pascua 2018\"}]},{\"@type\":\"WebSite\",\"@id\":\"https:\/\/inmobiliaria-lex.com\/en\/#website\",\"url\":\"https:\/\/inmobiliaria-lex.com\/en\/\",\"name\":\"Inmobiliaria Lex D\u00e9nia\",\"description\":\"Inmobiliaria en D\u00e9nia\",\"publisher\":{\"@id\":\"https:\/\/inmobiliaria-lex.com\/en\/#organization\"},\"potentialAction\":[{\"@type\":\"SearchAction\",\"target\":{\"@type\":\"EntryPoint\",\"urlTemplate\":\"https:\/\/inmobiliaria-lex.com\/en\/?s={search_term_string}\"},\"query-input\":{\"@type\":\"PropertyValueSpecification\",\"valueRequired\":true,\"valueName\":\"search_term_string\"}}],\"inLanguage\":\"en-US\"},{\"@type\":\"Organization\",\"@id\":\"https:\/\/inmobiliaria-lex.com\/en\/#organization\",\"name\":\"Agencia Inmobiliaria Lex. D\u00e9nia\",\"url\":\"https:\/\/inmobiliaria-lex.com\/en\/\",\"logo\":{\"@type\":\"ImageObject\",\"inLanguage\":\"en-US\",\"@id\":\"https:\/\/inmobiliaria-lex.com\/en\/#\/schema\/logo\/image\/\",\"url\":\"https:\/\/inmobiliaria-lex.com\/wp-content\/uploads\/2020\/02\/inmobiliaria_lex_denia.png\",\"contentUrl\":\"https:\/\/inmobiliaria-lex.com\/wp-content\/uploads\/2020\/02\/inmobiliaria_lex_denia.png\",\"width\":176,\"height\":111,\"caption\":\"Agencia Inmobiliaria Lex. D\u00e9nia\"},\"image\":{\"@id\":\"https:\/\/inmobiliaria-lex.com\/en\/#\/schema\/logo\/image\/\"},\"sameAs\":[\"https:\/\/www.facebook.com\/LEXDENIA\",\"https:\/\/www.instagram.com\/deniainmolex\/\"]},{\"@type\":\"Person\",\"@id\":\"https:\/\/inmobiliaria-lex.com\/en\/#\/schema\/person\/1aa994699b790066990c86d352ff8fec\",\"name\":\"inmobiliaria lex denia\",\"image\":{\"@type\":\"ImageObject\",\"inLanguage\":\"en-US\",\"@id\":\"https:\/\/inmobiliaria-lex.com\/en\/#\/schema\/person\/image\/\",\"url\":\"https:\/\/secure.gravatar.com\/avatar\/4843a7e97f3a2d82ecb361a9c26707d2e6c75f4002ff82a72ff5f4e5fef8ae3a?s=96&d=mm&r=g\",\"contentUrl\":\"https:\/\/secure.gravatar.com\/avatar\/4843a7e97f3a2d82ecb361a9c26707d2e6c75f4002ff82a72ff5f4e5fef8ae3a?s=96&d=mm&r=g\",\"caption\":\"inmobiliaria lex denia\"}}]}<\/script>\n<!-- \/ Yoast SEO plugin. -->","yoast_head_json":{"title":"Oferta D\u00e9nia Semana Santa y Pascua 2018 | Agencia Inmobiliaria Lex D\u00e9nia","robots":{"index":"index","follow":"follow","max-snippet":"max-snippet:-1","max-image-preview":"max-image-preview:large","max-video-preview":"max-video-preview:-1"},"canonical":"https:\/\/inmobiliaria-lex.com\/en\/oferta-denia-semana-santa-pascua-2018\/","og_locale":"en_US","og_type":"article","og_title":"Oferta D\u00e9nia Semana Santa y Pascua 2018 | Agencia Inmobiliaria Lex D\u00e9nia","og_description":"Consulte nuestras viviendas para sus vacaciones de SEMANA SANTA Y PASCUA del 2018. INDIQUE LA REFERENCIA EN NUESTRO BUSCADOR Y PODR\u00c1 VER LA&nbsp;DESCRIPCI\u00d3N&nbsp;Y&nbsp;FOTOGRAF\u00cdAS&nbsp;DE&nbsp;LAS&nbsp;SIGUIENTES OFERTAS PRECIOS para 4 d\u00edas.&nbsp; A partir del 5\u00ba d\u00eda precio especial. Consulte los descuentos de alquiler Mes completo. BAHIA AZUL. 1\u00aa L\u00ednea playa. Piscinas de distintas profundidades. Ref. 431: 2 dormitorios [&hellip;]","og_url":"https:\/\/inmobiliaria-lex.com\/en\/oferta-denia-semana-santa-pascua-2018\/","og_site_name":"Agencia Inmobiliaria Lex D\u00e9nia","article_publisher":"https:\/\/www.facebook.com\/LEXDENIA","article_published_time":"2018-02-09T17:18:15+00:00","article_modified_time":"2020-06-17T15:43:33+00:00","og_image":[{"width":860,"height":596,"url":"https:\/\/inmobiliaria-lex.com\/wp-content\/uploads\/2020\/06\/playa-marina-raset.jpg","type":"image\/jpeg"}],"author":"inmobiliaria lex denia","twitter_card":"summary_large_image","twitter_misc":{"Written by":"inmobiliaria lex denia","Est. reading time":"2 minutes"},"schema":{"@context":"https:\/\/schema.org","@graph":[{"@type":"Article","@id":"https:\/\/inmobiliaria-lex.com\/en\/oferta-denia-semana-santa-pascua-2018\/#article","isPartOf":{"@id":"https:\/\/inmobiliaria-lex.com\/en\/oferta-denia-semana-santa-pascua-2018\/"},"author":{"name":"inmobiliaria lex denia","@id":"https:\/\/inmobiliaria-lex.com\/en\/#\/schema\/person\/1aa994699b790066990c86d352ff8fec"},"headline":"Oferta D\u00e9nia Semana Santa y Pascua 2018","datePublished":"2018-02-09T17:18:15+00:00","dateModified":"2020-06-17T15:43:33+00:00","mainEntityOfPage":{"@id":"https:\/\/inmobiliaria-lex.com\/en\/oferta-denia-semana-santa-pascua-2018\/"},"wordCount":315,"publisher":{"@id":"https:\/\/inmobiliaria-lex.com\/en\/#organization"},"image":{"@id":"https:\/\/inmobiliaria-lex.com\/en\/oferta-denia-semana-santa-pascua-2018\/#primaryimage"},"thumbnailUrl":"https:\/\/inmobiliaria-lex.com\/wp-content\/uploads\/2020\/06\/playa-marina-raset.jpg","keywords":["alquiler Denia","apartamento Denia","Apartamentos Denia","Chalet Denia","Costa Blanca","Denia","Denia ciudad gastron\u00f3mica","Denia turismo","Fallas","Fallas Denia","Holidays Denia","location Denia","pascua D\u00e9nia","restaurantes denia","Semana Santa Denia","Turismo Denia","Vacaciones D\u00e9nia","Vacances D\u00e9nia","Villa Denia"],"articleSection":["Blog inmobiliario","Ofertas alquiler D\u00e9nia"],"inLanguage":"en-US"},{"@type":"WebPage","@id":"https:\/\/inmobiliaria-lex.com\/en\/oferta-denia-semana-santa-pascua-2018\/","url":"https:\/\/inmobiliaria-lex.com\/en\/oferta-denia-semana-santa-pascua-2018\/","name":"Oferta D\u00e9nia Semana Santa y Pascua 2018 | Agencia Inmobiliaria Lex D\u00e9nia","isPartOf":{"@id":"https:\/\/inmobiliaria-lex.com\/en\/#website"},"primaryImageOfPage":{"@id":"https:\/\/inmobiliaria-lex.com\/en\/oferta-denia-semana-santa-pascua-2018\/#primaryimage"},"image":{"@id":"https:\/\/inmobiliaria-lex.com\/en\/oferta-denia-semana-santa-pascua-2018\/#primaryimage"},"thumbnailUrl":"https:\/\/inmobiliaria-lex.com\/wp-content\/uploads\/2020\/06\/playa-marina-raset.jpg","datePublished":"2018-02-09T17:18:15+00:00","dateModified":"2020-06-17T15:43:33+00:00","breadcrumb":{"@id":"https:\/\/inmobiliaria-lex.com\/en\/oferta-denia-semana-santa-pascua-2018\/#breadcrumb"},"inLanguage":"en-US","potentialAction":[{"@type":"ReadAction","target":["https:\/\/inmobiliaria-lex.com\/en\/oferta-denia-semana-santa-pascua-2018\/"]}]},{"@type":"ImageObject","inLanguage":"en-US","@id":"https:\/\/inmobiliaria-lex.com\/en\/oferta-denia-semana-santa-pascua-2018\/#primaryimage","url":"https:\/\/inmobiliaria-lex.com\/wp-content\/uploads\/2020\/06\/playa-marina-raset.jpg","contentUrl":"https:\/\/inmobiliaria-lex.com\/wp-content\/uploads\/2020\/06\/playa-marina-raset.jpg","width":860,"height":596,"caption":"Vacaciones Denia"},{"@type":"BreadcrumbList","@id":"https:\/\/inmobiliaria-lex.com\/en\/oferta-denia-semana-santa-pascua-2018\/#breadcrumb","itemListElement":[{"@type":"ListItem","position":1,"name":"Portada","item":"https:\/\/inmobiliaria-lex.com\/en\/inicio\/"},{"@type":"ListItem","position":2,"name":"Oferta D\u00e9nia Semana Santa y Pascua 2018"}]},{"@type":"WebSite","@id":"https:\/\/inmobiliaria-lex.com\/en\/#website","url":"https:\/\/inmobiliaria-lex.com\/en\/","name":"Inmobiliaria Lex D\u00e9nia","description":"Inmobiliaria en D\u00e9nia","publisher":{"@id":"https:\/\/inmobiliaria-lex.com\/en\/#organization"},"potentialAction":[{"@type":"SearchAction","target":{"@type":"EntryPoint","urlTemplate":"https:\/\/inmobiliaria-lex.com\/en\/?s={search_term_string}"},"query-input":{"@type":"PropertyValueSpecification","valueRequired":true,"valueName":"search_term_string"}}],"inLanguage":"en-US"},{"@type":"Organization","@id":"https:\/\/inmobiliaria-lex.com\/en\/#organization","name":"Agencia Inmobiliaria Lex. D\u00e9nia","url":"https:\/\/inmobiliaria-lex.com\/en\/","logo":{"@type":"ImageObject","inLanguage":"en-US","@id":"https:\/\/inmobiliaria-lex.com\/en\/#\/schema\/logo\/image\/","url":"https:\/\/inmobiliaria-lex.com\/wp-content\/uploads\/2020\/02\/inmobiliaria_lex_denia.png","contentUrl":"https:\/\/inmobiliaria-lex.com\/wp-content\/uploads\/2020\/02\/inmobiliaria_lex_denia.png","width":176,"height":111,"caption":"Agencia Inmobiliaria Lex. D\u00e9nia"},"image":{"@id":"https:\/\/inmobiliaria-lex.com\/en\/#\/schema\/logo\/image\/"},"sameAs":["https:\/\/www.facebook.com\/LEXDENIA","https:\/\/www.instagram.com\/deniainmolex\/"]},{"@type":"Person","@id":"https:\/\/inmobiliaria-lex.com\/en\/#\/schema\/person\/1aa994699b790066990c86d352ff8fec","name":"inmobiliaria lex denia","image":{"@type":"ImageObject","inLanguage":"en-US","@id":"https:\/\/inmobiliaria-lex.com\/en\/#\/schema\/person\/image\/","url":"https:\/\/secure.gravatar.com\/avatar\/4843a7e97f3a2d82ecb361a9c26707d2e6c75f4002ff82a72ff5f4e5fef8ae3a?s=96&d=mm&r=g","contentUrl":"https:\/\/secure.gravatar.com\/avatar\/4843a7e97f3a2d82ecb361a9c26707d2e6c75f4002ff82a72ff5f4e5fef8ae3a?s=96&d=mm&r=g","caption":"inmobiliaria lex denia"}}]}},"_links":{"self":[{"href":"https:\/\/inmobiliaria-lex.com\/en\/wp-json\/wp\/v2\/posts\/1488","targetHints":{"allow":["GET"]}}],"collection":[{"href":"https:\/\/inmobiliaria-lex.com\/en\/wp-json\/wp\/v2\/posts"}],"about":[{"href":"https:\/\/inmobiliaria-lex.com\/en\/wp-json\/wp\/v2\/types\/post"}],"author":[{"embeddable":true,"href":"https:\/\/inmobiliaria-lex.com\/en\/wp-json\/wp\/v2\/users\/1"}],"replies":[{"embeddable":true,"href":"https:\/\/inmobiliaria-lex.com\/en\/wp-json\/wp\/v2\/comments?post=1488"}],"version-history":[{"count":0,"href":"https:\/\/inmobiliaria-lex.com\/en\/wp-json\/wp\/v2\/posts\/1488\/revisions"}],"wp:featuredmedia":[{"embeddable":true,"href":"https:\/\/inmobiliaria-lex.com\/en\/wp-json\/wp\/v2\/media\/5952"}],"wp:attachment":[{"href":"https:\/\/inmobiliaria-lex.com\/en\/wp-json\/wp\/v2\/media?parent=1488"}],"wp:term":[{"taxonomy":"category","embeddable":true,"href":"https:\/\/inmobiliaria-lex.com\/en\/wp-json\/wp\/v2\/categories?post=1488"},{"taxonomy":"post_tag","embeddable":true,"href":"https:\/\/inmobiliaria-lex.com\/en\/wp-json\/wp\/v2\/tags?post=1488"}],"curies":[{"name":"wp","href":"https:\/\/api.w.org\/{rel}","templated":true}]}}