{"id":6411,"date":"2021-04-05T17:08:04","date_gmt":"2021-04-05T17:08:04","guid":{"rendered":"https:\/\/inmobiliaria-lex.com\/?p=6411"},"modified":"2021-04-05T17:08:07","modified_gmt":"2021-04-05T17:08:07","slug":"claves-jardin-primavera","status":"publish","type":"post","link":"https:\/\/inmobiliaria-lex.com\/en\/claves-jardin-primavera\/","title":{"rendered":"Claves Jard\u00edn Primavera: Prepara el jard\u00edn con estas 9 claves"},"content":{"rendered":"\n<p>El fr\u00edo del invierno ha dejado huella en \u00e9l y dependiendo de los trabajos que hagamos ahora lucir\u00e1 mejor o peor en los meses fuertes de sol.   As\u00ed que dale un vistazo a nuestras 9 claves para preparar el jard\u00edn en primavera. Estos peque\u00f1os consejos har\u00e1n que puedas disfrutar de tu jard\u00edn mucho m\u00e1s tiempo.<\/p>\n\n\n\n<p>La primavera ya est\u00e1 aqu\u00ed. Es el momento de preparar nuestro jard\u00edn. Y este a\u00f1o, que tenemos m\u00e1s tiempo por todas las restricciones, podemos dedicarle el m\u00e1ximo cuidado a nuestro jard\u00edn.<\/p>\n\n\n\n<h2 class=\"has-text-align-center wp-block-heading\"><span class=\"has-inline-color has-luminous-vivid-orange-color\">\u00bfQuieres dejar tu jard\u00edn listo para disfrutarlo?<\/span><\/h2>\n\n\n\n<div class=\"wp-block-image is-style-default\"><figure class=\"aligncenter size-full\"><img loading=\"lazy\" decoding=\"async\" width=\"700\" height=\"395\" src=\"https:\/\/inmobiliaria-lex.com\/wp-content\/uploads\/2021\/03\/Preparar-jardin-en-primaver.jpg\" alt=\"Claves Preparar el jard\u00edn en primavera\" class=\"wp-image-6422\" srcset=\"https:\/\/inmobiliaria-lex.com\/wp-content\/uploads\/2021\/03\/Preparar-jardin-en-primaver.jpg 700w, https:\/\/inmobiliaria-lex.com\/wp-content\/uploads\/2021\/03\/Preparar-jardin-en-primaver-480x271.jpg 480w\" sizes=\"(min-width: 0px) and (max-width: 480px) 480px, (min-width: 481px) 700px, 100vw\" \/><figcaption>Preparar el jard\u00edn en primavera<\/figcaption><\/figure><\/div>\n\n\n\n<p>\u00a1Vamos all\u00e1\u00a1 <\/p>\n\n\n\n<h2 class=\"wp-block-heading\">Aqu\u00ed tienes las 9 claves que te ayudar\u00e1n a dejar tu jard\u00edn impecable en primavera.<\/h2>\n\n\n\n<p>Antes que nada hazte con unas buenas herramientas de jard\u00edn.  Te ser\u00e1n de mucha utilidad: unos guantes, una azada, tijeras de jard\u00edn, una pala, un rastrillo y empieza a trabajar<\/p>\n\n\n\n<h3 class=\"wp-block-heading\"><strong><span class=\"has-inline-color has-luminous-vivid-orange-color\">1.- Elimina las plantas muertas o heladas:<\/span><\/strong><\/h3>\n\n\n\n<p>Elimina las malas hierbas, arrancando las ra\u00edces para evitar que vuelvan a salir. Las malas hierbas son un im\u00e1n para las plagas y afectan al crecimiento del resto de las plantas y las debilitan.  Hazte con una azada o pala y arr\u00e1ncalas.&nbsp; Aprovecha que tras la lluvia de estos d\u00edas la tierra est\u00e1 h\u00fameda. De esta manera, conseguir\u00e1s que salgan f\u00e1cilmente las ra\u00edces m\u00e1s profundas.<\/p>\n\n\n\n<h3 class=\"wp-block-heading\"><strong><span class=\"has-inline-color has-luminous-vivid-orange-color\">2. Mejora el terreno:<\/span><\/strong><\/h3>\n\n\n\n<p>El fr\u00edo lo apelmaza y hace que la ra\u00edz no absorba correctamente los nutrientes.&nbsp; Airea el terreno para facilitar la entrada de ox\u00edgeno en la tierra.&nbsp; Para ello lo ideal es cavar entre 20 y 30 cent\u00edmetros.&nbsp; Pasa un rastrillo para oxigenarlo. A\u00f1ade sustrato nuevo y mezcla con la tierra abono org\u00e1nico.&nbsp; Cuando finalices aplica abono mineral sobre la superficie.<\/p>\n\n\n\n<h3 class=\"wp-block-heading\"><strong><span class=\"has-inline-color has-luminous-vivid-orange-color\">3. Crea nuevos espacios con pasarelas y rincones con piedras de colores<\/span><\/strong><\/h3>\n\n\n\n<p>Si te decides a reestructurar tu jard\u00edn aqu\u00ed te dejamos algunas ideas en las que puedes ver como hacer distintas pasarelas y zonas de paso.   Puedes combinar la piedra con madera, grava de distintos colores con piedras de distinta forma y tama\u00f1o, &#8230;. Todo ello combinado con distintas plantas, setos y verde, mucho verde, dar\u00e1n un ambiente c\u00e1lido a tu hogar.<\/p>\n\n\n\n<figure class=\"wp-block-gallery columns-3 is-cropped wp-block-gallery-1 is-layout-flex wp-block-gallery-is-layout-flex\"><ul class=\"blocks-gallery-grid\"><li class=\"blocks-gallery-item\"><figure><img loading=\"lazy\" decoding=\"async\" width=\"749\" height=\"749\" src=\"https:\/\/inmobiliaria-lex.com\/wp-content\/uploads\/2021\/03\/camino-de-paso-1.jpg\" alt=\"claves preparar jardin\" data-id=\"6484\" data-full-url=\"https:\/\/inmobiliaria-lex.com\/wp-content\/uploads\/2021\/03\/camino-de-paso-1.jpg\" data-link=\"https:\/\/inmobiliaria-lex.com\/?attachment_id=6484\" class=\"wp-image-6484\" srcset=\"https:\/\/inmobiliaria-lex.com\/wp-content\/uploads\/2021\/03\/camino-de-paso-1.jpg 749w, https:\/\/inmobiliaria-lex.com\/wp-content\/uploads\/2021\/03\/camino-de-paso-1-480x480.jpg 480w\" sizes=\"(min-width: 0px) and (max-width: 480px) 480px, (min-width: 481px) 749px, 100vw\" \/><figcaption class=\"blocks-gallery-item__caption\">camino paso jardin<\/figcaption><\/figure><\/li><li class=\"blocks-gallery-item\"><figure><img loading=\"lazy\" decoding=\"async\" width=\"197\" height=\"197\" src=\"https:\/\/inmobiliaria-lex.com\/wp-content\/uploads\/2021\/03\/camino-de-piedras-1.jpg\" alt=\"\" data-id=\"6488\" data-full-url=\"https:\/\/inmobiliaria-lex.com\/wp-content\/uploads\/2021\/03\/camino-de-piedras-1.jpg\" data-link=\"https:\/\/inmobiliaria-lex.com\/?attachment_id=6488\" class=\"wp-image-6488\" srcset=\"https:\/\/inmobiliaria-lex.com\/wp-content\/uploads\/2021\/03\/camino-de-piedras-1.jpg 197w, https:\/\/inmobiliaria-lex.com\/wp-content\/uploads\/2021\/03\/camino-de-piedras-1-150x150.jpg 150w\" sizes=\"(max-width: 197px) 100vw, 197px\" \/><figcaption class=\"blocks-gallery-item__caption\">Camino con piedra blanca<\/figcaption><\/figure><\/li><li class=\"blocks-gallery-item\"><figure><img loading=\"lazy\" decoding=\"async\" width=\"246\" height=\"246\" src=\"https:\/\/inmobiliaria-lex.com\/wp-content\/uploads\/2021\/03\/grava-colores-1.jpg\" alt=\"\" data-id=\"6492\" data-full-url=\"https:\/\/inmobiliaria-lex.com\/wp-content\/uploads\/2021\/03\/grava-colores-1.jpg\" data-link=\"https:\/\/inmobiliaria-lex.com\/?attachment_id=6492\" class=\"wp-image-6492\" srcset=\"https:\/\/inmobiliaria-lex.com\/wp-content\/uploads\/2021\/03\/grava-colores-1.jpg 246w, https:\/\/inmobiliaria-lex.com\/wp-content\/uploads\/2021\/03\/grava-colores-1-150x150.jpg 150w\" sizes=\"(max-width: 246px) 100vw, 246px\" \/><figcaption class=\"blocks-gallery-item__caption\">Combina distintos materiales<\/figcaption><\/figure><\/li><li class=\"blocks-gallery-item\"><figure><img loading=\"lazy\" decoding=\"async\" width=\"121\" height=\"121\" src=\"https:\/\/inmobiliaria-lex.com\/wp-content\/uploads\/2021\/03\/pasarela-madera-1-1.jpg\" alt=\"\" data-id=\"6496\" data-link=\"https:\/\/inmobiliaria-lex.com\/?attachment_id=6496\" class=\"wp-image-6496\"\/><figcaption class=\"blocks-gallery-item__caption\">Pasarela de madera <\/figcaption><\/figure><\/li><li class=\"blocks-gallery-item\"><figure><img loading=\"lazy\" decoding=\"async\" width=\"600\" height=\"600\" src=\"https:\/\/inmobiliaria-lex.com\/wp-content\/uploads\/2021\/03\/pasarela-madera-2.jpg\" alt=\"\" data-id=\"6500\" data-full-url=\"https:\/\/inmobiliaria-lex.com\/wp-content\/uploads\/2021\/03\/pasarela-madera-2.jpg\" data-link=\"https:\/\/inmobiliaria-lex.com\/?attachment_id=6500\" class=\"wp-image-6500\" srcset=\"https:\/\/inmobiliaria-lex.com\/wp-content\/uploads\/2021\/03\/pasarela-madera-2.jpg 600w, https:\/\/inmobiliaria-lex.com\/wp-content\/uploads\/2021\/03\/pasarela-madera-2-480x480.jpg 480w\" sizes=\"(min-width: 0px) and (max-width: 480px) 480px, (min-width: 481px) 600px, 100vw\" \/><figcaption class=\"blocks-gallery-item__caption\">Combina la madera con la piedra<\/figcaption><\/figure><\/li><li class=\"blocks-gallery-item\"><figure><img loading=\"lazy\" decoding=\"async\" width=\"570\" height=\"570\" src=\"https:\/\/inmobiliaria-lex.com\/wp-content\/uploads\/2021\/03\/piedras-jardin-1.jpg\" alt=\"\" data-id=\"6504\" data-full-url=\"https:\/\/inmobiliaria-lex.com\/wp-content\/uploads\/2021\/03\/piedras-jardin-1.jpg\" data-link=\"https:\/\/inmobiliaria-lex.com\/?attachment_id=6504\" class=\"wp-image-6504\" srcset=\"https:\/\/inmobiliaria-lex.com\/wp-content\/uploads\/2021\/03\/piedras-jardin-1.jpg 570w, https:\/\/inmobiliaria-lex.com\/wp-content\/uploads\/2021\/03\/piedras-jardin-1-480x480.jpg 480w\" sizes=\"(min-width: 0px) and (max-width: 480px) 480px, (min-width: 481px) 570px, 100vw\" \/><figcaption class=\"blocks-gallery-item__caption\">Combina distintas tonalidades <\/figcaption><\/figure><\/li><\/ul><\/figure>\n\n\n\n<h3 class=\"wp-block-heading\"><strong><span class=\"has-inline-color has-luminous-vivid-orange-color\">4. Poda:<\/span><\/strong><\/h3>\n\n\n\n<p>Consigue unas buenas tijeras de podar y corta las ramas secas. Redise\u00f1a los arbustos o plantas que hayan crecido desordenadamente. Poda los setos y dales forma.  Los setos forman una parte muy importante de tu hogar.   Sirven para separar tu parcela de la del vecino o para impedir la vista desde el camino, pero no olvides que dependiendo del tipo y color de seto que elijas tu hogar brillar\u00e1 de forma diferente.  \u00bf A que no es lo mismo un simple muro de separaci\u00f3n que un seto de buganvillas o adelfas?   Aqu\u00ed te dejamos varios tipos de setos que pueden alegrarte cada d\u00eda la vista.<\/p>\n\n\n\n<figure class=\"wp-block-gallery columns-5 is-cropped wp-block-gallery-2 is-layout-flex wp-block-gallery-is-layout-flex\"><ul class=\"blocks-gallery-grid\"><li class=\"blocks-gallery-item\"><figure><img loading=\"lazy\" decoding=\"async\" width=\"440\" height=\"440\" src=\"https:\/\/inmobiliaria-lex.com\/wp-content\/uploads\/2021\/04\/buganvilla-seto.jpg\" alt=\"\" data-id=\"6555\" data-full-url=\"https:\/\/inmobiliaria-lex.com\/wp-content\/uploads\/2021\/04\/buganvilla-seto.jpg\" data-link=\"https:\/\/inmobiliaria-lex.com\/?attachment_id=6555\" class=\"wp-image-6555\" srcset=\"https:\/\/inmobiliaria-lex.com\/wp-content\/uploads\/2021\/04\/buganvilla-seto.jpg 440w, https:\/\/inmobiliaria-lex.com\/wp-content\/uploads\/2021\/04\/buganvilla-seto-300x300.jpg 300w, https:\/\/inmobiliaria-lex.com\/wp-content\/uploads\/2021\/04\/buganvilla-seto-150x150.jpg 150w\" sizes=\"(max-width: 440px) 100vw, 440px\" \/><figcaption class=\"blocks-gallery-item__caption\"> Buganvilla<\/figcaption><\/figure><\/li><li class=\"blocks-gallery-item\"><figure><img loading=\"lazy\" decoding=\"async\" width=\"301\" height=\"338\" src=\"https:\/\/inmobiliaria-lex.com\/wp-content\/uploads\/2021\/04\/cipres-seto.jpg\" alt=\"\" data-id=\"6559\" data-full-url=\"https:\/\/inmobiliaria-lex.com\/wp-content\/uploads\/2021\/04\/cipres-seto.jpg\" data-link=\"https:\/\/inmobiliaria-lex.com\/?attachment_id=6559\" class=\"wp-image-6559\" srcset=\"https:\/\/inmobiliaria-lex.com\/wp-content\/uploads\/2021\/04\/cipres-seto.jpg 301w, https:\/\/inmobiliaria-lex.com\/wp-content\/uploads\/2021\/04\/cipres-seto-267x300.jpg 267w\" sizes=\"(max-width: 301px) 100vw, 301px\" \/><figcaption class=\"blocks-gallery-item__caption\">Cipr\u00e9s<\/figcaption><\/figure><\/li><li class=\"blocks-gallery-item\"><figure><img loading=\"lazy\" decoding=\"async\" width=\"164\" height=\"164\" src=\"https:\/\/inmobiliaria-lex.com\/wp-content\/uploads\/2021\/04\/hiedra-seto.jpg\" alt=\"\" data-id=\"6563\" data-full-url=\"https:\/\/inmobiliaria-lex.com\/wp-content\/uploads\/2021\/04\/hiedra-seto.jpg\" data-link=\"https:\/\/inmobiliaria-lex.com\/?attachment_id=6563\" class=\"wp-image-6563\" srcset=\"https:\/\/inmobiliaria-lex.com\/wp-content\/uploads\/2021\/04\/hiedra-seto.jpg 164w, https:\/\/inmobiliaria-lex.com\/wp-content\/uploads\/2021\/04\/hiedra-seto-150x150.jpg 150w\" sizes=\"(max-width: 164px) 100vw, 164px\" \/><figcaption class=\"blocks-gallery-item__caption\">Hiedra<\/figcaption><\/figure><\/li><li class=\"blocks-gallery-item\"><figure><img loading=\"lazy\" decoding=\"async\" width=\"329\" height=\"329\" src=\"https:\/\/inmobiliaria-lex.com\/wp-content\/uploads\/2021\/04\/jazmin-trepador-seto.jpg\" alt=\"\" data-id=\"6567\" data-full-url=\"https:\/\/inmobiliaria-lex.com\/wp-content\/uploads\/2021\/04\/jazmin-trepador-seto.jpg\" data-link=\"https:\/\/inmobiliaria-lex.com\/?attachment_id=6567\" class=\"wp-image-6567\" srcset=\"https:\/\/inmobiliaria-lex.com\/wp-content\/uploads\/2021\/04\/jazmin-trepador-seto.jpg 329w, https:\/\/inmobiliaria-lex.com\/wp-content\/uploads\/2021\/04\/jazmin-trepador-seto-300x300.jpg 300w, https:\/\/inmobiliaria-lex.com\/wp-content\/uploads\/2021\/04\/jazmin-trepador-seto-150x150.jpg 150w\" sizes=\"(max-width: 329px) 100vw, 329px\" \/><figcaption class=\"blocks-gallery-item__caption\">Jazm\u00edn trepador<\/figcaption><\/figure><\/li><li class=\"blocks-gallery-item\"><figure><img loading=\"lazy\" decoding=\"async\" width=\"500\" height=\"500\" src=\"https:\/\/inmobiliaria-lex.com\/wp-content\/uploads\/2021\/04\/seto-adelfa.jpg\" alt=\"\" data-id=\"6571\" data-full-url=\"https:\/\/inmobiliaria-lex.com\/wp-content\/uploads\/2021\/04\/seto-adelfa.jpg\" data-link=\"https:\/\/inmobiliaria-lex.com\/?attachment_id=6571\" class=\"wp-image-6571\" srcset=\"https:\/\/inmobiliaria-lex.com\/wp-content\/uploads\/2021\/04\/seto-adelfa.jpg 500w, https:\/\/inmobiliaria-lex.com\/wp-content\/uploads\/2021\/04\/seto-adelfa-480x480.jpg 480w\" sizes=\"(min-width: 0px) and (max-width: 480px) 480px, (min-width: 481px) 500px, 100vw\" \/><figcaption class=\"blocks-gallery-item__caption\">Adelfas<\/figcaption><\/figure><\/li><\/ul><figcaption class=\"blocks-gallery-caption\">Claves para preparar tu jard\u00edn en primavera:    Tipos de setos<\/figcaption><\/figure>\n\n\n\n<h3 class=\"wp-block-heading\"><strong><span class=\"has-inline-color has-luminous-vivid-orange-color\">5. Revisa el sistema de riego.<\/span><\/strong><\/h3>\n\n\n\n<p>Detecta posibles fugas y zonas donde no llegue el agua.&nbsp; Da un vistazo a los aspersores y goteros y verifica que no tienen las salidas de agua bloqueadas. Si necesitas arreglar, empalmar o alargar algunos tubos \u00a1ahora es el momento!<\/p>\n\n\n\n<h3 class=\"wp-block-heading\"><strong><span class=\"has-inline-color has-luminous-vivid-orange-color\">6. Sanea el c\u00e9sped<\/span><\/strong><\/h3>\n\n\n\n<p>Pasa el cortac\u00e9sped con cierta regularidad y ri\u00e9galo.&nbsp;&nbsp; Restaura las calvas con un c\u00e9sped repoblador.<\/p>\n\n\n\n<h3 class=\"wp-block-heading\"><strong><span class=\"has-inline-color has-luminous-vivid-orange-color\">7. Replanta<\/span><\/strong><\/h3>\n\n\n\n<p>Planta bulbos, nuevas plantas y por qu\u00e9 no, alg\u00fan \u00e1rbol que te guste.&nbsp;&nbsp; Los bulbos dar\u00e1n flor en un tiempo.&nbsp;&nbsp;Las plantas arom\u00e1ticas te ser\u00e1n \u00fatiles para cocinar y dejar\u00e1n un olor perfecto en tu jard\u00edn.  Aqu\u00ed te dejamos im\u00e1genes de la manzanilla, menta,  romero y tomillo.<\/p>\n\n\n\n<div class=\"wp-block-group\"><div class=\"wp-block-group__inner-container is-layout-flow wp-block-group-is-layout-flow\">\n<div class=\"wp-block-group\"><div class=\"wp-block-group__inner-container is-layout-flow wp-block-group-is-layout-flow\">\n<figure class=\"wp-block-gallery columns-4 is-cropped wp-block-gallery-3 is-layout-flex wp-block-gallery-is-layout-flex\"><ul class=\"blocks-gallery-grid\"><li class=\"blocks-gallery-item\"><figure><img loading=\"lazy\" decoding=\"async\" width=\"338\" height=\"338\" src=\"https:\/\/inmobiliaria-lex.com\/wp-content\/uploads\/2021\/03\/aromatica-manzanilla.jpg\" alt=\"\" data-id=\"6426\" data-full-url=\"https:\/\/inmobiliaria-lex.com\/wp-content\/uploads\/2021\/03\/aromatica-manzanilla.jpg\" data-link=\"https:\/\/inmobiliaria-lex.com\/?attachment_id=6426\" class=\"wp-image-6426\" srcset=\"https:\/\/inmobiliaria-lex.com\/wp-content\/uploads\/2021\/03\/aromatica-manzanilla.jpg 338w, https:\/\/inmobiliaria-lex.com\/wp-content\/uploads\/2021\/03\/aromatica-manzanilla-300x300.jpg 300w, https:\/\/inmobiliaria-lex.com\/wp-content\/uploads\/2021\/03\/aromatica-manzanilla-150x150.jpg 150w\" sizes=\"(max-width: 338px) 100vw, 338px\" \/><figcaption class=\"blocks-gallery-item__caption\">Manzanilla<\/figcaption><\/figure><\/li><li class=\"blocks-gallery-item\"><figure><img loading=\"lazy\" decoding=\"async\" width=\"390\" height=\"390\" src=\"https:\/\/inmobiliaria-lex.com\/wp-content\/uploads\/2021\/03\/aromatica-menta.jpg\" alt=\"\" data-id=\"6430\" data-full-url=\"https:\/\/inmobiliaria-lex.com\/wp-content\/uploads\/2021\/03\/aromatica-menta.jpg\" data-link=\"https:\/\/inmobiliaria-lex.com\/?attachment_id=6430\" class=\"wp-image-6430\" srcset=\"https:\/\/inmobiliaria-lex.com\/wp-content\/uploads\/2021\/03\/aromatica-menta.jpg 390w, https:\/\/inmobiliaria-lex.com\/wp-content\/uploads\/2021\/03\/aromatica-menta-300x300.jpg 300w, https:\/\/inmobiliaria-lex.com\/wp-content\/uploads\/2021\/03\/aromatica-menta-150x150.jpg 150w\" sizes=\"(max-width: 390px) 100vw, 390px\" \/><figcaption class=\"blocks-gallery-item__caption\">Menta<\/figcaption><\/figure><\/li><li class=\"blocks-gallery-item\"><figure><img loading=\"lazy\" decoding=\"async\" width=\"500\" height=\"500\" src=\"https:\/\/inmobiliaria-lex.com\/wp-content\/uploads\/2021\/03\/aromaticas-romero.jpg\" alt=\"\" data-id=\"6434\" data-full-url=\"https:\/\/inmobiliaria-lex.com\/wp-content\/uploads\/2021\/03\/aromaticas-romero.jpg\" data-link=\"https:\/\/inmobiliaria-lex.com\/?attachment_id=6434\" class=\"wp-image-6434\" srcset=\"https:\/\/inmobiliaria-lex.com\/wp-content\/uploads\/2021\/03\/aromaticas-romero.jpg 500w, https:\/\/inmobiliaria-lex.com\/wp-content\/uploads\/2021\/03\/aromaticas-romero-480x480.jpg 480w\" sizes=\"(min-width: 0px) and (max-width: 480px) 480px, (min-width: 481px) 500px, 100vw\" \/><figcaption class=\"blocks-gallery-item__caption\">Romero<\/figcaption><\/figure><\/li><li class=\"blocks-gallery-item\"><figure><img loading=\"lazy\" decoding=\"async\" width=\"459\" height=\"460\" src=\"https:\/\/inmobiliaria-lex.com\/wp-content\/uploads\/2021\/03\/aromaticas-tomillo.jpg\" alt=\"\" data-id=\"6438\" data-full-url=\"https:\/\/inmobiliaria-lex.com\/wp-content\/uploads\/2021\/03\/aromaticas-tomillo.jpg\" data-link=\"https:\/\/inmobiliaria-lex.com\/?attachment_id=6438\" class=\"wp-image-6438\" srcset=\"https:\/\/inmobiliaria-lex.com\/wp-content\/uploads\/2021\/03\/aromaticas-tomillo.jpg 459w, https:\/\/inmobiliaria-lex.com\/wp-content\/uploads\/2021\/03\/aromaticas-tomillo-300x300.jpg 300w, https:\/\/inmobiliaria-lex.com\/wp-content\/uploads\/2021\/03\/aromaticas-tomillo-150x150.jpg 150w\" sizes=\"(max-width: 459px) 100vw, 459px\" \/><figcaption class=\"blocks-gallery-item__caption\">Tomillo<\/figcaption><\/figure><\/li><\/ul><\/figure>\n<\/div><\/div>\n<\/div><\/div>\n\n\n\n<p>Aprovecha y planta plantas que te dejen ver el efecto inmediato.&nbsp; Si tienes un muro o celos\u00eda planta buganvilla. Es una trepadora t\u00edpica de pa\u00edses de climas templados y c\u00e1lidos que dar\u00e1 mucho color a tu jard\u00edn. <\/p>\n\n\n\n<p>Los \u00e1rboles m\u00e1s adecuados para poner cerca (pero no al lado) de la piscina son aquellos de ra\u00edces no invasivas y que no ensucien demasiado, es decir, que no pierdan las hojas o frutos continuamente.<\/p>\n\n\n\n<p>Los cactus y las plantas crasas son f\u00e1ciles de plantar,  necesitan poca agua y su mantenimiento es muy sencillo.   Con ellas podr\u00e1s crear originales  rincones.<\/p>\n\n\n\n<figure class=\"wp-block-gallery columns-6 is-cropped wp-block-gallery-4 is-layout-flex wp-block-gallery-is-layout-flex\"><ul class=\"blocks-gallery-grid\"><li class=\"blocks-gallery-item\"><figure><img loading=\"lazy\" decoding=\"async\" width=\"525\" height=\"525\" src=\"https:\/\/inmobiliaria-lex.com\/wp-content\/uploads\/2021\/03\/cactus.jpg\" alt=\"\" data-id=\"6508\" data-full-url=\"https:\/\/inmobiliaria-lex.com\/wp-content\/uploads\/2021\/03\/cactus.jpg\" data-link=\"https:\/\/inmobiliaria-lex.com\/?attachment_id=6508\" class=\"wp-image-6508\" srcset=\"https:\/\/inmobiliaria-lex.com\/wp-content\/uploads\/2021\/03\/cactus.jpg 525w, https:\/\/inmobiliaria-lex.com\/wp-content\/uploads\/2021\/03\/cactus-480x480.jpg 480w\" sizes=\"(min-width: 0px) and (max-width: 480px) 480px, (min-width: 481px) 525px, 100vw\" \/><figcaption class=\"blocks-gallery-item__caption\">cactus<\/figcaption><\/figure><\/li><li class=\"blocks-gallery-item\"><figure><img loading=\"lazy\" decoding=\"async\" width=\"698\" height=\"699\" src=\"https:\/\/inmobiliaria-lex.com\/wp-content\/uploads\/2021\/03\/plantas-grasas-2.jpg\" alt=\"\" data-id=\"6516\" data-full-url=\"https:\/\/inmobiliaria-lex.com\/wp-content\/uploads\/2021\/03\/plantas-grasas-2.jpg\" data-link=\"https:\/\/inmobiliaria-lex.com\/?attachment_id=6516\" class=\"wp-image-6516\" srcset=\"https:\/\/inmobiliaria-lex.com\/wp-content\/uploads\/2021\/03\/plantas-grasas-2.jpg 698w, https:\/\/inmobiliaria-lex.com\/wp-content\/uploads\/2021\/03\/plantas-grasas-2-480x481.jpg 480w\" sizes=\"(min-width: 0px) and (max-width: 480px) 480px, (min-width: 481px) 698px, 100vw\" \/><\/figure><\/li><li class=\"blocks-gallery-item\"><figure><img loading=\"lazy\" decoding=\"async\" width=\"525\" height=\"525\" src=\"https:\/\/inmobiliaria-lex.com\/wp-content\/uploads\/2021\/03\/plantas-grasas-4.jpg\" alt=\"\" data-id=\"6520\" data-full-url=\"https:\/\/inmobiliaria-lex.com\/wp-content\/uploads\/2021\/03\/plantas-grasas-4.jpg\" data-link=\"https:\/\/inmobiliaria-lex.com\/?attachment_id=6520\" class=\"wp-image-6520\" srcset=\"https:\/\/inmobiliaria-lex.com\/wp-content\/uploads\/2021\/03\/plantas-grasas-4.jpg 525w, https:\/\/inmobiliaria-lex.com\/wp-content\/uploads\/2021\/03\/plantas-grasas-4-480x480.jpg 480w\" sizes=\"(min-width: 0px) and (max-width: 480px) 480px, (min-width: 481px) 525px, 100vw\" \/><\/figure><\/li><li class=\"blocks-gallery-item\"><figure><img loading=\"lazy\" decoding=\"async\" width=\"556\" height=\"556\" src=\"https:\/\/inmobiliaria-lex.com\/wp-content\/uploads\/2021\/03\/plantas-grasas-5.jpg\" alt=\"\" data-id=\"6524\" data-full-url=\"https:\/\/inmobiliaria-lex.com\/wp-content\/uploads\/2021\/03\/plantas-grasas-5.jpg\" data-link=\"https:\/\/inmobiliaria-lex.com\/?attachment_id=6524\" class=\"wp-image-6524\" srcset=\"https:\/\/inmobiliaria-lex.com\/wp-content\/uploads\/2021\/03\/plantas-grasas-5.jpg 556w, https:\/\/inmobiliaria-lex.com\/wp-content\/uploads\/2021\/03\/plantas-grasas-5-480x480.jpg 480w\" sizes=\"(min-width: 0px) and (max-width: 480px) 480px, (min-width: 481px) 556px, 100vw\" \/><\/figure><\/li><li class=\"blocks-gallery-item\"><figure><img loading=\"lazy\" decoding=\"async\" width=\"466\" height=\"466\" src=\"https:\/\/inmobiliaria-lex.com\/wp-content\/uploads\/2021\/03\/plantas-grasas-6.jpg\" alt=\"\" data-id=\"6528\" data-full-url=\"https:\/\/inmobiliaria-lex.com\/wp-content\/uploads\/2021\/03\/plantas-grasas-6.jpg\" data-link=\"https:\/\/inmobiliaria-lex.com\/?attachment_id=6528\" class=\"wp-image-6528\" srcset=\"https:\/\/inmobiliaria-lex.com\/wp-content\/uploads\/2021\/03\/plantas-grasas-6.jpg 466w, https:\/\/inmobiliaria-lex.com\/wp-content\/uploads\/2021\/03\/plantas-grasas-6-300x300.jpg 300w, https:\/\/inmobiliaria-lex.com\/wp-content\/uploads\/2021\/03\/plantas-grasas-6-150x150.jpg 150w\" sizes=\"(max-width: 466px) 100vw, 466px\" \/><\/figure><\/li><li class=\"blocks-gallery-item\"><figure><img loading=\"lazy\" decoding=\"async\" width=\"700\" height=\"700\" src=\"https:\/\/inmobiliaria-lex.com\/wp-content\/uploads\/2021\/03\/plantas-grasas.jpg\" alt=\"\" data-id=\"6532\" data-full-url=\"https:\/\/inmobiliaria-lex.com\/wp-content\/uploads\/2021\/03\/plantas-grasas.jpg\" data-link=\"https:\/\/inmobiliaria-lex.com\/?attachment_id=6532\" class=\"wp-image-6532\" srcset=\"https:\/\/inmobiliaria-lex.com\/wp-content\/uploads\/2021\/03\/plantas-grasas.jpg 700w, https:\/\/inmobiliaria-lex.com\/wp-content\/uploads\/2021\/03\/plantas-grasas-480x480.jpg 480w\" sizes=\"(min-width: 0px) and (max-width: 480px) 480px, (min-width: 481px) 700px, 100vw\" \/><\/figure><\/li><\/ul><\/figure>\n\n\n\n<h3 class=\"wp-block-heading\"><strong><span class=\"has-inline-color has-luminous-vivid-orange-color\">8. Estate pendiente de las Plagas:<\/span><\/strong><\/h3>\n\n\n\n<p>Pulgones, cochinillas, clorosis f\u00e9rrica\u2026 est\u00e1n esperando el aumento de las temperaturas para atacar.  No dejes que puedan con tu jard\u00edn.  En cuanto aparezcan ac\u00e9rcate a tu vivero de confianza y p\u00eddele consejo de c\u00f3mo tratarlo. <\/p>\n\n\n\n<h3 class=\"wp-block-heading\"><span class=\"has-inline-color has-luminous-vivid-orange-color\">9. Riega<\/span><\/h3>\n\n\n\n<p>Procura regar, dentro de lo posible, por la ma\u00f1ana temprano o al anochecer.  La tierra absorber\u00e1 mejor el agua y no se evaporar\u00e1 tan deprisa por el calor. Riega lo suficiente, pero no es recomendable que la tierra quede encharcada, pues pueden pudrirse las ra\u00edces y as\u00ed evitar\u00e1s puestas de huevos de mosquitos y otros insectos.<\/p>\n\n\n\n<h3 class=\"has-text-align-center wp-block-heading\">Con estas 9 claves tu jard\u00edn ya estar\u00e1 listo en primavera<\/h3>\n\n\n\n<h3 class=\"has-text-align-center wp-block-heading\">El esfuerzo habr\u00e1 merecido la pena.<\/h3>\n\n\n\n<h3 class=\"has-text-align-center wp-block-heading\"><span class=\"has-inline-color has-luminous-vivid-orange-color\">\u00a0 Y tu jard\u00edn ser\u00e1 una explosi\u00f3n de flores y colores.<\/span><\/h3>\n\n\n\n<p><\/p>\n","protected":false},"excerpt":{"rendered":"<p>El fr\u00edo del invierno ha dejado huella en \u00e9l y dependiendo de los trabajos que hagamos ahora lucir\u00e1 mejor o peor en los meses fuertes de sol. As\u00ed que dale un vistazo a nuestras 9 claves para preparar el jard\u00edn en primavera. Estos peque\u00f1os consejos har\u00e1n que puedas disfrutar de tu jard\u00edn mucho m\u00e1s tiempo. [&hellip;]<\/p>\n","protected":false},"author":1,"featured_media":6413,"comment_status":"closed","ping_status":"closed","sticky":false,"template":"","format":"standard","meta":{"_et_pb_use_builder":"","_et_pb_old_content":"","_et_gb_content_width":"","footnotes":""},"categories":[175,38],"tags":[351,350],"class_list":["post-6411","post","type-post","status-publish","format-standard","has-post-thumbnail","hentry","category-blog-inmobiliario","category-noticias-inmobiliarias","tag-cuidados-de-la-casa","tag-cuidados-del-jardin"],"yoast_head":"<!-- This site is optimized with the Yoast SEO plugin v25.9 - https:\/\/yoast.com\/wordpress\/plugins\/seo\/ -->\n<title>9 claves para preparar el jard\u00edn en Primavera. \u00a1Vamos all\u00e1\u00a1<\/title>\n<meta name=\"description\" content=\"Aqu\u00ed tienes 9 claves para preparar de forma sencilla tu jard\u00edn en primavera. Crea bellos espacios en tu jard\u00edn y disfruta de cada rinc\u00f3n.\" \/>\n<meta name=\"robots\" content=\"index, follow, max-snippet:-1, max-image-preview:large, max-video-preview:-1\" \/>\n<link rel=\"canonical\" href=\"https:\/\/inmobiliaria-lex.com\/en\/claves-jardin-primavera\/\" \/>\n<meta property=\"og:locale\" content=\"en_US\" \/>\n<meta property=\"og:type\" content=\"article\" \/>\n<meta property=\"og:title\" content=\"9 claves para preparar el jard\u00edn en Primavera. \u00a1Vamos all\u00e1\u00a1\" \/>\n<meta property=\"og:description\" content=\"Aqu\u00ed tienes 9 claves para preparar de forma sencilla tu jard\u00edn en primavera. Crea bellos espacios en tu jard\u00edn y disfruta de cada rinc\u00f3n.\" \/>\n<meta property=\"og:url\" content=\"https:\/\/inmobiliaria-lex.com\/en\/claves-jardin-primavera\/\" \/>\n<meta property=\"og:site_name\" content=\"Agencia Inmobiliaria Lex D\u00e9nia\" \/>\n<meta property=\"article:publisher\" content=\"https:\/\/www.facebook.com\/LEXDENIA\" \/>\n<meta property=\"article:published_time\" content=\"2021-04-05T17:08:04+00:00\" \/>\n<meta property=\"article:modified_time\" content=\"2021-04-05T17:08:07+00:00\" \/>\n<meta property=\"og:image\" content=\"https:\/\/inmobiliaria-lex.com\/wp-content\/uploads\/2021\/03\/Preparar-jardin-en-primavera.jpg\" \/>\n\t<meta property=\"og:image:width\" content=\"644\" \/>\n\t<meta property=\"og:image:height\" content=\"363\" \/>\n\t<meta property=\"og:image:type\" content=\"image\/jpeg\" \/>\n<meta name=\"author\" content=\"inmobiliaria lex denia\" \/>\n<meta name=\"twitter:card\" content=\"summary_large_image\" \/>\n<meta name=\"twitter:label1\" content=\"Written by\" \/>\n\t<meta name=\"twitter:data1\" content=\"inmobiliaria lex denia\" \/>\n\t<meta name=\"twitter:label2\" content=\"Est. reading time\" \/>\n\t<meta name=\"twitter:data2\" content=\"9 minutes\" \/>\n<script type=\"application\/ld+json\" class=\"yoast-schema-graph\">{\"@context\":\"https:\/\/schema.org\",\"@graph\":[{\"@type\":\"Article\",\"@id\":\"https:\/\/inmobiliaria-lex.com\/en\/claves-jardin-primavera\/#article\",\"isPartOf\":{\"@id\":\"https:\/\/inmobiliaria-lex.com\/en\/claves-jardin-primavera\/\"},\"author\":{\"name\":\"inmobiliaria lex denia\",\"@id\":\"https:\/\/inmobiliaria-lex.com\/en\/#\/schema\/person\/1aa994699b790066990c86d352ff8fec\"},\"headline\":\"Claves Jard\u00edn Primavera: Prepara el jard\u00edn con estas 9 claves\",\"datePublished\":\"2021-04-05T17:08:04+00:00\",\"dateModified\":\"2021-04-05T17:08:07+00:00\",\"mainEntityOfPage\":{\"@id\":\"https:\/\/inmobiliaria-lex.com\/en\/claves-jardin-primavera\/\"},\"wordCount\":925,\"publisher\":{\"@id\":\"https:\/\/inmobiliaria-lex.com\/en\/#organization\"},\"image\":{\"@id\":\"https:\/\/inmobiliaria-lex.com\/en\/claves-jardin-primavera\/#primaryimage\"},\"thumbnailUrl\":\"https:\/\/inmobiliaria-lex.com\/wp-content\/uploads\/2021\/03\/Preparar-jardin-en-primavera.jpg\",\"keywords\":[\"cuidados de la casa\",\"cuidados del jard\u00edn\"],\"articleSection\":[\"Blog inmobiliario\",\"Noticias inmobiliarias\"],\"inLanguage\":\"en-US\"},{\"@type\":\"WebPage\",\"@id\":\"https:\/\/inmobiliaria-lex.com\/en\/claves-jardin-primavera\/\",\"url\":\"https:\/\/inmobiliaria-lex.com\/en\/claves-jardin-primavera\/\",\"name\":\"9 claves para preparar el jard\u00edn en Primavera. \u00a1Vamos all\u00e1\u00a1\",\"isPartOf\":{\"@id\":\"https:\/\/inmobiliaria-lex.com\/en\/#website\"},\"primaryImageOfPage\":{\"@id\":\"https:\/\/inmobiliaria-lex.com\/en\/claves-jardin-primavera\/#primaryimage\"},\"image\":{\"@id\":\"https:\/\/inmobiliaria-lex.com\/en\/claves-jardin-primavera\/#primaryimage\"},\"thumbnailUrl\":\"https:\/\/inmobiliaria-lex.com\/wp-content\/uploads\/2021\/03\/Preparar-jardin-en-primavera.jpg\",\"datePublished\":\"2021-04-05T17:08:04+00:00\",\"dateModified\":\"2021-04-05T17:08:07+00:00\",\"description\":\"Aqu\u00ed tienes 9 claves para preparar de forma sencilla tu jard\u00edn en primavera. Crea bellos espacios en tu jard\u00edn y disfruta de cada rinc\u00f3n.\",\"breadcrumb\":{\"@id\":\"https:\/\/inmobiliaria-lex.com\/en\/claves-jardin-primavera\/#breadcrumb\"},\"inLanguage\":\"en-US\",\"potentialAction\":[{\"@type\":\"ReadAction\",\"target\":[\"https:\/\/inmobiliaria-lex.com\/en\/claves-jardin-primavera\/\"]}]},{\"@type\":\"ImageObject\",\"inLanguage\":\"en-US\",\"@id\":\"https:\/\/inmobiliaria-lex.com\/en\/claves-jardin-primavera\/#primaryimage\",\"url\":\"https:\/\/inmobiliaria-lex.com\/wp-content\/uploads\/2021\/03\/Preparar-jardin-en-primavera.jpg\",\"contentUrl\":\"https:\/\/inmobiliaria-lex.com\/wp-content\/uploads\/2021\/03\/Preparar-jardin-en-primavera.jpg\",\"width\":644,\"height\":363,\"caption\":\"8 claves para preparar jardin en primavera\"},{\"@type\":\"BreadcrumbList\",\"@id\":\"https:\/\/inmobiliaria-lex.com\/en\/claves-jardin-primavera\/#breadcrumb\",\"itemListElement\":[{\"@type\":\"ListItem\",\"position\":1,\"name\":\"Portada\",\"item\":\"https:\/\/inmobiliaria-lex.com\/en\/inicio\/\"},{\"@type\":\"ListItem\",\"position\":2,\"name\":\"Claves Jard\u00edn Primavera: Prepara el jard\u00edn con estas 9 claves\"}]},{\"@type\":\"WebSite\",\"@id\":\"https:\/\/inmobiliaria-lex.com\/en\/#website\",\"url\":\"https:\/\/inmobiliaria-lex.com\/en\/\",\"name\":\"Inmobiliaria Lex D\u00e9nia\",\"description\":\"Inmobiliaria en D\u00e9nia\",\"publisher\":{\"@id\":\"https:\/\/inmobiliaria-lex.com\/en\/#organization\"},\"potentialAction\":[{\"@type\":\"SearchAction\",\"target\":{\"@type\":\"EntryPoint\",\"urlTemplate\":\"https:\/\/inmobiliaria-lex.com\/en\/?s={search_term_string}\"},\"query-input\":{\"@type\":\"PropertyValueSpecification\",\"valueRequired\":true,\"valueName\":\"search_term_string\"}}],\"inLanguage\":\"en-US\"},{\"@type\":\"Organization\",\"@id\":\"https:\/\/inmobiliaria-lex.com\/en\/#organization\",\"name\":\"Agencia Inmobiliaria Lex. D\u00e9nia\",\"url\":\"https:\/\/inmobiliaria-lex.com\/en\/\",\"logo\":{\"@type\":\"ImageObject\",\"inLanguage\":\"en-US\",\"@id\":\"https:\/\/inmobiliaria-lex.com\/en\/#\/schema\/logo\/image\/\",\"url\":\"https:\/\/inmobiliaria-lex.com\/wp-content\/uploads\/2020\/02\/inmobiliaria_lex_denia.png\",\"contentUrl\":\"https:\/\/inmobiliaria-lex.com\/wp-content\/uploads\/2020\/02\/inmobiliaria_lex_denia.png\",\"width\":176,\"height\":111,\"caption\":\"Agencia Inmobiliaria Lex. D\u00e9nia\"},\"image\":{\"@id\":\"https:\/\/inmobiliaria-lex.com\/en\/#\/schema\/logo\/image\/\"},\"sameAs\":[\"https:\/\/www.facebook.com\/LEXDENIA\",\"https:\/\/www.instagram.com\/deniainmolex\/\"]},{\"@type\":\"Person\",\"@id\":\"https:\/\/inmobiliaria-lex.com\/en\/#\/schema\/person\/1aa994699b790066990c86d352ff8fec\",\"name\":\"inmobiliaria lex denia\",\"image\":{\"@type\":\"ImageObject\",\"inLanguage\":\"en-US\",\"@id\":\"https:\/\/inmobiliaria-lex.com\/en\/#\/schema\/person\/image\/\",\"url\":\"https:\/\/secure.gravatar.com\/avatar\/4843a7e97f3a2d82ecb361a9c26707d2e6c75f4002ff82a72ff5f4e5fef8ae3a?s=96&d=mm&r=g\",\"contentUrl\":\"https:\/\/secure.gravatar.com\/avatar\/4843a7e97f3a2d82ecb361a9c26707d2e6c75f4002ff82a72ff5f4e5fef8ae3a?s=96&d=mm&r=g\",\"caption\":\"inmobiliaria lex denia\"}}]}<\/script>\n<!-- \/ Yoast SEO plugin. -->","yoast_head_json":{"title":"9 claves para preparar el jard\u00edn en Primavera. \u00a1Vamos all\u00e1\u00a1","description":"Aqu\u00ed tienes 9 claves para preparar de forma sencilla tu jard\u00edn en primavera. Crea bellos espacios en tu jard\u00edn y disfruta de cada rinc\u00f3n.","robots":{"index":"index","follow":"follow","max-snippet":"max-snippet:-1","max-image-preview":"max-image-preview:large","max-video-preview":"max-video-preview:-1"},"canonical":"https:\/\/inmobiliaria-lex.com\/en\/claves-jardin-primavera\/","og_locale":"en_US","og_type":"article","og_title":"9 claves para preparar el jard\u00edn en Primavera. \u00a1Vamos all\u00e1\u00a1","og_description":"Aqu\u00ed tienes 9 claves para preparar de forma sencilla tu jard\u00edn en primavera. Crea bellos espacios en tu jard\u00edn y disfruta de cada rinc\u00f3n.","og_url":"https:\/\/inmobiliaria-lex.com\/en\/claves-jardin-primavera\/","og_site_name":"Agencia Inmobiliaria Lex D\u00e9nia","article_publisher":"https:\/\/www.facebook.com\/LEXDENIA","article_published_time":"2021-04-05T17:08:04+00:00","article_modified_time":"2021-04-05T17:08:07+00:00","og_image":[{"width":644,"height":363,"url":"https:\/\/inmobiliaria-lex.com\/wp-content\/uploads\/2021\/03\/Preparar-jardin-en-primavera.jpg","type":"image\/jpeg"}],"author":"inmobiliaria lex denia","twitter_card":"summary_large_image","twitter_misc":{"Written by":"inmobiliaria lex denia","Est. reading time":"9 minutes"},"schema":{"@context":"https:\/\/schema.org","@graph":[{"@type":"Article","@id":"https:\/\/inmobiliaria-lex.com\/en\/claves-jardin-primavera\/#article","isPartOf":{"@id":"https:\/\/inmobiliaria-lex.com\/en\/claves-jardin-primavera\/"},"author":{"name":"inmobiliaria lex denia","@id":"https:\/\/inmobiliaria-lex.com\/en\/#\/schema\/person\/1aa994699b790066990c86d352ff8fec"},"headline":"Claves Jard\u00edn Primavera: Prepara el jard\u00edn con estas 9 claves","datePublished":"2021-04-05T17:08:04+00:00","dateModified":"2021-04-05T17:08:07+00:00","mainEntityOfPage":{"@id":"https:\/\/inmobiliaria-lex.com\/en\/claves-jardin-primavera\/"},"wordCount":925,"publisher":{"@id":"https:\/\/inmobiliaria-lex.com\/en\/#organization"},"image":{"@id":"https:\/\/inmobiliaria-lex.com\/en\/claves-jardin-primavera\/#primaryimage"},"thumbnailUrl":"https:\/\/inmobiliaria-lex.com\/wp-content\/uploads\/2021\/03\/Preparar-jardin-en-primavera.jpg","keywords":["cuidados de la casa","cuidados del jard\u00edn"],"articleSection":["Blog inmobiliario","Noticias inmobiliarias"],"inLanguage":"en-US"},{"@type":"WebPage","@id":"https:\/\/inmobiliaria-lex.com\/en\/claves-jardin-primavera\/","url":"https:\/\/inmobiliaria-lex.com\/en\/claves-jardin-primavera\/","name":"9 claves para preparar el jard\u00edn en Primavera. \u00a1Vamos all\u00e1\u00a1","isPartOf":{"@id":"https:\/\/inmobiliaria-lex.com\/en\/#website"},"primaryImageOfPage":{"@id":"https:\/\/inmobiliaria-lex.com\/en\/claves-jardin-primavera\/#primaryimage"},"image":{"@id":"https:\/\/inmobiliaria-lex.com\/en\/claves-jardin-primavera\/#primaryimage"},"thumbnailUrl":"https:\/\/inmobiliaria-lex.com\/wp-content\/uploads\/2021\/03\/Preparar-jardin-en-primavera.jpg","datePublished":"2021-04-05T17:08:04+00:00","dateModified":"2021-04-05T17:08:07+00:00","description":"Aqu\u00ed tienes 9 claves para preparar de forma sencilla tu jard\u00edn en primavera. Crea bellos espacios en tu jard\u00edn y disfruta de cada rinc\u00f3n.","breadcrumb":{"@id":"https:\/\/inmobiliaria-lex.com\/en\/claves-jardin-primavera\/#breadcrumb"},"inLanguage":"en-US","potentialAction":[{"@type":"ReadAction","target":["https:\/\/inmobiliaria-lex.com\/en\/claves-jardin-primavera\/"]}]},{"@type":"ImageObject","inLanguage":"en-US","@id":"https:\/\/inmobiliaria-lex.com\/en\/claves-jardin-primavera\/#primaryimage","url":"https:\/\/inmobiliaria-lex.com\/wp-content\/uploads\/2021\/03\/Preparar-jardin-en-primavera.jpg","contentUrl":"https:\/\/inmobiliaria-lex.com\/wp-content\/uploads\/2021\/03\/Preparar-jardin-en-primavera.jpg","width":644,"height":363,"caption":"8 claves para preparar jardin en primavera"},{"@type":"BreadcrumbList","@id":"https:\/\/inmobiliaria-lex.com\/en\/claves-jardin-primavera\/#breadcrumb","itemListElement":[{"@type":"ListItem","position":1,"name":"Portada","item":"https:\/\/inmobiliaria-lex.com\/en\/inicio\/"},{"@type":"ListItem","position":2,"name":"Claves Jard\u00edn Primavera: Prepara el jard\u00edn con estas 9 claves"}]},{"@type":"WebSite","@id":"https:\/\/inmobiliaria-lex.com\/en\/#website","url":"https:\/\/inmobiliaria-lex.com\/en\/","name":"Inmobiliaria Lex D\u00e9nia","description":"Inmobiliaria en D\u00e9nia","publisher":{"@id":"https:\/\/inmobiliaria-lex.com\/en\/#organization"},"potentialAction":[{"@type":"SearchAction","target":{"@type":"EntryPoint","urlTemplate":"https:\/\/inmobiliaria-lex.com\/en\/?s={search_term_string}"},"query-input":{"@type":"PropertyValueSpecification","valueRequired":true,"valueName":"search_term_string"}}],"inLanguage":"en-US"},{"@type":"Organization","@id":"https:\/\/inmobiliaria-lex.com\/en\/#organization","name":"Agencia Inmobiliaria Lex. D\u00e9nia","url":"https:\/\/inmobiliaria-lex.com\/en\/","logo":{"@type":"ImageObject","inLanguage":"en-US","@id":"https:\/\/inmobiliaria-lex.com\/en\/#\/schema\/logo\/image\/","url":"https:\/\/inmobiliaria-lex.com\/wp-content\/uploads\/2020\/02\/inmobiliaria_lex_denia.png","contentUrl":"https:\/\/inmobiliaria-lex.com\/wp-content\/uploads\/2020\/02\/inmobiliaria_lex_denia.png","width":176,"height":111,"caption":"Agencia Inmobiliaria Lex. D\u00e9nia"},"image":{"@id":"https:\/\/inmobiliaria-lex.com\/en\/#\/schema\/logo\/image\/"},"sameAs":["https:\/\/www.facebook.com\/LEXDENIA","https:\/\/www.instagram.com\/deniainmolex\/"]},{"@type":"Person","@id":"https:\/\/inmobiliaria-lex.com\/en\/#\/schema\/person\/1aa994699b790066990c86d352ff8fec","name":"inmobiliaria lex denia","image":{"@type":"ImageObject","inLanguage":"en-US","@id":"https:\/\/inmobiliaria-lex.com\/en\/#\/schema\/person\/image\/","url":"https:\/\/secure.gravatar.com\/avatar\/4843a7e97f3a2d82ecb361a9c26707d2e6c75f4002ff82a72ff5f4e5fef8ae3a?s=96&d=mm&r=g","contentUrl":"https:\/\/secure.gravatar.com\/avatar\/4843a7e97f3a2d82ecb361a9c26707d2e6c75f4002ff82a72ff5f4e5fef8ae3a?s=96&d=mm&r=g","caption":"inmobiliaria lex denia"}}]}},"_links":{"self":[{"href":"https:\/\/inmobiliaria-lex.com\/en\/wp-json\/wp\/v2\/posts\/6411","targetHints":{"allow":["GET"]}}],"collection":[{"href":"https:\/\/inmobiliaria-lex.com\/en\/wp-json\/wp\/v2\/posts"}],"about":[{"href":"https:\/\/inmobiliaria-lex.com\/en\/wp-json\/wp\/v2\/types\/post"}],"author":[{"embeddable":true,"href":"https:\/\/inmobiliaria-lex.com\/en\/wp-json\/wp\/v2\/users\/1"}],"replies":[{"embeddable":true,"href":"https:\/\/inmobiliaria-lex.com\/en\/wp-json\/wp\/v2\/comments?post=6411"}],"version-history":[{"count":0,"href":"https:\/\/inmobiliaria-lex.com\/en\/wp-json\/wp\/v2\/posts\/6411\/revisions"}],"wp:featuredmedia":[{"embeddable":true,"href":"https:\/\/inmobiliaria-lex.com\/en\/wp-json\/wp\/v2\/media\/6413"}],"wp:attachment":[{"href":"https:\/\/inmobiliaria-lex.com\/en\/wp-json\/wp\/v2\/media?parent=6411"}],"wp:term":[{"taxonomy":"category","embeddable":true,"href":"https:\/\/inmobiliaria-lex.com\/en\/wp-json\/wp\/v2\/categories?post=6411"},{"taxonomy":"post_tag","embeddable":true,"href":"https:\/\/inmobiliaria-lex.com\/en\/wp-json\/wp\/v2\/tags?post=6411"}],"curies":[{"name":"wp","href":"https:\/\/api.w.org\/{rel}","templated":true}]}}