{"id":6714,"date":"2021-07-06T23:24:38","date_gmt":"2021-07-06T23:24:38","guid":{"rendered":"https:\/\/inmobiliaria-lex.com\/?p=6714"},"modified":"2021-07-06T23:24:41","modified_gmt":"2021-07-06T23:24:41","slug":"ayudas-al-alquiler-2021","status":"publish","type":"post","link":"https:\/\/inmobiliaria-lex.com\/en\/ayudas-al-alquiler-2021\/","title":{"rendered":"Ayudas al alquiler de vivienda 2021 GVA"},"content":{"rendered":"\n<p>\u00bfEres arrendatario de una vivienda en la Comunidad Valenciana y quieres saber si puedes pedir las ayudas al alquiler 2021?<\/p>\n\n\n\n<figure class=\"wp-block-image size-large\"><img loading=\"lazy\" decoding=\"async\" width=\"1024\" height=\"576\" src=\"https:\/\/inmobiliaria-lex.com\/wp-content\/uploads\/2021\/07\/ayudas-alquiler-2021-1024x576.jpg\" alt=\"Ayudas al alquiler de vivienda 2021 en la Comunidad Valenciana\" class=\"wp-image-6719\" srcset=\"https:\/\/inmobiliaria-lex.com\/wp-content\/uploads\/2021\/07\/ayudas-alquiler-2021-980x551.jpg 980w, https:\/\/inmobiliaria-lex.com\/wp-content\/uploads\/2021\/07\/ayudas-alquiler-2021-480x270.jpg 480w\" sizes=\"(min-width: 0px) and (max-width: 480px) 480px, (min-width: 481px) and (max-width: 980px) 980px, (min-width: 981px) 1024px, 100vw\" \/><figcaption>Ayudas al Alquiler Vivienda en GVA 2021<\/figcaption><\/figure>\n\n\n\n<p>Aqu\u00ed te resolvemos algunas cuestiones que pueden ser de tu inter\u00e9s y que te ayudar\u00e1n a saber si puedes ser beneficiario de la ayuda de alquiler, por qu\u00e9 importe y en c\u00f3mo y en qu\u00e9 plazo debes presentar la documentaci\u00f3n<\/p>\n\n\n\n<h2 class=\"wp-block-heading\"><strong><span class=\"has-inline-color has-luminous-vivid-orange-color\">1.- \u00bfCu\u00e1ndo se puede solicitar la ayuda al alquiler 2021?<\/span><\/strong><\/h2>\n\n\n\n<p>El plazo para la presentaci\u00f3n de solicitudes&nbsp;<strong>empieza el d\u00eda 10 de junio<\/strong>&nbsp;y&nbsp;<strong>finaliza&nbsp;<\/strong>el d\u00eda&nbsp;<strong>8 de julio de 2021<\/strong>.<\/p>\n\n\n\n<h2 class=\"wp-block-heading\"><span class=\"has-inline-color has-luminous-vivid-orange-color\">2.- <strong>\u00bfQui\u00e9n puede solicitar la ayuda?<\/strong><\/span><\/h2>\n\n\n\n<p>Las personas f\u00edsicas inquilinas mayores de edad que re\u00fanan los requisitos de la base 2\u00aa de la convocatoria.<\/p>\n\n\n\n<p>Solicitar\u00e1n una ayuda directa para el alquiler de su vivienda habitual y permanente situada en la Comunidad Valenciana.<\/p>\n\n\n\n<p>Comprender\u00e1 las mensualidades pagadas desde el 1 de enero hasta el 31 de diciembre de 2021.<\/p>\n\n\n\n<h2 class=\"wp-block-heading\"><span class=\"has-inline-color has-luminous-vivid-orange-color\">3.- \u00bf<strong>Qu\u00e9 requisitos se debe cumplir?<\/strong><\/span><\/h2>\n\n\n\n<p>&#8211; Ser persona f\u00edsica y mayor de edad.<\/p>\n\n\n\n<p>&nbsp;&#8211; Tener la nacionalidad espa\u00f1ola todos los miembros de la unidad de convivencia y DNI&nbsp; los mayores de 16 a\u00f1os.&nbsp; En caso de personas extranjeras deber\u00e1n tener permiso de trabajo y residencia en vigor y poseer el NIE todos los miembros de la unidad de convivencia mayores de 16 a\u00f1os.<\/p>\n\n\n\n<p>&#8211;&nbsp; Ser titular, como persona arrendataria, de un contrato de arrendamiento de vivienda formalizado conforme a la Ley 29\/1994, de 24 de noviembre, de Arrendamientos Urbanos.<\/p>\n\n\n\n<p>&#8211; La vivienda arrendada debe ser la residencia habitual y permanente de la persona arrendataria o unidad de convivencia, durante todo el periodo por el que se concede la ayuda. Se acreditar\u00e1 mediante certificado o volante de empadronamiento con antig\u00fcedad inferior de 3 meses, donde debe constar todos los miembros de la unidad de convivencia.<\/p>\n\n\n\n<p>&#8211; La unidad de convivencia debe acreditar unos ingresos m\u00ednimos de 0,3 veces el IPREM.<\/p>\n\n\n\n<p>&#8211; La suma de los ingresos de las personas que integran la unidad de convivencia, consten o no como titulares del contrato de arrendamiento, deben ser iguales o inferiores a 3 veces el Indicador P\u00fablico de Renta de Efectos M\u00faltiples (IPREM), salvo determinadas excepciones que se indican en la base 2\u00aa . 1 d) de la Orden 3\/2021 de bases reguladoras.<\/p>\n\n\n\n<p>&nbsp;&#8211; La renta de la vivienda en alquiler ha de ser igual o inferior a los l\u00edmites indicados en la base 5\u00aa de la Orden 3\/2021 de bases reguladoras.<\/p>\n\n\n\n<h2 class=\"wp-block-heading\"><span class=\"has-inline-color has-luminous-vivid-orange-color\">4.- <strong>\u00bfEn qu\u00e9 casos no se podr\u00e1 ser beneficiario de estas ayudas?<\/strong><\/span><\/h2>\n\n\n\n<p>&#8211; Si eres propietaria o usufructuaria de alguna vivienda en Espa\u00f1a. No se considerar\u00e1 que se es persona propietaria o usufructuaria de una vivienda si el derecho recae \u00fanicamente sobre una parte al\u00edcuota de la misma y se ha obtenido por herencia o transmisi\u00f3n mortis causa sin testamento. Se exceptuar\u00e1n de este requisito quienes siendo titulares de una vivienda acrediten la no disponibilidad de la misma por causa de separaci\u00f3n o divorcio, por cualquier otra causa ajena a su voluntad o cuando la vivienda resulte inaccesible por raz\u00f3n de discapacidad del titular o de alg\u00fan miembro de la unidad de convivencia.<\/p>\n\n\n\n<p>&nbsp;&#8211; La persona arrendataria o cualquiera que tenga su domicilio habitual y permanente en la vivienda arrendada, tenga parentesco en 1\u00ba o 2\u00ba grado de consanguinidad o de afinidad con el arrendador o arrendadora de la vivienda.<\/p>\n\n\n\n<p>&#8211; La arrendataria o cualquiera de las personas que tengan su domicilio habitual y permanente en la vivienda arrendada pertenezca a la misma sociedad o sea part\u00edcipe de la persona f\u00edsica o jur\u00eddica que act\u00fae como parte arrendadora.<\/p>\n\n\n\n<p>&nbsp;&#8211; Las personas f\u00edsicas en las que concurra alguna de las circunstancias del art. 13 de la Ley 38\/2003, general de subvenciones y, conforme al art\u00edculo 41 y el t\u00edtulo VI de la Ley 14\/2017 de la Generalitat, de memoria democr\u00e1tica y para la convivencia de la Comunitat Valenciana, hayan sido sancionadas por resoluci\u00f3n administrativa firme.<\/p>\n\n\n\n<h2 class=\"wp-block-heading\"><span class=\"has-inline-color has-luminous-vivid-orange-color\">5.- <strong>\u00bfCu\u00e1l es el importe de la ayuda?<\/strong><\/span><\/h2>\n\n\n\n<p>_ Hasta el 40 % del alquiler.<\/p>\n\n\n\n<p>_ Y hasta el 50 %, si la persona solicitante y todos los miembros de la unidad de convivencia tienen m\u00e1s de 65 a\u00f1os en el momento de presentar la solicitud.<\/p>\n\n\n\n<h2 class=\"wp-block-heading\"><span class=\"has-inline-color has-luminous-vivid-orange-color\">6.- <strong>\u00bfC\u00f3mo puedo solicitar la ayuda?<\/strong><\/span><\/h2>\n\n\n\n<p>Lo debe presentar como se indica en el apartado &#8220;<a href=\"https:\/\/www.gva.es\/es\/web\/portal\/inicio\/procedimientos?id_proc=18582#p_6\" target=\"_blank\" rel=\"noreferrer noopener\">\u00bfC\u00f3mo se tramita?<\/a>&#8221; del enlace del t\u00edtulo &#8220;Tr\u00e1mites presentaci\u00f3n solicitud&#8221; de la p\u00e1gina web de la GVA.<\/p>\n\n\n\n<h2 class=\"wp-block-heading\"><strong><span class=\"has-inline-color has-luminous-vivid-orange-color\">7.- \u00bfA qu\u00e9 mail dirigirte si tienes problemas con el tr\u00e1mite telem\u00e1tico?<\/span><\/strong><\/h2>\n\n\n\n<p>Si tuviera problemas con el tr\u00e1mite telem\u00e1tico, puede enviar un correo a &#8220;generalitat_en_red@gva.es&#8221;.<\/p>\n\n\n\n<h2 class=\"wp-block-heading\"><span class=\"has-inline-color has-luminous-vivid-orange-color\">8.- <strong>\u00bfQu\u00e9 documentaci\u00f3n debo presentar?<\/strong><\/span><\/h2>\n\n\n\n<p>Debe presentar la documentaci\u00f3n que se indica en el apartado &#8220;<strong><a href=\"https:\/\/www.gva.es\/es\/web\/portal\/inicio\/procedimientos?id_proc=18582#p_5\" target=\"_blank\" rel=\"noreferrer noopener\">\u00bfQu\u00e9 documentaci\u00f3n se debe presentar?<\/a><\/strong><\/p>\n\n\n\n<figure class=\"wp-block-image size-large\"><img loading=\"lazy\" decoding=\"async\" width=\"724\" height=\"1024\" src=\"https:\/\/inmobiliaria-lex.com\/wp-content\/uploads\/2021\/07\/Ayudas-alquiler-vivienda-2021-724x1024.jpg\" alt=\"\" class=\"wp-image-6715\"\/><figcaption>Cartel ayudas alquiler vivienda 2021 GVA<\/figcaption><\/figure>\n\n\n\n<h3 class=\"wp-block-heading\"><span class=\"has-inline-color has-luminous-vivid-orange-color\">\u00bfBuscas vivienda en Denia?<\/span><\/h3>\n\n\n\n<p>Si buscas vivienda en Denia, no lo dudes, visita <strong><span class=\"has-inline-color has-luminous-vivid-orange-color\"><a href=\"http:\/\/www.inmobiliaria-lex.com\" target=\"_blank\" rel=\"noreferrer noopener\">nuestra web<\/a><\/span><\/strong> y da un vistazo a nuestra oferta de <strong><a href=\"https:\/\/inmobiliaria-lex.com\/alquiler-denia-anual\/alquiler-vivienda-denia-ondara-el-verger-pedreguer\/\" target=\"_blank\" rel=\"noreferrer noopener\">ALQUILER ANUAL<\/a><\/strong>, <strong><a href=\"https:\/\/inmobiliaria-lex.com\/alquiler-vacaciones-denia\/\" target=\"_blank\" rel=\"noreferrer noopener\">ALQUILER VACACIONAL <\/a><\/strong>o<strong><a href=\"https:\/\/inmobiliaria-lex.com\/comprar-propiedad-denia\/venta-vivienda-denia-ondara-pedreguer-el-verger\/\" target=\"_blank\" rel=\"noreferrer noopener\"> VENTA de inmuebles<\/a><\/strong>.<\/p>\n\n\n\n<p>En Inmobiliaria Lex contar\u00e1s con la experiencia y profesionalidad del Agente de la Propiedad Inmobiliaria.  M\u00e1s de 55 a\u00f1os en Denia nos avalan.<\/p>\n\n\n\n<p>Y para empezar te invitamos a descubrir nuestra entrada en el blog de: <strong><a href=\"https:\/\/inmobiliaria-lex.com\/alquiler-en-denia-consejos\/\" target=\"_blank\" rel=\"noreferrer noopener\">Consejos para encontrar tu vivienda <\/a><\/strong><\/p>\n","protected":false},"excerpt":{"rendered":"<p>\u00bfEres arrendatario de una vivienda en la Comunidad Valenciana y quieres saber si puedes pedir las ayudas al alquiler 2021? Aqu\u00ed te resolvemos algunas cuestiones que pueden ser de tu inter\u00e9s y que te ayudar\u00e1n a saber si puedes ser beneficiario de la ayuda de alquiler, por qu\u00e9 importe y en c\u00f3mo y en qu\u00e9 [&hellip;]<\/p>\n","protected":false},"author":1,"featured_media":6725,"comment_status":"closed","ping_status":"closed","sticky":false,"template":"","format":"standard","meta":{"_et_pb_use_builder":"","_et_pb_old_content":"","_et_gb_content_width":"","footnotes":""},"categories":[55,175],"tags":[360,46,361,353,357,354,356,358,254],"class_list":["post-6714","post","type-post","status-publish","format-standard","has-post-thumbnail","hentry","category-alquiler-vivienda-denia","category-blog-inmobiliario","tag-api-alicante","tag-api-denia","tag-api-valencia","tag-ayudas-alquiler-2021","tag-ayudas-alquiler-comunidad-valenciana","tag-ayudas-alquiler-vivienda-2021","tag-ayudas-gva","tag-como-pedir-ayudas-alquiiler","tag-inmobiliaria-lex-fr"],"yoast_head":"<!-- This site is optimized with the Yoast SEO plugin v25.9 - https:\/\/yoast.com\/wordpress\/plugins\/seo\/ -->\n<title>Ayudas al alquiler de vivienda 2021 GVA | Agencia Inmobiliaria Lex D\u00e9nia<\/title>\n<meta name=\"description\" content=\"\u00bfEres inquilino de una vivienda en la Comunidad Valenciana? Te informamos de QUI\u00c9N tiene derecho y C\u00d3MO pedir las AYUDAS AL ALQUILER en 2021\" \/>\n<meta name=\"robots\" content=\"index, follow, max-snippet:-1, max-image-preview:large, max-video-preview:-1\" \/>\n<link rel=\"canonical\" href=\"https:\/\/inmobiliaria-lex.com\/en\/ayudas-al-alquiler-2021\/\" \/>\n<meta property=\"og:locale\" content=\"en_US\" \/>\n<meta property=\"og:type\" content=\"article\" \/>\n<meta property=\"og:title\" content=\"Ayudas al alquiler de vivienda 2021 GVA | Agencia Inmobiliaria Lex D\u00e9nia\" \/>\n<meta property=\"og:description\" content=\"\u00bfEres inquilino de una vivienda en la Comunidad Valenciana? Te informamos de QUI\u00c9N tiene derecho y C\u00d3MO pedir las AYUDAS AL ALQUILER en 2021\" \/>\n<meta property=\"og:url\" content=\"https:\/\/inmobiliaria-lex.com\/en\/ayudas-al-alquiler-2021\/\" \/>\n<meta property=\"og:site_name\" content=\"Agencia Inmobiliaria Lex D\u00e9nia\" \/>\n<meta property=\"article:publisher\" content=\"https:\/\/www.facebook.com\/LEXDENIA\" \/>\n<meta property=\"article:published_time\" content=\"2021-07-06T23:24:38+00:00\" \/>\n<meta property=\"article:modified_time\" content=\"2021-07-06T23:24:41+00:00\" \/>\n<meta property=\"og:image\" content=\"https:\/\/inmobiliaria-lex.com\/wp-content\/uploads\/2021\/07\/ayudas-alquiler-2021-1.jpg\" \/>\n\t<meta property=\"og:image:width\" content=\"1080\" \/>\n\t<meta property=\"og:image:height\" content=\"1080\" \/>\n\t<meta property=\"og:image:type\" content=\"image\/jpeg\" \/>\n<meta name=\"author\" content=\"inmobiliaria lex denia\" \/>\n<meta name=\"twitter:card\" content=\"summary_large_image\" \/>\n<meta name=\"twitter:label1\" content=\"Written by\" \/>\n\t<meta name=\"twitter:data1\" content=\"inmobiliaria lex denia\" \/>\n\t<meta name=\"twitter:label2\" content=\"Est. reading time\" \/>\n\t<meta name=\"twitter:data2\" content=\"5 minutes\" \/>\n<script type=\"application\/ld+json\" class=\"yoast-schema-graph\">{\"@context\":\"https:\/\/schema.org\",\"@graph\":[{\"@type\":\"Article\",\"@id\":\"https:\/\/inmobiliaria-lex.com\/en\/ayudas-al-alquiler-2021\/#article\",\"isPartOf\":{\"@id\":\"https:\/\/inmobiliaria-lex.com\/en\/ayudas-al-alquiler-2021\/\"},\"author\":{\"name\":\"inmobiliaria lex denia\",\"@id\":\"https:\/\/inmobiliaria-lex.com\/en\/#\/schema\/person\/1aa994699b790066990c86d352ff8fec\"},\"headline\":\"Ayudas al alquiler de vivienda 2021 GVA\",\"datePublished\":\"2021-07-06T23:24:38+00:00\",\"dateModified\":\"2021-07-06T23:24:41+00:00\",\"mainEntityOfPage\":{\"@id\":\"https:\/\/inmobiliaria-lex.com\/en\/ayudas-al-alquiler-2021\/\"},\"wordCount\":893,\"publisher\":{\"@id\":\"https:\/\/inmobiliaria-lex.com\/en\/#organization\"},\"image\":{\"@id\":\"https:\/\/inmobiliaria-lex.com\/en\/ayudas-al-alquiler-2021\/#primaryimage\"},\"thumbnailUrl\":\"https:\/\/inmobiliaria-lex.com\/wp-content\/uploads\/2021\/07\/ayudas-alquiler-2021-1.jpg\",\"keywords\":[\"api alicante\",\"API Denia\",\"api valencia\",\"ayudas alquiler 2021\",\"Ayudas alquiler Comunidad Valenciana\",\"ayudas alquiler vivienda 2021\",\"ayudas GVA\",\"como pedir ayudas alquiiler\",\"Inmobiliaria Lex\"],\"articleSection\":[\"Alquilar vivienda\",\"Blog inmobiliario\"],\"inLanguage\":\"en-US\"},{\"@type\":\"WebPage\",\"@id\":\"https:\/\/inmobiliaria-lex.com\/en\/ayudas-al-alquiler-2021\/\",\"url\":\"https:\/\/inmobiliaria-lex.com\/en\/ayudas-al-alquiler-2021\/\",\"name\":\"Ayudas al alquiler de vivienda 2021 GVA | Agencia Inmobiliaria Lex D\u00e9nia\",\"isPartOf\":{\"@id\":\"https:\/\/inmobiliaria-lex.com\/en\/#website\"},\"primaryImageOfPage\":{\"@id\":\"https:\/\/inmobiliaria-lex.com\/en\/ayudas-al-alquiler-2021\/#primaryimage\"},\"image\":{\"@id\":\"https:\/\/inmobiliaria-lex.com\/en\/ayudas-al-alquiler-2021\/#primaryimage\"},\"thumbnailUrl\":\"https:\/\/inmobiliaria-lex.com\/wp-content\/uploads\/2021\/07\/ayudas-alquiler-2021-1.jpg\",\"datePublished\":\"2021-07-06T23:24:38+00:00\",\"dateModified\":\"2021-07-06T23:24:41+00:00\",\"description\":\"\u00bfEres inquilino de una vivienda en la Comunidad Valenciana? Te informamos de QUI\u00c9N tiene derecho y C\u00d3MO pedir las AYUDAS AL ALQUILER en 2021\",\"breadcrumb\":{\"@id\":\"https:\/\/inmobiliaria-lex.com\/en\/ayudas-al-alquiler-2021\/#breadcrumb\"},\"inLanguage\":\"en-US\",\"potentialAction\":[{\"@type\":\"ReadAction\",\"target\":[\"https:\/\/inmobiliaria-lex.com\/en\/ayudas-al-alquiler-2021\/\"]}]},{\"@type\":\"ImageObject\",\"inLanguage\":\"en-US\",\"@id\":\"https:\/\/inmobiliaria-lex.com\/en\/ayudas-al-alquiler-2021\/#primaryimage\",\"url\":\"https:\/\/inmobiliaria-lex.com\/wp-content\/uploads\/2021\/07\/ayudas-alquiler-2021-1.jpg\",\"contentUrl\":\"https:\/\/inmobiliaria-lex.com\/wp-content\/uploads\/2021\/07\/ayudas-alquiler-2021-1.jpg\",\"width\":1080,\"height\":1080,\"caption\":\"Ayudas alquiler 2021\"},{\"@type\":\"BreadcrumbList\",\"@id\":\"https:\/\/inmobiliaria-lex.com\/en\/ayudas-al-alquiler-2021\/#breadcrumb\",\"itemListElement\":[{\"@type\":\"ListItem\",\"position\":1,\"name\":\"Portada\",\"item\":\"https:\/\/inmobiliaria-lex.com\/en\/inicio\/\"},{\"@type\":\"ListItem\",\"position\":2,\"name\":\"Ayudas al alquiler de vivienda 2021 GVA\"}]},{\"@type\":\"WebSite\",\"@id\":\"https:\/\/inmobiliaria-lex.com\/en\/#website\",\"url\":\"https:\/\/inmobiliaria-lex.com\/en\/\",\"name\":\"Inmobiliaria Lex D\u00e9nia\",\"description\":\"Inmobiliaria en D\u00e9nia\",\"publisher\":{\"@id\":\"https:\/\/inmobiliaria-lex.com\/en\/#organization\"},\"potentialAction\":[{\"@type\":\"SearchAction\",\"target\":{\"@type\":\"EntryPoint\",\"urlTemplate\":\"https:\/\/inmobiliaria-lex.com\/en\/?s={search_term_string}\"},\"query-input\":{\"@type\":\"PropertyValueSpecification\",\"valueRequired\":true,\"valueName\":\"search_term_string\"}}],\"inLanguage\":\"en-US\"},{\"@type\":\"Organization\",\"@id\":\"https:\/\/inmobiliaria-lex.com\/en\/#organization\",\"name\":\"Agencia Inmobiliaria Lex. D\u00e9nia\",\"url\":\"https:\/\/inmobiliaria-lex.com\/en\/\",\"logo\":{\"@type\":\"ImageObject\",\"inLanguage\":\"en-US\",\"@id\":\"https:\/\/inmobiliaria-lex.com\/en\/#\/schema\/logo\/image\/\",\"url\":\"https:\/\/inmobiliaria-lex.com\/wp-content\/uploads\/2020\/02\/inmobiliaria_lex_denia.png\",\"contentUrl\":\"https:\/\/inmobiliaria-lex.com\/wp-content\/uploads\/2020\/02\/inmobiliaria_lex_denia.png\",\"width\":176,\"height\":111,\"caption\":\"Agencia Inmobiliaria Lex. D\u00e9nia\"},\"image\":{\"@id\":\"https:\/\/inmobiliaria-lex.com\/en\/#\/schema\/logo\/image\/\"},\"sameAs\":[\"https:\/\/www.facebook.com\/LEXDENIA\",\"https:\/\/www.instagram.com\/deniainmolex\/\"]},{\"@type\":\"Person\",\"@id\":\"https:\/\/inmobiliaria-lex.com\/en\/#\/schema\/person\/1aa994699b790066990c86d352ff8fec\",\"name\":\"inmobiliaria lex denia\",\"image\":{\"@type\":\"ImageObject\",\"inLanguage\":\"en-US\",\"@id\":\"https:\/\/inmobiliaria-lex.com\/en\/#\/schema\/person\/image\/\",\"url\":\"https:\/\/secure.gravatar.com\/avatar\/4843a7e97f3a2d82ecb361a9c26707d2e6c75f4002ff82a72ff5f4e5fef8ae3a?s=96&d=mm&r=g\",\"contentUrl\":\"https:\/\/secure.gravatar.com\/avatar\/4843a7e97f3a2d82ecb361a9c26707d2e6c75f4002ff82a72ff5f4e5fef8ae3a?s=96&d=mm&r=g\",\"caption\":\"inmobiliaria lex denia\"}}]}<\/script>\n<!-- \/ Yoast SEO plugin. -->","yoast_head_json":{"title":"Ayudas al alquiler de vivienda 2021 GVA | Agencia Inmobiliaria Lex D\u00e9nia","description":"\u00bfEres inquilino de una vivienda en la Comunidad Valenciana? Te informamos de QUI\u00c9N tiene derecho y C\u00d3MO pedir las AYUDAS AL ALQUILER en 2021","robots":{"index":"index","follow":"follow","max-snippet":"max-snippet:-1","max-image-preview":"max-image-preview:large","max-video-preview":"max-video-preview:-1"},"canonical":"https:\/\/inmobiliaria-lex.com\/en\/ayudas-al-alquiler-2021\/","og_locale":"en_US","og_type":"article","og_title":"Ayudas al alquiler de vivienda 2021 GVA | Agencia Inmobiliaria Lex D\u00e9nia","og_description":"\u00bfEres inquilino de una vivienda en la Comunidad Valenciana? Te informamos de QUI\u00c9N tiene derecho y C\u00d3MO pedir las AYUDAS AL ALQUILER en 2021","og_url":"https:\/\/inmobiliaria-lex.com\/en\/ayudas-al-alquiler-2021\/","og_site_name":"Agencia Inmobiliaria Lex D\u00e9nia","article_publisher":"https:\/\/www.facebook.com\/LEXDENIA","article_published_time":"2021-07-06T23:24:38+00:00","article_modified_time":"2021-07-06T23:24:41+00:00","og_image":[{"width":1080,"height":1080,"url":"https:\/\/inmobiliaria-lex.com\/wp-content\/uploads\/2021\/07\/ayudas-alquiler-2021-1.jpg","type":"image\/jpeg"}],"author":"inmobiliaria lex denia","twitter_card":"summary_large_image","twitter_misc":{"Written by":"inmobiliaria lex denia","Est. reading time":"5 minutes"},"schema":{"@context":"https:\/\/schema.org","@graph":[{"@type":"Article","@id":"https:\/\/inmobiliaria-lex.com\/en\/ayudas-al-alquiler-2021\/#article","isPartOf":{"@id":"https:\/\/inmobiliaria-lex.com\/en\/ayudas-al-alquiler-2021\/"},"author":{"name":"inmobiliaria lex denia","@id":"https:\/\/inmobiliaria-lex.com\/en\/#\/schema\/person\/1aa994699b790066990c86d352ff8fec"},"headline":"Ayudas al alquiler de vivienda 2021 GVA","datePublished":"2021-07-06T23:24:38+00:00","dateModified":"2021-07-06T23:24:41+00:00","mainEntityOfPage":{"@id":"https:\/\/inmobiliaria-lex.com\/en\/ayudas-al-alquiler-2021\/"},"wordCount":893,"publisher":{"@id":"https:\/\/inmobiliaria-lex.com\/en\/#organization"},"image":{"@id":"https:\/\/inmobiliaria-lex.com\/en\/ayudas-al-alquiler-2021\/#primaryimage"},"thumbnailUrl":"https:\/\/inmobiliaria-lex.com\/wp-content\/uploads\/2021\/07\/ayudas-alquiler-2021-1.jpg","keywords":["api alicante","API Denia","api valencia","ayudas alquiler 2021","Ayudas alquiler Comunidad Valenciana","ayudas alquiler vivienda 2021","ayudas GVA","como pedir ayudas alquiiler","Inmobiliaria Lex"],"articleSection":["Alquilar vivienda","Blog inmobiliario"],"inLanguage":"en-US"},{"@type":"WebPage","@id":"https:\/\/inmobiliaria-lex.com\/en\/ayudas-al-alquiler-2021\/","url":"https:\/\/inmobiliaria-lex.com\/en\/ayudas-al-alquiler-2021\/","name":"Ayudas al alquiler de vivienda 2021 GVA | Agencia Inmobiliaria Lex D\u00e9nia","isPartOf":{"@id":"https:\/\/inmobiliaria-lex.com\/en\/#website"},"primaryImageOfPage":{"@id":"https:\/\/inmobiliaria-lex.com\/en\/ayudas-al-alquiler-2021\/#primaryimage"},"image":{"@id":"https:\/\/inmobiliaria-lex.com\/en\/ayudas-al-alquiler-2021\/#primaryimage"},"thumbnailUrl":"https:\/\/inmobiliaria-lex.com\/wp-content\/uploads\/2021\/07\/ayudas-alquiler-2021-1.jpg","datePublished":"2021-07-06T23:24:38+00:00","dateModified":"2021-07-06T23:24:41+00:00","description":"\u00bfEres inquilino de una vivienda en la Comunidad Valenciana? Te informamos de QUI\u00c9N tiene derecho y C\u00d3MO pedir las AYUDAS AL ALQUILER en 2021","breadcrumb":{"@id":"https:\/\/inmobiliaria-lex.com\/en\/ayudas-al-alquiler-2021\/#breadcrumb"},"inLanguage":"en-US","potentialAction":[{"@type":"ReadAction","target":["https:\/\/inmobiliaria-lex.com\/en\/ayudas-al-alquiler-2021\/"]}]},{"@type":"ImageObject","inLanguage":"en-US","@id":"https:\/\/inmobiliaria-lex.com\/en\/ayudas-al-alquiler-2021\/#primaryimage","url":"https:\/\/inmobiliaria-lex.com\/wp-content\/uploads\/2021\/07\/ayudas-alquiler-2021-1.jpg","contentUrl":"https:\/\/inmobiliaria-lex.com\/wp-content\/uploads\/2021\/07\/ayudas-alquiler-2021-1.jpg","width":1080,"height":1080,"caption":"Ayudas alquiler 2021"},{"@type":"BreadcrumbList","@id":"https:\/\/inmobiliaria-lex.com\/en\/ayudas-al-alquiler-2021\/#breadcrumb","itemListElement":[{"@type":"ListItem","position":1,"name":"Portada","item":"https:\/\/inmobiliaria-lex.com\/en\/inicio\/"},{"@type":"ListItem","position":2,"name":"Ayudas al alquiler de vivienda 2021 GVA"}]},{"@type":"WebSite","@id":"https:\/\/inmobiliaria-lex.com\/en\/#website","url":"https:\/\/inmobiliaria-lex.com\/en\/","name":"Inmobiliaria Lex D\u00e9nia","description":"Inmobiliaria en D\u00e9nia","publisher":{"@id":"https:\/\/inmobiliaria-lex.com\/en\/#organization"},"potentialAction":[{"@type":"SearchAction","target":{"@type":"EntryPoint","urlTemplate":"https:\/\/inmobiliaria-lex.com\/en\/?s={search_term_string}"},"query-input":{"@type":"PropertyValueSpecification","valueRequired":true,"valueName":"search_term_string"}}],"inLanguage":"en-US"},{"@type":"Organization","@id":"https:\/\/inmobiliaria-lex.com\/en\/#organization","name":"Agencia Inmobiliaria Lex. D\u00e9nia","url":"https:\/\/inmobiliaria-lex.com\/en\/","logo":{"@type":"ImageObject","inLanguage":"en-US","@id":"https:\/\/inmobiliaria-lex.com\/en\/#\/schema\/logo\/image\/","url":"https:\/\/inmobiliaria-lex.com\/wp-content\/uploads\/2020\/02\/inmobiliaria_lex_denia.png","contentUrl":"https:\/\/inmobiliaria-lex.com\/wp-content\/uploads\/2020\/02\/inmobiliaria_lex_denia.png","width":176,"height":111,"caption":"Agencia Inmobiliaria Lex. D\u00e9nia"},"image":{"@id":"https:\/\/inmobiliaria-lex.com\/en\/#\/schema\/logo\/image\/"},"sameAs":["https:\/\/www.facebook.com\/LEXDENIA","https:\/\/www.instagram.com\/deniainmolex\/"]},{"@type":"Person","@id":"https:\/\/inmobiliaria-lex.com\/en\/#\/schema\/person\/1aa994699b790066990c86d352ff8fec","name":"inmobiliaria lex denia","image":{"@type":"ImageObject","inLanguage":"en-US","@id":"https:\/\/inmobiliaria-lex.com\/en\/#\/schema\/person\/image\/","url":"https:\/\/secure.gravatar.com\/avatar\/4843a7e97f3a2d82ecb361a9c26707d2e6c75f4002ff82a72ff5f4e5fef8ae3a?s=96&d=mm&r=g","contentUrl":"https:\/\/secure.gravatar.com\/avatar\/4843a7e97f3a2d82ecb361a9c26707d2e6c75f4002ff82a72ff5f4e5fef8ae3a?s=96&d=mm&r=g","caption":"inmobiliaria lex denia"}}]}},"_links":{"self":[{"href":"https:\/\/inmobiliaria-lex.com\/en\/wp-json\/wp\/v2\/posts\/6714","targetHints":{"allow":["GET"]}}],"collection":[{"href":"https:\/\/inmobiliaria-lex.com\/en\/wp-json\/wp\/v2\/posts"}],"about":[{"href":"https:\/\/inmobiliaria-lex.com\/en\/wp-json\/wp\/v2\/types\/post"}],"author":[{"embeddable":true,"href":"https:\/\/inmobiliaria-lex.com\/en\/wp-json\/wp\/v2\/users\/1"}],"replies":[{"embeddable":true,"href":"https:\/\/inmobiliaria-lex.com\/en\/wp-json\/wp\/v2\/comments?post=6714"}],"version-history":[{"count":0,"href":"https:\/\/inmobiliaria-lex.com\/en\/wp-json\/wp\/v2\/posts\/6714\/revisions"}],"wp:featuredmedia":[{"embeddable":true,"href":"https:\/\/inmobiliaria-lex.com\/en\/wp-json\/wp\/v2\/media\/6725"}],"wp:attachment":[{"href":"https:\/\/inmobiliaria-lex.com\/en\/wp-json\/wp\/v2\/media?parent=6714"}],"wp:term":[{"taxonomy":"category","embeddable":true,"href":"https:\/\/inmobiliaria-lex.com\/en\/wp-json\/wp\/v2\/categories?post=6714"},{"taxonomy":"post_tag","embeddable":true,"href":"https:\/\/inmobiliaria-lex.com\/en\/wp-json\/wp\/v2\/tags?post=6714"}],"curies":[{"name":"wp","href":"https:\/\/api.w.org\/{rel}","templated":true}]}}