{"id":10150,"date":"2025-12-30T23:18:04","date_gmt":"2025-12-30T23:18:04","guid":{"rendered":"https:\/\/inmobiliaria-lex.com\/?p=10150"},"modified":"2025-12-30T23:20:32","modified_gmt":"2025-12-30T23:20:32","slug":"alquiler-temporal-denia","status":"publish","type":"post","link":"https:\/\/inmobiliaria-lex.com\/fr\/alquiler-temporal-denia\/","title":{"rendered":"Alquiler Temporal en Denia: Tu Refugio de Invierno y Teletrabajo"},"content":{"rendered":"\n<h1 class=\"wp-block-heading has-luminous-vivid-orange-color has-text-color has-link-color wp-elements-f38531964492a13243c38e4822f62f07\">Denia: El destino perfecto para vivir, teletrabajar y cuidarte esta temporada<\/h1>\n\n\n\n<p>\u00bfTe imaginas cambiar el fr\u00edo intenso o el estr\u00e9s de la gran ciudad por amaneceres frente al Mediterr\u00e1neo y paseos bajo el sol? Denia no es solo un destino de vacaciones de verano; es el lugar ideal para quienes buscan un <strong>alquiler temporal de calidad<\/strong> entre los meses de <strong>enero y mayo<\/strong>.<\/p>\n\n\n\n<p>Ya sea por motivos de <strong>teletrabajo<\/strong>, una estancia por <strong>salud y bienestar<\/strong>, o simplemente para disfrutar de una jubilaci\u00f3n activa en un entorno privilegiado, vivir en Denia durante la temporada baja es una experiencia que transforma.<\/p>\n\n\n\n<h2 class=\"wp-block-heading has-luminous-vivid-orange-color has-text-color has-link-color wp-elements-d4be9b1f2bec1f5cd1b293960064ef3c\">\u00bfPor qu\u00e9 elegir Denia para vivir temporalmente?<\/h2>\n\n\n\n<p>Denia, reconocida por la UNESCO como <strong>Ciudad Creativa de la Gastronom\u00eda<\/strong>, ofrece una calidad de vida dif\u00edcil de igualar en Europa durante los meses de oto\u00f1o, invierno y primavera.<\/p>\n\n\n\n<h3 class=\"wp-block-heading has-luminous-vivid-orange-color has-text-color has-link-color wp-elements-8a8f21bd7183934ef00604f1421b80fe\"><em>1. Clima y Salud: El Microclima Mediterr\u00e1neo<\/em><\/h3>\n\n\n\n<p>Con m\u00e1s de 300 d\u00edas de sol al a\u00f1o y temperaturas suaves que rara vez bajan de los 10\u00b0C en invierno, Denia es un b\u00e1lsamo para la salud. El aire puro del mar y la protecci\u00f3n del <strong>Parque Natural del Montg\u00f3<\/strong> crean un entorno perfecto para personas con problemas respiratorios o articulares, o para quienes simplemente desean recargar vitaminas D.<\/p>\n\n\n\n<h3 class=\"wp-block-heading has-luminous-vivid-orange-color has-text-color has-link-color wp-elements-324753f18004e8622de9b59bcebb2e0e\"><em>2. El Para\u00edso del Teletrabajo (Digital Nomads)<\/em><\/h3>\n\n\n\n<p>\u00bfBuscas inspiraci\u00f3n? Imagina terminar tu jornada laboral y dar un paseo por las calas de <strong>Les Rotes<\/strong> o tomar un caf\u00e9 en la animada <strong>Calle Loreto<\/strong>. Denia cuenta con una excelente conexi\u00f3n de fibra \u00f3ptica en toda la ciudad y una oferta de servicios (hospitales, supermercados, coworking) abierta durante todo el a\u00f1o.<\/p>\n\n\n\n<h3 class=\"wp-block-heading has-luminous-vivid-orange-color has-text-color has-link-color wp-elements-9faa28b7239b0a2718396a1e52163c24\"><em>3. Gastronom\u00eda y Cultura sin Multitudes<\/em><\/h3>\n\n\n\n<p>Vivir en Denia hasta mayo te permite disfrutar de la aut\u00e9ntica esencia local. Podr\u00e1s degustar la famosa <strong>Gamba Roja<\/strong> en el Mercado Municipal, visitar el <strong>Castillo de Denia<\/strong> sin colas y participar en tradiciones como las Fallas en marzo, viviendo la cultura alicantina desde dentro.<\/p>\n\n\n\n<hr class=\"wp-block-separator has-alpha-channel-opacity\"\/>\n\n\n\n<h2 class=\"wp-block-heading has-luminous-vivid-orange-color has-text-color has-link-color wp-elements-365afeea48bc21c9efcd56231546c8f0\">Nuestra Oferta de Alquiler Temporal en Denia (Hasta Mayo)<\/h2>\n\n\n\n<p>En <strong>Agencia Inmobiliaria Lex<\/strong>, hemos seleccionado los mejores inmuebles para que tu estancia temporal sea c\u00f3moda y sin preocupaciones. Todos nuestros alojamientos est\u00e1n totalmente equipados, algunos de ellos cuentan con conexi\u00f3n Wi-Fi y ubicaciones estrat\u00e9gicas.<\/p>\n\n\n\n<p>A continuaci\u00f3n, te presentamos nuestras joyas disponibles para alquiler de temporada en Denia de forma inmediata:<\/p>\n\n\n\n<h3 class=\"wp-block-heading has-vivid-cyan-blue-color has-text-color has-link-color wp-elements-d632bd7f36dcc5c28963247c9429ce26\">1. Tu refugio en \u00ab\u00a0El Palmar\u00a0\u00bb, Las Marinas<\/h3>\n\n\n\n<figure class=\"wp-block-image aligncenter size-large\"><img loading=\"lazy\" decoding=\"async\" width=\"1024\" height=\"768\" src=\"https:\/\/inmobiliaria-lex.com\/wp-content\/uploads\/2025\/12\/ALQUILER-DENIA-EL-PALMAR-1024x768.jpg\" alt=\"Alquiler temporal en Denia El Palmar\" class=\"wp-image-10154\" srcset=\"https:\/\/inmobiliaria-lex.com\/wp-content\/uploads\/2025\/12\/ALQUILER-DENIA-EL-PALMAR-980x735.jpg 980w, https:\/\/inmobiliaria-lex.com\/wp-content\/uploads\/2025\/12\/ALQUILER-DENIA-EL-PALMAR-480x360.jpg 480w\" sizes=\"(min-width: 0px) and (max-width: 480px) 480px, (min-width: 481px) and (max-width: 980px) 980px, (min-width: 981px) 1024px, 100vw\" \/><figcaption class=\"wp-element-caption\">Apartamento alquiler temporal Denia Palmar<\/figcaption><\/figure>\n\n\n\n<p class=\"has-small-font-size\">Ubicado en La Urbanizaci\u00f3n El Palmar este apartamento de un dormitorio se encuentra en un Residencial con una piscina de ensue\u00f1o. Est\u00e1 a un paseo de la Playa y de la zona Comercial Les Fonts.  A 4.5 kms de Denia. Ideal para teletrabajar con relax rodeado de palmeras y zonas verdes.  Y si eres amante del ejercicio y la bicicleta, en unos minutos te situar\u00e1s en la V\u00eda Verde donde respirar\u00e1s el aire puro rodeado del azahar de los huertos de naranjos.<\/p>\n\n\n\n<ul class=\"wp-block-list\">\n<li>Disponible hasta Junio 2026<\/li>\n\n\n\n<li>Precio: 550 \u20ac\/mes m\u00e1s luz y agua<\/li>\n<\/ul>\n\n\n\n<p><em>\ud83d\udc49<a href=\"https:\/\/inmobiliaria-lex.com\/recursos\/nficham06.php?cod_inmueble=75712757124011\" target=\"_blank\" rel=\"noreferrer noopener\"> Ver detalles de El Palmar y disponibilidad aqu\u00ed<\/a><\/em><\/p>\n\n\n\n<p><\/p>\n\n\n\n<h3 class=\"wp-block-heading has-vivid-cyan-blue-color has-text-color has-link-color wp-elements-30bac8aefc4670cb72303d277bc8f878\">2. Tu alquiler temporal en Marina Raset Denia: frente al Mar y junto al casco urbano<\/h3>\n\n\n\n<figure class=\"wp-block-image aligncenter size-large\"><img loading=\"lazy\" decoding=\"async\" width=\"1024\" height=\"576\" src=\"https:\/\/inmobiliaria-lex.com\/wp-content\/uploads\/2025\/12\/Alquiler-Denia-MARINA-RASET-1024x576.jpg\" alt=\"Alquiler temporal Denia: Marina Raset\" class=\"wp-image-10158\" srcset=\"https:\/\/inmobiliaria-lex.com\/wp-content\/uploads\/2025\/12\/Alquiler-Denia-MARINA-RASET-980x551.jpg 980w, https:\/\/inmobiliaria-lex.com\/wp-content\/uploads\/2025\/12\/Alquiler-Denia-MARINA-RASET-480x270.jpg 480w\" sizes=\"(min-width: 0px) and (max-width: 480px) 480px, (min-width: 481px) and (max-width: 980px) 980px, (min-width: 981px) 1024px, 100vw\" \/><figcaption class=\"wp-element-caption\">Alquiler temporal Denia Marina Raset<\/figcaption><\/figure>\n\n\n\n<p> <strong>Vive el latido de Denia en este apartamento en una urbanizaci\u00f3n tranquila con jard\u00edn y piscina comunitaria.<\/strong> Este luminoso apartamento de tres dormitorios es perfecto para quienes desean olvidarse del coche. Ubicado en la Avenida Consolat del Mar, el principio de la playa de las Marinas, junto a la Avenida Miguel Hern\u00e1ndez. En el tendr\u00e1s el lujo de teletrabajar o pasar temporadas del invierno y primavera en Denia relaj\u00e1ndote con paseos por la Marina de Denia donde en medio del paseo podr\u00e1s desayunar o comer en cualquiera de sus locales de restauraci\u00f3n viendo los barcos.  Tambi\u00e9n disfrutar\u00e1s de pasear por el centro hist\u00f3rico en apenas tres minutos. Ideal para estancias de salud gracias a su proximidad a todos los servicios y la brisa marina regeneradora.<\/p>\n\n\n\n<ul class=\"wp-block-list\">\n<li><strong>Lo mejor:<\/strong> Su ubicaci\u00f3n estrat\u00e9gica y luz natural durante todo el d\u00eda.<\/li>\n\n\n\n<li>Disponible hasta el 15 de junio de 2026<\/li>\n\n\n\n<li>Precio: 820 \u20ac\/mes m\u00e1s luz y agua<\/li>\n\n\n\n<li><em>\ud83d\udc49 <strong><a href=\"https:\/\/inmobiliaria-lex.com\/recursos\/nficham06.php?cod_inmueble=7571275712326800\" target=\"_blank\" rel=\"noreferrer noopener\">Reserva tu estancia en Marina Raset aqu\u00ed<\/a><\/strong><\/em><\/li>\n<\/ul>\n\n\n\n<h3 class=\"wp-block-heading has-vivid-cyan-blue-color has-text-color has-link-color wp-elements-337fea0b66b4e8aa65fa84491380b34c\">3. Apartamentos en Residencial Maravista: Con jard\u00edn, piscina, p\u00e1del y parque infantil<\/h3>\n\n\n\n<figure class=\"wp-block-image aligncenter size-large\"><img loading=\"lazy\" decoding=\"async\" width=\"1024\" height=\"683\" src=\"https:\/\/inmobiliaria-lex.com\/wp-content\/uploads\/2025\/12\/Allquiler-Denia-MARAVISTA-1024x683.jpg\" alt=\"Alquiler temporal Denia Marinas: Maravista\" class=\"wp-image-10162\" srcset=\"https:\/\/inmobiliaria-lex.com\/wp-content\/uploads\/2025\/12\/Allquiler-Denia-MARAVISTA-1024x683.jpg 1024w, https:\/\/inmobiliaria-lex.com\/wp-content\/uploads\/2025\/12\/Allquiler-Denia-MARAVISTA-980x653.jpg 980w, https:\/\/inmobiliaria-lex.com\/wp-content\/uploads\/2025\/12\/Allquiler-Denia-MARAVISTA-480x320.jpg 480w\" sizes=\"(min-width: 0px) and (max-width: 480px) 480px, (min-width: 481px) and (max-width: 980px) 980px, (min-width: 981px) 1024px, 100vw\" \/><figcaption class=\"wp-element-caption\">Alquiler temporada Denia en Playa Marinas<\/figcaption><\/figure>\n\n\n\n<p><strong>Relax rodeado de zonas verdes a un paso del Mediterr\u00e1neo.<\/strong> En este residencial disponemos de dos apartamentos: uno situado en 1\u00aa planta y otro en planta baja con jard\u00edn privado. Cuentan con buena terraza donde tus reuniones por videollamada tendr\u00e1n el mejor fondo posible: el verde del jard\u00edn mediterr\u00e1neo y el azul del cielo soleado. En ellos combinar\u00e1s una zona de trabajo tranquila donde la productividad se encuentra con el relax.<\/p>\n\n\n\n<ul class=\"wp-block-list\">\n<li><strong>Lo mejor:<\/strong> La paz absoluta y los atardeceres sobre la arena.<\/li>\n\n\n\n<li><em>\ud83d\udc49 <strong><a href=\"https:\/\/inmobiliaria-lex.com\/recursos\/nficham06.php?cod_inmueble=7571275712399800\">Ver detalles de apartamento 1\u00aa planta<\/a><\/strong><\/em><\/li>\n\n\n\n<li><em>\ud83d\udc49 <strong><a href=\"https:\/\/inmobiliaria-lex.com\/recursos\/nficham06.php?cod_inmueble=7571275712399600\" target=\"_blank\" rel=\"noreferrer noopener\">Ver informaci\u00f3n de apartamento opci\u00f3n planta baja<\/a><\/strong><\/em><\/li>\n<\/ul>\n\n\n\n<h3 class=\"wp-block-heading has-vivid-cyan-blue-color has-text-color has-link-color wp-elements-b4675914c27e00edb335e4808b6e4cb4\">4. Bungalows Jardines de Denia: Junto al Club de Tenis<\/h3>\n\n\n\n<figure class=\"wp-block-image size-large\"><img loading=\"lazy\" decoding=\"async\" width=\"1024\" height=\"766\" src=\"https:\/\/inmobiliaria-lex.com\/wp-content\/uploads\/2025\/12\/JARDINES-DE-DENIA-2-1024x766.jpg\" alt=\"Rentals Denia  - Locations Denia\" class=\"wp-image-10166\" srcset=\"https:\/\/inmobiliaria-lex.com\/wp-content\/uploads\/2025\/12\/JARDINES-DE-DENIA-2-1024x766.jpg 1024w, https:\/\/inmobiliaria-lex.com\/wp-content\/uploads\/2025\/12\/JARDINES-DE-DENIA-2-980x733.jpg 980w, https:\/\/inmobiliaria-lex.com\/wp-content\/uploads\/2025\/12\/JARDINES-DE-DENIA-2-480x359.jpg 480w\" sizes=\"(min-width: 0px) and (max-width: 480px) 480px, (min-width: 481px) and (max-width: 980px) 980px, (min-width: 981px) 1024px, 100vw\" \/><figcaption class=\"wp-element-caption\">Alquiler temporada Denia cerca Club de Tenis<\/figcaption><\/figure>\n\n\n\n<p><strong>Naturaleza y bienestar bajo el sol del invierno.<\/strong> Si buscas un retiro por motivos de salud, teletrabajo o simplemente desconectar, estos bungalows ser\u00e1n tu santuario. Distribuidos en tipo d\u00faplex, con jard\u00edn privado y rodeados de un bonito jard\u00edn y piscina comunitaria, ofrecen la temperatura perfecta gracias a su orientaci\u00f3n oeste. Andando acceder\u00e1s a varias cafeter\u00edas y restaurantes, supermercado Aldy, Rossman&#8230;. <\/p>\n\n\n\n<p>Un espacio amplio, seguro y privado para disfrutar del microclima de la Costa Blanca.<\/p>\n\n\n\n<ul class=\"wp-block-list\">\n<li><strong>Lo mejor:<\/strong> El silencio de la naturaleza y su cercan\u00eda al Club de Tenis, al casco urbano y al Parque de Les Bassetes.<\/li>\n\n\n\n<li>Disponible en 2 y 3 dormitorios.<\/li>\n\n\n\n<li>\ud83d\udc49 <strong><a href=\"https:\/\/inmobiliaria-lex.com\/recursos\/nficham06.php?cod_inmueble=7571275712360400\" target=\"_blank\" rel=\"noreferrer noopener\"><em>Consulta detalles del bungalow de 2 dormitorios aqu\u00ed<\/em><\/a><\/strong><\/li>\n\n\n\n<li>\ud83d\udc49<strong><a href=\"https:\/\/inmobiliaria-lex.com\/recursos\/nficham06.php?cod_inmueble=75712757123849\" target=\"_blank\" rel=\"noreferrer noopener\"> <em>M\u00e1s informaci\u00f3n del bungalow de 3 dormitorios aqu\u00ed<\/em><\/a><\/strong><\/li>\n<\/ul>\n\n\n\n<h3 class=\"wp-block-heading has-vivid-cyan-blue-color has-text-color has-link-color wp-elements-c2ab22afbb783701aede903f1c436dfb\">5. Apartamento Talima en 1\u00aa l\u00ednea de Playa: Acceso directo a la arena<\/h3>\n\n\n\n<figure class=\"wp-block-image size-full\"><img loading=\"lazy\" decoding=\"async\" width=\"1024\" height=\"683\" src=\"https:\/\/inmobiliaria-lex.com\/wp-content\/uploads\/2025\/12\/TALIMA.jpg\" alt=\"Alquiler Temporal primera l\u00ednea playa\" class=\"wp-image-10170\" srcset=\"https:\/\/inmobiliaria-lex.com\/wp-content\/uploads\/2025\/12\/TALIMA.jpg 1024w, https:\/\/inmobiliaria-lex.com\/wp-content\/uploads\/2025\/12\/TALIMA-980x654.jpg 980w, https:\/\/inmobiliaria-lex.com\/wp-content\/uploads\/2025\/12\/TALIMA-480x320.jpg 480w\" sizes=\"(min-width: 0px) and (max-width: 480px) 480px, (min-width: 481px) and (max-width: 980px) 980px, (min-width: 981px) 1024px, 100vw\" \/><figcaption class=\"wp-element-caption\">Alquiler Denia 1\u00ba l\u00ednea de playa<\/figcaption><\/figure>\n\n\n\n<p><strong>Comodidad de la planta baja con alma mediterr\u00e1nea.<\/strong> Un apartamento con una amplia terraza, jard\u00edn privado y jard\u00edn y piscina comunitaria. Ideal para estancias de varios meses. Se encuentra en una zona residencial tranquila, a un paseo de la Zona comercial Les Fonts, del supermercado Consum, farmacia, cafeter\u00edas y varios restaurantes de reconocido prestigio en Denia. Una opci\u00f3n pr\u00e1ctica para quienes vienen a Denia buscando relax, salud o proyectos temporales.<\/p>\n\n\n\n<ul class=\"wp-block-list\">\n<li><strong>Lo mejor:<\/strong> Salir cada d\u00eda a la playa desde el jard\u00edn y disfrutar de las impresionantes ca\u00eddas del sol en el mar<\/li>\n\n\n\n<li>\ud83d\udc49 <strong><a href=\"https:\/\/inmobiliaria-lex.com\/recursos\/nficham06.php?cod_inmueble=7571275712400400\" target=\"_blank\" rel=\"noreferrer noopener\">Haz de esta planta baja tu hogar temporal aqu\u00ed<\/a><\/strong><\/li>\n<\/ul>\n\n\n\n<h3 class=\"wp-block-heading has-vivid-cyan-blue-color has-text-color has-link-color wp-elements-65ad66fa1c93898d9270e71c349a7caf\">6. Bajo en Bah\u00eda Azul: Piscinas de ensue\u00f1o en 1\u00aa l\u00ednea de playa<\/h3>\n\n\n\n<figure class=\"wp-block-image aligncenter size-large\"><img loading=\"lazy\" decoding=\"async\" width=\"1024\" height=\"766\" src=\"https:\/\/inmobiliaria-lex.com\/wp-content\/uploads\/2025\/12\/Alquiler-temporal-bahia-azul-1024x766.jpg\" alt=\"Alquiler Temporal Bah\u00eda Azul Denia\" class=\"wp-image-10174\" srcset=\"https:\/\/inmobiliaria-lex.com\/wp-content\/uploads\/2025\/12\/Alquiler-temporal-bahia-azul-980x733.jpg 980w, https:\/\/inmobiliaria-lex.com\/wp-content\/uploads\/2025\/12\/Alquiler-temporal-bahia-azul-480x359.jpg 480w\" sizes=\"(min-width: 0px) and (max-width: 480px) 480px, (min-width: 481px) and (max-width: 980px) 980px, (min-width: 981px) 1024px, 100vw\" \/><figcaption class=\"wp-element-caption\">Alquiler Temporal Bahia Azul Denia<\/figcaption><\/figure>\n\n\n\n<p>Ubicado en  la reconocida urbanizaci\u00f3n Bah\u00eda Azul, esta planta baja de 3 dormitorios dispone de una de las mejoras piscinas de la Costa Mediterr\u00e1nea: Amplia, con distintas formas y tama\u00f1os, rodeada de palmeras, buganvilla y vegetaci\u00f3n Mediterr\u00e1nea.   <\/p>\n\n\n\n<ul class=\"wp-block-list\">\n<li>Lo mejor: Despertar cada ma\u00f1ana con el sonido de los p\u00e1jaros respirando la brisa del mar<\/li>\n\n\n\n<li>Disponible hasta mayo<\/li>\n<\/ul>\n\n\n\n<p>\ud83d\udc49 Ver detalles y disponibilidad aqu\u00ed<\/p>\n\n\n\n<h2 class=\"wp-block-heading has-luminous-vivid-orange-color has-text-color has-link-color wp-elements-7635c1b277332b40650627cb9e579483\">Tu Alquiler de Invierno \/ Primavera:<\/h2>\n\n\n\n<ul class=\"wp-block-list\">\n<li><strong>Flexibilidad:<\/strong> Los precios de alquiler temporal son mucho m\u00e1s competitivos que el alquiler vacacional de verano.<\/li>\n\n\n\n<li>En las fichas de los inmuebles podr\u00e1s ver el precio establecido para un m\u00ednimo de meses y su fecha m\u00e1xima de disponibilidad.  Si deseas alquilar un periodo m\u00e1s corto consulta las opciones y precios seg\u00fan el periodo<\/li>\n\n\n\n<li>Si buscas alquilar viviendas para cortas estancias tipo vacacional, aqu\u00ed te presentamos nuestra oferta: \ud83d\udc49 <strong><a href=\"https:\/\/inmobiliaria-lex.com\/recursos\/nficham06.php?cod_inmueble=7571275712400400\" target=\"_blank\" rel=\"noreferrer noopener\">Haz clic en vivienda vacacional<\/a><\/strong><\/li>\n\n\n\n<li><strong>Equipamiento:<\/strong> Todos los apartamentos est\u00e1n equipados con menaje de cocina, televisi\u00f3n, lavadora y lo necesario para disfrutar de una vivienda de alquiler de temporada de corta estancia.<\/li>\n\n\n\n<li><strong>Pregunta m\u00e1s detalles en el whatsapp: +34 626 99 52 17<\/strong> <\/li>\n<\/ul>\n\n\n\n<p>\u00bfEst\u00e1s listo para<strong><em> vivir la experiencia Denia <\/em><\/strong>este invierno o esta primavera?<\/p>\n\n\n\n<blockquote class=\"wp-block-quote is-layout-flow wp-block-quote-is-layout-flow\">\n<p class=\"has-text-align-center\"><strong>No dejes pasar la oportunidad de despertar cada ma\u00f1ana en la Costa Blanca. <\/strong><\/p>\n<\/blockquote>\n\n\n\n<blockquote class=\"wp-block-quote is-layout-flow wp-block-quote-is-layout-flow\">\n<p class=\"has-text-align-center has-luminous-vivid-orange-color has-text-color has-link-color wp-elements-ab47bd479e8f0525bef7d17cc2a3a63a\"><strong><em>Los meses de enero a mayo son la \u00ab\u00a0estaci\u00f3n secreta\u00a0\u00bb que solo los privilegiados conocen.<\/em><\/strong><\/p>\n<\/blockquote>\n\n\n\n<p><strong>Contacta <\/strong>con nosotros para m\u00e1s informaci\u00f3n<strong> e<\/strong>n <strong>denia@inmobiliaria-lex.com<\/strong> o pide la informaci\u00f3n desde la<strong><a href=\"https:\/\/inmobiliaria-lex.com\/contacto\/\"> p\u00e1gina web de contacto<\/a><\/strong><\/p>\n\n\n\n<figure class=\"wp-block-image aligncenter size-full\"><img loading=\"lazy\" decoding=\"async\" width=\"811\" height=\"105\" src=\"https:\/\/inmobiliaria-lex.com\/wp-content\/uploads\/2020\/05\/pie-blog-naranja-1.png\" alt=\"Alquiler y Venta inmuebles en Denia Inmobiliaria Lex\" class=\"wp-image-3978\" title=\"alquiler temporal en Denia\" srcset=\"https:\/\/inmobiliaria-lex.com\/wp-content\/uploads\/2020\/05\/pie-blog-naranja-1.png 811w, https:\/\/inmobiliaria-lex.com\/wp-content\/uploads\/2020\/05\/pie-blog-naranja-1-480x62.png 480w\" sizes=\"(min-width: 0px) and (max-width: 480px) 480px, (min-width: 481px) 811px, 100vw\" \/><figcaption class=\"wp-element-caption\">Inmobiliaria Lex Denia<\/figcaption><\/figure>\n","protected":false},"excerpt":{"rendered":"<p>Denia: El destino perfecto para vivir, teletrabajar y cuidarte esta temporada \u00bfTe imaginas cambiar el fr\u00edo intenso o el estr\u00e9s de la gran ciudad por amaneceres frente al Mediterr\u00e1neo y paseos bajo el sol? Denia no es solo un destino de vacaciones de verano; es el lugar ideal para quienes buscan un alquiler temporal de [&hellip;]<\/p>\n","protected":false},"author":2,"featured_media":10178,"comment_status":"closed","ping_status":"closed","sticky":false,"template":"","format":"standard","meta":{"_et_pb_use_builder":"","_et_pb_old_content":"","_et_gb_content_width":"","footnotes":""},"categories":[36],"tags":[640,645,642,646,643,639,641],"class_list":["post-10150","post","type-post","status-publish","format-standard","has-post-thumbnail","hentry","category-alquiler-en-denia","tag-alquiler-hasta-mayo-denia","tag-alquiler-invierno-denia","tag-alquiler-temporal-denia","tag-denia-alquiler-temporada","tag-inmobiliaria-en-denia","tag-teletrabajo-costa-blanca","tag-vivir-en-denia-invierno"],"yoast_head":"<!-- This site is optimized with the Yoast SEO plugin v25.9 - https:\/\/yoast.com\/wordpress\/plugins\/seo\/ -->\n<title>Alquiler Temporal en Denia: Tu Refugio de Invierno y Teletrabajo | Agencia Inmobiliaria Lex D\u00e9nia<\/title>\n<meta name=\"description\" content=\"\u00bfBuscas un alquiler temporal en Denia? \ud83c\udf0a Descubre los mejores inmuebles disponibles hasta mayo. Ideal para teletrabajo, salud o relax en la Costa Blanca. \u00a1Vive el invierno bajo el sol de Denia con todas las comodidades!\" \/>\n<meta name=\"robots\" content=\"index, follow, max-snippet:-1, max-image-preview:large, max-video-preview:-1\" \/>\n<link rel=\"canonical\" href=\"https:\/\/inmobiliaria-lex.com\/fr\/alquiler-temporal-denia\/\" \/>\n<meta property=\"og:locale\" content=\"fr_FR\" \/>\n<meta property=\"og:type\" content=\"article\" \/>\n<meta property=\"og:title\" content=\"Alquiler Temporal en Denia: Tu Refugio de Invierno y Teletrabajo | Agencia Inmobiliaria Lex D\u00e9nia\" \/>\n<meta property=\"og:description\" content=\"\u00bfBuscas un alquiler temporal en Denia? \ud83c\udf0a Descubre los mejores inmuebles disponibles hasta mayo. Ideal para teletrabajo, salud o relax en la Costa Blanca. \u00a1Vive el invierno bajo el sol de Denia con todas las comodidades!\" \/>\n<meta property=\"og:url\" content=\"https:\/\/inmobiliaria-lex.com\/fr\/alquiler-temporal-denia\/\" \/>\n<meta property=\"og:site_name\" content=\"Agencia Inmobiliaria Lex D\u00e9nia\" \/>\n<meta property=\"article:publisher\" content=\"https:\/\/www.facebook.com\/LEXDENIA\" \/>\n<meta property=\"article:published_time\" content=\"2025-12-30T23:18:04+00:00\" \/>\n<meta property=\"article:modified_time\" content=\"2025-12-30T23:20:32+00:00\" \/>\n<meta property=\"og:image\" content=\"https:\/\/inmobiliaria-lex.com\/wp-content\/uploads\/2025\/12\/Alquiler-temporal-Denia.jpg\" \/>\n\t<meta property=\"og:image:width\" content=\"940\" \/>\n\t<meta property=\"og:image:height\" content=\"788\" \/>\n\t<meta property=\"og:image:type\" content=\"image\/jpeg\" \/>\n<meta name=\"author\" content=\"Lex D\u00e9nia\" \/>\n<meta name=\"twitter:card\" content=\"summary_large_image\" \/>\n<meta name=\"twitter:label1\" content=\"\u00c9crit par\" \/>\n\t<meta name=\"twitter:data1\" content=\"Lex D\u00e9nia\" \/>\n\t<meta name=\"twitter:label2\" content=\"Dur\u00e9e de lecture estim\u00e9e\" \/>\n\t<meta name=\"twitter:data2\" content=\"7 minutes\" \/>\n<script type=\"application\/ld+json\" class=\"yoast-schema-graph\">{\"@context\":\"https:\/\/schema.org\",\"@graph\":[{\"@type\":\"Article\",\"@id\":\"https:\/\/inmobiliaria-lex.com\/fr\/alquiler-temporal-denia\/#article\",\"isPartOf\":{\"@id\":\"https:\/\/inmobiliaria-lex.com\/fr\/alquiler-temporal-denia\/\"},\"author\":{\"name\":\"Lex D\u00e9nia\",\"@id\":\"https:\/\/inmobiliaria-lex.com\/fr\/#\/schema\/person\/65a0efba0f41f73e6d63d4b97f52a08c\"},\"headline\":\"Alquiler Temporal en Denia: Tu Refugio de Invierno y Teletrabajo\",\"datePublished\":\"2025-12-30T23:18:04+00:00\",\"dateModified\":\"2025-12-30T23:20:32+00:00\",\"mainEntityOfPage\":{\"@id\":\"https:\/\/inmobiliaria-lex.com\/fr\/alquiler-temporal-denia\/\"},\"wordCount\":1374,\"publisher\":{\"@id\":\"https:\/\/inmobiliaria-lex.com\/fr\/#organization\"},\"image\":{\"@id\":\"https:\/\/inmobiliaria-lex.com\/fr\/alquiler-temporal-denia\/#primaryimage\"},\"thumbnailUrl\":\"https:\/\/inmobiliaria-lex.com\/wp-content\/uploads\/2025\/12\/Alquiler-temporal-Denia.jpg\",\"keywords\":[\"alquiler hasta mayo Denia\",\"alquiler invierno Denia\",\"Alquiler temporal Denia\",\"Denia alquiler temporada\",\"inmobiliaria en Denia\",\"teletrabajo Costa Blanca\",\"vivir en Denia invierno\"],\"articleSection\":[\"Alquiler en Denia\"],\"inLanguage\":\"fr-FR\"},{\"@type\":\"WebPage\",\"@id\":\"https:\/\/inmobiliaria-lex.com\/fr\/alquiler-temporal-denia\/\",\"url\":\"https:\/\/inmobiliaria-lex.com\/fr\/alquiler-temporal-denia\/\",\"name\":\"Alquiler Temporal en Denia: Tu Refugio de Invierno y Teletrabajo | Agencia Inmobiliaria Lex D\u00e9nia\",\"isPartOf\":{\"@id\":\"https:\/\/inmobiliaria-lex.com\/fr\/#website\"},\"primaryImageOfPage\":{\"@id\":\"https:\/\/inmobiliaria-lex.com\/fr\/alquiler-temporal-denia\/#primaryimage\"},\"image\":{\"@id\":\"https:\/\/inmobiliaria-lex.com\/fr\/alquiler-temporal-denia\/#primaryimage\"},\"thumbnailUrl\":\"https:\/\/inmobiliaria-lex.com\/wp-content\/uploads\/2025\/12\/Alquiler-temporal-Denia.jpg\",\"datePublished\":\"2025-12-30T23:18:04+00:00\",\"dateModified\":\"2025-12-30T23:20:32+00:00\",\"description\":\"\u00bfBuscas un alquiler temporal en Denia? \ud83c\udf0a Descubre los mejores inmuebles disponibles hasta mayo. Ideal para teletrabajo, salud o relax en la Costa Blanca. \u00a1Vive el invierno bajo el sol de Denia con todas las comodidades!\",\"breadcrumb\":{\"@id\":\"https:\/\/inmobiliaria-lex.com\/fr\/alquiler-temporal-denia\/#breadcrumb\"},\"inLanguage\":\"fr-FR\",\"potentialAction\":[{\"@type\":\"ReadAction\",\"target\":[\"https:\/\/inmobiliaria-lex.com\/fr\/alquiler-temporal-denia\/\"]}]},{\"@type\":\"ImageObject\",\"inLanguage\":\"fr-FR\",\"@id\":\"https:\/\/inmobiliaria-lex.com\/fr\/alquiler-temporal-denia\/#primaryimage\",\"url\":\"https:\/\/inmobiliaria-lex.com\/wp-content\/uploads\/2025\/12\/Alquiler-temporal-Denia.jpg\",\"contentUrl\":\"https:\/\/inmobiliaria-lex.com\/wp-content\/uploads\/2025\/12\/Alquiler-temporal-Denia.jpg\",\"width\":940,\"height\":788,\"caption\":\"Alquiler Temporal en Denia: Tu refugio\"},{\"@type\":\"BreadcrumbList\",\"@id\":\"https:\/\/inmobiliaria-lex.com\/fr\/alquiler-temporal-denia\/#breadcrumb\",\"itemListElement\":[{\"@type\":\"ListItem\",\"position\":1,\"name\":\"Portada\",\"item\":\"https:\/\/inmobiliaria-lex.com\/fr\/home\/\"},{\"@type\":\"ListItem\",\"position\":2,\"name\":\"Alquiler Temporal en Denia: Tu Refugio de Invierno y Teletrabajo\"}]},{\"@type\":\"WebSite\",\"@id\":\"https:\/\/inmobiliaria-lex.com\/fr\/#website\",\"url\":\"https:\/\/inmobiliaria-lex.com\/fr\/\",\"name\":\"Inmobiliaria Lex D\u00e9nia\",\"description\":\"Inmobiliaria en D\u00e9nia\",\"publisher\":{\"@id\":\"https:\/\/inmobiliaria-lex.com\/fr\/#organization\"},\"potentialAction\":[{\"@type\":\"SearchAction\",\"target\":{\"@type\":\"EntryPoint\",\"urlTemplate\":\"https:\/\/inmobiliaria-lex.com\/fr\/?s={search_term_string}\"},\"query-input\":{\"@type\":\"PropertyValueSpecification\",\"valueRequired\":true,\"valueName\":\"search_term_string\"}}],\"inLanguage\":\"fr-FR\"},{\"@type\":\"Organization\",\"@id\":\"https:\/\/inmobiliaria-lex.com\/fr\/#organization\",\"name\":\"Agencia Inmobiliaria Lex. D\u00e9nia\",\"url\":\"https:\/\/inmobiliaria-lex.com\/fr\/\",\"logo\":{\"@type\":\"ImageObject\",\"inLanguage\":\"fr-FR\",\"@id\":\"https:\/\/inmobiliaria-lex.com\/fr\/#\/schema\/logo\/image\/\",\"url\":\"https:\/\/inmobiliaria-lex.com\/wp-content\/uploads\/2020\/02\/inmobiliaria_lex_denia.png\",\"contentUrl\":\"https:\/\/inmobiliaria-lex.com\/wp-content\/uploads\/2020\/02\/inmobiliaria_lex_denia.png\",\"width\":176,\"height\":111,\"caption\":\"Agencia Inmobiliaria Lex. D\u00e9nia\"},\"image\":{\"@id\":\"https:\/\/inmobiliaria-lex.com\/fr\/#\/schema\/logo\/image\/\"},\"sameAs\":[\"https:\/\/www.facebook.com\/LEXDENIA\",\"https:\/\/www.instagram.com\/deniainmolex\/\"]},{\"@type\":\"Person\",\"@id\":\"https:\/\/inmobiliaria-lex.com\/fr\/#\/schema\/person\/65a0efba0f41f73e6d63d4b97f52a08c\",\"name\":\"Lex D\u00e9nia\",\"image\":{\"@type\":\"ImageObject\",\"inLanguage\":\"fr-FR\",\"@id\":\"https:\/\/inmobiliaria-lex.com\/fr\/#\/schema\/person\/image\/\",\"url\":\"https:\/\/secure.gravatar.com\/avatar\/9b187a48b70ffb2a14c5cb6918baa4556544e398674f7dd0bb8031a771a7f85e?s=96&d=mm&r=g\",\"contentUrl\":\"https:\/\/secure.gravatar.com\/avatar\/9b187a48b70ffb2a14c5cb6918baa4556544e398674f7dd0bb8031a771a7f85e?s=96&d=mm&r=g\",\"caption\":\"Lex D\u00e9nia\"},\"sameAs\":[\"https:\/\/inmobiliaria-lex.com\"]}]}<\/script>\n<!-- \/ Yoast SEO plugin. -->","yoast_head_json":{"title":"Alquiler Temporal en Denia: Tu Refugio de Invierno y Teletrabajo | Agencia Inmobiliaria Lex D\u00e9nia","description":"\u00bfBuscas un alquiler temporal en Denia? \ud83c\udf0a Descubre los mejores inmuebles disponibles hasta mayo. Ideal para teletrabajo, salud o relax en la Costa Blanca. \u00a1Vive el invierno bajo el sol de Denia con todas las comodidades!","robots":{"index":"index","follow":"follow","max-snippet":"max-snippet:-1","max-image-preview":"max-image-preview:large","max-video-preview":"max-video-preview:-1"},"canonical":"https:\/\/inmobiliaria-lex.com\/fr\/alquiler-temporal-denia\/","og_locale":"fr_FR","og_type":"article","og_title":"Alquiler Temporal en Denia: Tu Refugio de Invierno y Teletrabajo | Agencia Inmobiliaria Lex D\u00e9nia","og_description":"\u00bfBuscas un alquiler temporal en Denia? \ud83c\udf0a Descubre los mejores inmuebles disponibles hasta mayo. Ideal para teletrabajo, salud o relax en la Costa Blanca. \u00a1Vive el invierno bajo el sol de Denia con todas las comodidades!","og_url":"https:\/\/inmobiliaria-lex.com\/fr\/alquiler-temporal-denia\/","og_site_name":"Agencia Inmobiliaria Lex D\u00e9nia","article_publisher":"https:\/\/www.facebook.com\/LEXDENIA","article_published_time":"2025-12-30T23:18:04+00:00","article_modified_time":"2025-12-30T23:20:32+00:00","og_image":[{"width":940,"height":788,"url":"https:\/\/inmobiliaria-lex.com\/wp-content\/uploads\/2025\/12\/Alquiler-temporal-Denia.jpg","type":"image\/jpeg"}],"author":"Lex D\u00e9nia","twitter_card":"summary_large_image","twitter_misc":{"\u00c9crit par":"Lex D\u00e9nia","Dur\u00e9e de lecture estim\u00e9e":"7 minutes"},"schema":{"@context":"https:\/\/schema.org","@graph":[{"@type":"Article","@id":"https:\/\/inmobiliaria-lex.com\/fr\/alquiler-temporal-denia\/#article","isPartOf":{"@id":"https:\/\/inmobiliaria-lex.com\/fr\/alquiler-temporal-denia\/"},"author":{"name":"Lex D\u00e9nia","@id":"https:\/\/inmobiliaria-lex.com\/fr\/#\/schema\/person\/65a0efba0f41f73e6d63d4b97f52a08c"},"headline":"Alquiler Temporal en Denia: Tu Refugio de Invierno y Teletrabajo","datePublished":"2025-12-30T23:18:04+00:00","dateModified":"2025-12-30T23:20:32+00:00","mainEntityOfPage":{"@id":"https:\/\/inmobiliaria-lex.com\/fr\/alquiler-temporal-denia\/"},"wordCount":1374,"publisher":{"@id":"https:\/\/inmobiliaria-lex.com\/fr\/#organization"},"image":{"@id":"https:\/\/inmobiliaria-lex.com\/fr\/alquiler-temporal-denia\/#primaryimage"},"thumbnailUrl":"https:\/\/inmobiliaria-lex.com\/wp-content\/uploads\/2025\/12\/Alquiler-temporal-Denia.jpg","keywords":["alquiler hasta mayo Denia","alquiler invierno Denia","Alquiler temporal Denia","Denia alquiler temporada","inmobiliaria en Denia","teletrabajo Costa Blanca","vivir en Denia invierno"],"articleSection":["Alquiler en Denia"],"inLanguage":"fr-FR"},{"@type":"WebPage","@id":"https:\/\/inmobiliaria-lex.com\/fr\/alquiler-temporal-denia\/","url":"https:\/\/inmobiliaria-lex.com\/fr\/alquiler-temporal-denia\/","name":"Alquiler Temporal en Denia: Tu Refugio de Invierno y Teletrabajo | Agencia Inmobiliaria Lex D\u00e9nia","isPartOf":{"@id":"https:\/\/inmobiliaria-lex.com\/fr\/#website"},"primaryImageOfPage":{"@id":"https:\/\/inmobiliaria-lex.com\/fr\/alquiler-temporal-denia\/#primaryimage"},"image":{"@id":"https:\/\/inmobiliaria-lex.com\/fr\/alquiler-temporal-denia\/#primaryimage"},"thumbnailUrl":"https:\/\/inmobiliaria-lex.com\/wp-content\/uploads\/2025\/12\/Alquiler-temporal-Denia.jpg","datePublished":"2025-12-30T23:18:04+00:00","dateModified":"2025-12-30T23:20:32+00:00","description":"\u00bfBuscas un alquiler temporal en Denia? \ud83c\udf0a Descubre los mejores inmuebles disponibles hasta mayo. Ideal para teletrabajo, salud o relax en la Costa Blanca. \u00a1Vive el invierno bajo el sol de Denia con todas las comodidades!","breadcrumb":{"@id":"https:\/\/inmobiliaria-lex.com\/fr\/alquiler-temporal-denia\/#breadcrumb"},"inLanguage":"fr-FR","potentialAction":[{"@type":"ReadAction","target":["https:\/\/inmobiliaria-lex.com\/fr\/alquiler-temporal-denia\/"]}]},{"@type":"ImageObject","inLanguage":"fr-FR","@id":"https:\/\/inmobiliaria-lex.com\/fr\/alquiler-temporal-denia\/#primaryimage","url":"https:\/\/inmobiliaria-lex.com\/wp-content\/uploads\/2025\/12\/Alquiler-temporal-Denia.jpg","contentUrl":"https:\/\/inmobiliaria-lex.com\/wp-content\/uploads\/2025\/12\/Alquiler-temporal-Denia.jpg","width":940,"height":788,"caption":"Alquiler Temporal en Denia: Tu refugio"},{"@type":"BreadcrumbList","@id":"https:\/\/inmobiliaria-lex.com\/fr\/alquiler-temporal-denia\/#breadcrumb","itemListElement":[{"@type":"ListItem","position":1,"name":"Portada","item":"https:\/\/inmobiliaria-lex.com\/fr\/home\/"},{"@type":"ListItem","position":2,"name":"Alquiler Temporal en Denia: Tu Refugio de Invierno y Teletrabajo"}]},{"@type":"WebSite","@id":"https:\/\/inmobiliaria-lex.com\/fr\/#website","url":"https:\/\/inmobiliaria-lex.com\/fr\/","name":"Inmobiliaria Lex D\u00e9nia","description":"Inmobiliaria en D\u00e9nia","publisher":{"@id":"https:\/\/inmobiliaria-lex.com\/fr\/#organization"},"potentialAction":[{"@type":"SearchAction","target":{"@type":"EntryPoint","urlTemplate":"https:\/\/inmobiliaria-lex.com\/fr\/?s={search_term_string}"},"query-input":{"@type":"PropertyValueSpecification","valueRequired":true,"valueName":"search_term_string"}}],"inLanguage":"fr-FR"},{"@type":"Organization","@id":"https:\/\/inmobiliaria-lex.com\/fr\/#organization","name":"Agencia Inmobiliaria Lex. D\u00e9nia","url":"https:\/\/inmobiliaria-lex.com\/fr\/","logo":{"@type":"ImageObject","inLanguage":"fr-FR","@id":"https:\/\/inmobiliaria-lex.com\/fr\/#\/schema\/logo\/image\/","url":"https:\/\/inmobiliaria-lex.com\/wp-content\/uploads\/2020\/02\/inmobiliaria_lex_denia.png","contentUrl":"https:\/\/inmobiliaria-lex.com\/wp-content\/uploads\/2020\/02\/inmobiliaria_lex_denia.png","width":176,"height":111,"caption":"Agencia Inmobiliaria Lex. D\u00e9nia"},"image":{"@id":"https:\/\/inmobiliaria-lex.com\/fr\/#\/schema\/logo\/image\/"},"sameAs":["https:\/\/www.facebook.com\/LEXDENIA","https:\/\/www.instagram.com\/deniainmolex\/"]},{"@type":"Person","@id":"https:\/\/inmobiliaria-lex.com\/fr\/#\/schema\/person\/65a0efba0f41f73e6d63d4b97f52a08c","name":"Lex D\u00e9nia","image":{"@type":"ImageObject","inLanguage":"fr-FR","@id":"https:\/\/inmobiliaria-lex.com\/fr\/#\/schema\/person\/image\/","url":"https:\/\/secure.gravatar.com\/avatar\/9b187a48b70ffb2a14c5cb6918baa4556544e398674f7dd0bb8031a771a7f85e?s=96&d=mm&r=g","contentUrl":"https:\/\/secure.gravatar.com\/avatar\/9b187a48b70ffb2a14c5cb6918baa4556544e398674f7dd0bb8031a771a7f85e?s=96&d=mm&r=g","caption":"Lex D\u00e9nia"},"sameAs":["https:\/\/inmobiliaria-lex.com"]}]}},"_links":{"self":[{"href":"https:\/\/inmobiliaria-lex.com\/fr\/wp-json\/wp\/v2\/posts\/10150","targetHints":{"allow":["GET"]}}],"collection":[{"href":"https:\/\/inmobiliaria-lex.com\/fr\/wp-json\/wp\/v2\/posts"}],"about":[{"href":"https:\/\/inmobiliaria-lex.com\/fr\/wp-json\/wp\/v2\/types\/post"}],"author":[{"embeddable":true,"href":"https:\/\/inmobiliaria-lex.com\/fr\/wp-json\/wp\/v2\/users\/2"}],"replies":[{"embeddable":true,"href":"https:\/\/inmobiliaria-lex.com\/fr\/wp-json\/wp\/v2\/comments?post=10150"}],"version-history":[{"count":4,"href":"https:\/\/inmobiliaria-lex.com\/fr\/wp-json\/wp\/v2\/posts\/10150\/revisions"}],"predecessor-version":[{"id":10182,"href":"https:\/\/inmobiliaria-lex.com\/fr\/wp-json\/wp\/v2\/posts\/10150\/revisions\/10182"}],"wp:featuredmedia":[{"embeddable":true,"href":"https:\/\/inmobiliaria-lex.com\/fr\/wp-json\/wp\/v2\/media\/10178"}],"wp:attachment":[{"href":"https:\/\/inmobiliaria-lex.com\/fr\/wp-json\/wp\/v2\/media?parent=10150"}],"wp:term":[{"taxonomy":"category","embeddable":true,"href":"https:\/\/inmobiliaria-lex.com\/fr\/wp-json\/wp\/v2\/categories?post=10150"},{"taxonomy":"post_tag","embeddable":true,"href":"https:\/\/inmobiliaria-lex.com\/fr\/wp-json\/wp\/v2\/tags?post=10150"}],"curies":[{"name":"wp","href":"https:\/\/api.w.org\/{rel}","templated":true}]}}