{"id":6951,"date":"2022-02-27T21:15:00","date_gmt":"2022-02-27T21:15:00","guid":{"rendered":"https:\/\/inmobiliaria-lex.com\/?p=6951"},"modified":"2022-02-27T21:22:18","modified_gmt":"2022-02-27T21:22:18","slug":"programa-fallas-denia-2022","status":"publish","type":"post","link":"https:\/\/inmobiliaria-lex.com\/fr\/programa-fallas-denia-2022\/","title":{"rendered":"Programa de Fallas Denia 2022"},"content":{"rendered":"\n<p>Ya tenemos el Programa de las Fallas de Denia del 2022 y para que empec\u00e9is a hacer planes os recomendamos algunas de las viviendas que pod\u00e9is alquilar para vivirlas al m\u00e1ximo.<\/p>\n\n\n\n<p><strong>Al fin, este a\u00f1o 2022 Las Fallas de Denia van a ser una realidad<\/strong> y coincide con que <strong>la Junta Local Fallera celebra su 75 aniversario<\/strong> por lo que este a\u00f1o viene con un programa fallero lleno de actos, adaptados, eso s\u00ed, a la pandemia.<\/p>\n\n\n\n<figure class=\"wp-block-image size-large is-resized\"><img loading=\"lazy\" decoding=\"async\" src=\"https:\/\/inmobiliaria-lex.com\/wp-content\/uploads\/2022\/02\/2022-falles-Denia-Programa-1024x991.jpg\" alt=\"Programa de Fallas Denia 2022\" class=\"wp-image-6958\" width=\"1024\" height=\"991\" srcset=\"https:\/\/inmobiliaria-lex.com\/wp-content\/uploads\/2022\/02\/2022-falles-Denia-Programa-980x949.jpg 980w, https:\/\/inmobiliaria-lex.com\/wp-content\/uploads\/2022\/02\/2022-falles-Denia-Programa-480x465.jpg 480w\" sizes=\"(min-width: 0px) and (max-width: 480px) 480px, (min-width: 481px) and (max-width: 980px) 980px, (min-width: 981px) 1024px, 100vw\" \/><figcaption>Cartel a\u00f1o 2022 de las Fallas de Denia<\/figcaption><\/figure>\n\n\n\n<p>Las fallas forman parte de la identidad, la historia y la cultura de la Comunidad Valenciana y todos los valencianos estamos<strong> deseosos de volver a disfrutar del olor a p\u00f3lvora, de la charanga, de los monumentos de cart\u00f3n piedra y los pasacalles falleros.&nbsp;<\/strong><\/p>\n\n\n\n<h5 class=\"wp-block-heading\"><em>Estamos deseando que empiecen<strong> \u201cles despertaes\u201d<\/strong> y \u201c<strong>les mascletaes\u201d<\/strong>:<\/em><\/h5>\n\n\n\n<p>Son todo un terremoto de ruido a p\u00f3lvora que despierta cualquier rinc\u00f3n de la ciudad. Queremos volver a leer esos pergaminos con la cr\u00edtica local y nacional que tan ingeniosamente nos hacen pasar momentos m\u00e1gicos.<\/p>\n\n\n\n<p>Queremos que ese mundo colorido vuelva a impregnar nuestras vidas y podamos celebrar con nuestra familia y amigos las Fallas del 2022 en Denia.&nbsp; Ya llega el calorcito, la cervecita en \u201cels quatre cantons\u201d, las quedadas entre amigos &#8230;.<\/p>\n\n\n\n<p>Para empezar a disfrutarlas desde el 19 de febrero y hasta el 12 de marzo podemos visitar la<strong> <span class=\"has-inline-color has-luminous-vivid-orange-color\">exposici\u00f3n del Ninot<\/span><\/strong>, en <strong><em>la <a href=\"https:\/\/goo.gl\/maps\/d1sMkvjXuBowVRBb9\">Casa de la Marquesa Valero de Palma.<\/a><\/em><\/strong>  Est\u00e1 situada en el Carrer dels Cavallers, n\u00ba 3 de Denia, a pocos metros del Ayuntamiento.<\/p>\n\n\n\n<p>A partir del 11 de marzo empezar\u00e1 el montaje de los monumentos falleros. <\/p>\n\n\n\n<p>Este a\u00f1o tendremos dos masclet\u00e0s en la explanada de Torrecremada y ser\u00e1n los d\u00edas 17 y 18 de marzo. Debido a las aglomeraciones se deber\u00e1 acudir con mascarilla.<\/p>\n\n\n\n<p>A pocos d\u00edas de que empiecen a sonar los cohetes y las bandas de m\u00fasica y los pasacalles nos acompa\u00f1e, os dejamos <strong>el Programa de fiestas de Fallas Denia 2022<\/strong> con todos los horarios para que vay\u00e1is organiz\u00e1ndoos.<\/p>\n\n\n\n<figure class=\"wp-block-gallery columns-3 is-cropped wp-block-gallery-1 is-layout-flex wp-block-gallery-is-layout-flex\"><ul class=\"blocks-gallery-grid\"><li class=\"blocks-gallery-item\"><figure><img loading=\"lazy\" decoding=\"async\" width=\"684\" height=\"684\" src=\"https:\/\/inmobiliaria-lex.com\/wp-content\/uploads\/2022\/02\/Denia-fallas-1.jpg\" alt=\"\" data-id=\"6966\" data-full-url=\"https:\/\/inmobiliaria-lex.com\/wp-content\/uploads\/2022\/02\/Denia-fallas-1.jpg\" data-link=\"https:\/\/inmobiliaria-lex.com\/?attachment_id=6966\" class=\"wp-image-6966\" srcset=\"https:\/\/inmobiliaria-lex.com\/wp-content\/uploads\/2022\/02\/Denia-fallas-1.jpg 684w, https:\/\/inmobiliaria-lex.com\/wp-content\/uploads\/2022\/02\/Denia-fallas-1-480x480.jpg 480w\" sizes=\"(min-width: 0px) and (max-width: 480px) 480px, (min-width: 481px) 684px, 100vw\" \/><\/figure><\/li><li class=\"blocks-gallery-item\"><figure><img loading=\"lazy\" decoding=\"async\" width=\"640\" height=\"427\" src=\"https:\/\/inmobiliaria-lex.com\/wp-content\/uploads\/2022\/02\/entrega-premios.jpg\" alt=\"\" data-id=\"6970\" data-full-url=\"https:\/\/inmobiliaria-lex.com\/wp-content\/uploads\/2022\/02\/entrega-premios.jpg\" data-link=\"https:\/\/inmobiliaria-lex.com\/?attachment_id=6970\" class=\"wp-image-6970\" srcset=\"https:\/\/inmobiliaria-lex.com\/wp-content\/uploads\/2022\/02\/entrega-premios.jpg 640w, https:\/\/inmobiliaria-lex.com\/wp-content\/uploads\/2022\/02\/entrega-premios-480x320.jpg 480w\" sizes=\"(min-width: 0px) and (max-width: 480px) 480px, (min-width: 481px) 640px, 100vw\" \/><figcaption class=\"blocks-gallery-item__caption\">Entrega de premios Fallas Denia<\/figcaption><\/figure><\/li><li class=\"blocks-gallery-item\"><figure><img loading=\"lazy\" decoding=\"async\" width=\"870\" height=\"1024\" src=\"https:\/\/inmobiliaria-lex.com\/wp-content\/uploads\/2022\/02\/fallas-denia-870x1024.jpg\" alt=\"\" data-id=\"6974\" data-full-url=\"https:\/\/inmobiliaria-lex.com\/wp-content\/uploads\/2022\/02\/fallas-denia.jpg\" data-link=\"https:\/\/inmobiliaria-lex.com\/?attachment_id=6974\" class=\"wp-image-6974\"\/><figcaption class=\"blocks-gallery-item__caption\">Falla Denia<\/figcaption><\/figure><\/li><li class=\"blocks-gallery-item\"><figure><img loading=\"lazy\" decoding=\"async\" width=\"312\" height=\"220\" src=\"https:\/\/inmobiliaria-lex.com\/wp-content\/uploads\/2022\/02\/fallera-denia.jpg\" alt=\"\" data-id=\"6978\" data-full-url=\"https:\/\/inmobiliaria-lex.com\/wp-content\/uploads\/2022\/02\/fallera-denia.jpg\" data-link=\"https:\/\/inmobiliaria-lex.com\/?attachment_id=6978\" class=\"wp-image-6978\" srcset=\"https:\/\/inmobiliaria-lex.com\/wp-content\/uploads\/2022\/02\/fallera-denia.jpg 312w, https:\/\/inmobiliaria-lex.com\/wp-content\/uploads\/2022\/02\/fallera-denia-300x212.jpg 300w\" sizes=\"(max-width: 312px) 100vw, 312px\" \/><figcaption class=\"blocks-gallery-item__caption\">Fallera Denia<\/figcaption><\/figure><\/li><li class=\"blocks-gallery-item\"><figure><img loading=\"lazy\" decoding=\"async\" width=\"778\" height=\"1024\" src=\"https:\/\/inmobiliaria-lex.com\/wp-content\/uploads\/2022\/02\/ofrenda.jpg\" alt=\"\" data-id=\"6982\" data-full-url=\"https:\/\/inmobiliaria-lex.com\/wp-content\/uploads\/2022\/02\/ofrenda.jpg\" data-link=\"https:\/\/inmobiliaria-lex.com\/?attachment_id=6982\" class=\"wp-image-6982\" srcset=\"https:\/\/inmobiliaria-lex.com\/wp-content\/uploads\/2022\/02\/ofrenda.jpg 778w, https:\/\/inmobiliaria-lex.com\/wp-content\/uploads\/2022\/02\/ofrenda-480x632.jpg 480w\" sizes=\"(min-width: 0px) and (max-width: 480px) 480px, (min-width: 481px) 778px, 100vw\" \/><figcaption class=\"blocks-gallery-item__caption\">OFRENDA MARE DE DEU FALLAS DENIA<\/figcaption><\/figure><\/li><\/ul><\/figure>\n\n\n\n<h2 class=\"wp-block-heading\"><span style=\"color:#eb6708\" class=\"has-inline-color\">Programa de Fiestas de Las Fallas de Denia 2022<\/span><\/h2>\n\n\n\n<h3 class=\"wp-block-heading\"><strong><span class=\"has-inline-color has-luminous-vivid-orange-color\"><em>Viernes, 25 de febrero<\/em><\/span><\/strong><\/h3>\n\n\n\n<ul class=\"wp-block-list\"><li><strong>20:00 h:<\/strong>&nbsp;Presentaci\u00f3n del Bolero&nbsp;<em>Dianium<\/em>&nbsp;a cargo de Dianium Dansa en el sal\u00f3n de actos de la&nbsp;<a href=\"https:\/\/goo.gl\/maps\/tSAX7vP19EtXyBGP9\">Casa de la Cultura<\/a>.<\/li><\/ul>\n\n\n\n<h3 class=\"wp-block-heading\"><strong><em><span class=\"has-inline-color has-luminous-vivid-orange-color\">S\u00e1bado, 26 de febrero<\/span><\/em><\/strong><\/h3>\n\n\n\n<ul class=\"wp-block-list\"><li><strong>19:15 h:<\/strong>&nbsp;Concentraci\u00f3n en la Plaza Valgamedios<\/li><li><strong>19:30 h:<\/strong>&nbsp;Pasacalle hasta la Plaza de la Constituci\u00f3<\/li><li><strong>20:00 h<\/strong>: Crida de las Falleras Mayores de D\u00e9nia, Safir Malonda Costa y Martina Gimeno Est\u00e9vez, en la Plaza de la Constituci\u00f3<\/li><li><strong>21:30 h:<\/strong>&nbsp;Sopar de Germanor en la carpa de Torrecremada y entrega de los premios al Mejor Casal&nbsp;Engalanat, Mejor Ban Faller, &nbsp;Ninot Indultat Infantil y Ninot Indultat<\/li><\/ul>\n\n\n\n<h3 class=\"wp-block-heading\"><strong><em><span class=\"has-inline-color has-luminous-vivid-orange-color\">Del 1 al 14 de marzo<\/span><\/em><\/strong><\/h3>\n\n\n\n<ul class=\"wp-block-list\"><li><strong>14:00 h:<\/strong>&nbsp;<em>Tir de carcasses anunciadores<\/em><\/li><li>Hasta el s\u00e1bado 12 de marzo se puede visitar la Exposici\u00f3n del Ninot Indultat.<\/li><\/ul>\n\n\n\n<h3 class=\"wp-block-heading\"><strong><em><span class=\"has-inline-color has-luminous-vivid-orange-color\">Domingo, 6 de marzo<\/span><\/em><\/strong><\/h3>\n\n\n\n<ul class=\"wp-block-list\"><li><strong>12:00 h:<\/strong>&nbsp;Concierto de fallas a cargo de la Agrupaci\u00f3 Art\u00edstica Musical de D\u00e9nia en el cruce del Paseo Saladar con calle Diana, organizado por la Falla Saladar<strong><\/strong><\/li><\/ul>\n\n\n\n<h3 class=\"wp-block-heading\"><strong><span class=\"has-inline-color has-luminous-vivid-orange-color\"><em>Del viernes 11 al mi\u00e9rcoles 16 de marzo<\/em><\/span><\/strong><\/h3>\n\n\n\n<ul class=\"wp-block-list\"><li><em>Plant\u00e0<\/em>&nbsp;de les Falles<\/li><\/ul>\n\n\n\n<h3 class=\"wp-block-heading\"><strong><em><span class=\"has-inline-color has-luminous-vivid-orange-color\">Lunes, 14 de marzo<\/span><\/em><\/strong><\/h3>\n\n\n\n<ul class=\"wp-block-list\"><li><strong>20:00 horas:<\/strong>&nbsp;Primera Nit d&rsquo;Albades a las falleras mayores de D\u00e9nia y a las falleras mayores de los distritos falleros de la ciudad, con el siguiente orden:<ul><li>Falleras mayores de Denia &#8211; Plaza de la Constituci\u00f3<\/li><\/ul><ul><li>Falla de Les Roques<\/li><li>Falla Oeste<\/li><li>Falla Campaments<\/li><li>Falla Darrere del Castell<\/li><li>Falla Baix la Mar<\/li><\/ul><\/li><\/ul>\n\n\n\n<h3 class=\"wp-block-heading\"><strong><span class=\"has-inline-color has-luminous-vivid-orange-color\"><em>Martes, 15 de marzo<\/em><\/span><\/strong><\/h3>\n\n\n\n<ul class=\"wp-block-list\"><li><strong>10:00 h:<\/strong>&nbsp;Almuerzo en las demarcaciones falleras<\/li><li><strong>10:00 h:<\/strong>&nbsp;Las Falleras mayores de Denia, Safir Malonda y Martina Gimeno, recibir\u00e1n a los visitantes en la Oficina de Turismo de la Plaza del Oculista Buigues<\/li><li><strong>14:00 h: <\/strong>Tiro de carcasas anunciadoras y comida de \u201cLa Plant\u00e0`\u201d en los barrios falleros<\/li><li><strong>20:00 h:<\/strong>&nbsp;Segunda \u00ab\u00a0Nit d&rsquo;Albades\u00a0\u00bb con el siguiente orden:<ul><li>Falla Campo Roig<\/li><li>Falla Par\u00eds-Pedrera<\/li><li>Falla Saladar<\/li><li>Falla Diana<\/li><li>Falla Port Rotes<\/li><li>Falla Centro<\/li><\/ul><\/li><\/ul>\n\n\n\n<h3 class=\"wp-block-heading\"><strong><span class=\"has-inline-color has-luminous-vivid-orange-color\"><em>Mi\u00e9rcoles, 16 de marzo<\/em><\/span><\/strong><\/h3>\n\n\n\n<ul class=\"wp-block-list\"><li><strong>08:00 h:<\/strong>&nbsp;Plant\u00e0 de los monumentos falleros en los diferentes distritos de la ciudad<\/li><li><strong>10:00 horas:<\/strong>&nbsp;Almuerzo en todos los distritos falleros<\/li><li><strong>12:30 horas:<\/strong>&nbsp;Plant\u00e0 de la falla de la Junta Local Fallera en la Plaza del Consell<\/li><li><strong>14:00 horas:<\/strong>Tiro de carcasas anunciadoras y comida de la plant\u00e0 en los barrios falleros<\/li><li><strong>18:00 horas:<\/strong>&nbsp;Visita de cortes\u00eda de las Falleras Mayores de D\u00e9nia, Cortes de Honor y Junta Local Fallera a todos los distritos falleros con el siguiente orden:<ul><li>Falla Les Roques<br>Falla Baix la Mar<br>Falla Darrere del Castell<br>Falla Campaments<br>Falla Oeste<br>Falla Camp Roig<br>Falla Par\u00eds-Pedrera<br>Falla Saladar<br>Falla Diana<br>Falla Port Rotes<br>Falla Centro<\/li><\/ul><\/li><\/ul>\n\n\n\n<ul class=\"wp-block-list\"><li><strong>21:00 h:<\/strong>&nbsp;Cena de la plant\u00e0<\/li><li><strong>22:00 h:<\/strong>&nbsp;Disparo de cohetes anunciadores de la Noche de la Plant\u00e0<\/li><\/ul>\n\n\n\n<h3 class=\"wp-block-heading\"><strong><span class=\"has-inline-color has-luminous-vivid-orange-color\"><em>Jueves, 17 de marzo<\/em><\/span><\/strong><\/h3>\n\n\n\n<ul class=\"wp-block-list\"><li><strong>07:00 h:<\/strong>&nbsp;\u201cDespert\u00e0\u201d en las demarcaciones falleras<\/li><li><strong>08:30 h:<\/strong>&nbsp;Visita del jurado calificador a las distintas fallas<\/li><li><strong>09:00 h:<\/strong>&nbsp;Visita del resto de jurados del resto de premios falleros.<\/li><li>10:00 h: Recogida de falleros en todos los distritos falleros.<\/li><li><strong>10:45 h:<\/strong>&nbsp;Concentraci\u00f3n de todas las comisiones en la Plaza del Ayuntamiento<\/li><li><strong>11:00 h:<\/strong>&nbsp;Acto homenaje a las Falleras Mayores de D\u00e9nia y a las falleras mayores de Les Roques, Darrere del Castell y Baix la Mar<\/li><li><strong>13:00 h:<\/strong>&nbsp;Entrega de premios de las fallas infantiles en el Ayuntamiento<\/li><li><strong>14:00 h:<\/strong>&nbsp;\u201cMasclet\u00e0\u201d en los diferentes distritos falleros<\/li><li><strong>18:15 h:<\/strong>&nbsp;Concentraci\u00f3n de todas las comisiones en la calle Patricio Ferr\u00e1ndiz.<\/li><li><strong>18:30 h:&nbsp;<\/strong>Pleites\u00edas a las falleras mayores de Par\u00eds Pedrera, Camp Roig, Campaments y Oeste<\/li><li><strong>20:30 h:<\/strong>&nbsp;Entrega de los premios de las fallas grandes en el Ayuntamiento.&nbsp;Para evitar las masificaciones, se podr\u00e1 seguir tambi\u00e9n a trav\u00e9s de una pantalla instalada en la Plaza de la Constituci\u00f3.<\/li><li><strong>22:00 h:<\/strong>&nbsp;Masclet\u00e0 en Torrecremada<\/li><li><strong>23:00 h:<\/strong>&nbsp;Verbenas en los diferentes distritos falleros<\/li><\/ul>\n\n\n\n<h3 class=\"wp-block-heading\"><strong><em><span class=\"has-inline-color has-luminous-vivid-orange-color\">Viernes, 18 de marzo<\/span><\/em><\/strong><\/h3>\n\n\n\n<ul class=\"wp-block-list\"><li><strong>07:00 h:<\/strong>&nbsp;\u201cDespert\u00e0\u201d en los distritos falleros<\/li><li><strong>11:15 h:<\/strong>&nbsp;Concentraci\u00f3n de todas las comisiones en la plaza del Consell<\/li><li><strong>11:30 h:<\/strong>&nbsp;Acto de homenaje a las falleras mayores de Centro, Port Rotes, Diana y Saladar<\/li><li><strong>14:00 h:<\/strong>&nbsp;\u201cMasclet\u00e0\u201d en los distritos falleros<\/li><li><strong>19:00 h:<\/strong>&nbsp;Inauguraci\u00f3n de la placa conmemorativa 75 a\u00f1os Falla Tio Pep<\/li><li><strong>20:30 h:<\/strong>&nbsp;Masclet\u00e0 en Torrecremada<\/li><li><strong>23:00 h:<\/strong>&nbsp;Verbenas en los distritos falleros<\/li><\/ul>\n\n\n\n<h2 class=\"wp-block-heading\"><strong><span class=\"has-inline-color has-luminous-vivid-orange-color\"><em>S\u00e1bado, 19 de marzo &#8211; Dia de San Jos\u00e9<\/em><\/span><\/strong><\/h2>\n\n\n\n<ul class=\"wp-block-list\"><li><strong>07:00 h:<\/strong>&nbsp;\u201cDespert\u00e0\u201d en las demarcaciones falleras<\/li><li><strong>08:00 h:<\/strong>&nbsp;\u201cDespert\u00e0\u201d infantil<\/li><li><strong>10:00 h:<\/strong>&nbsp;Pasacalles en las demarcaciones falleras<\/li><li><strong>11:00 h:<\/strong>&nbsp;Misa en honor a Sant Josep en la Iglesia de la Asunci\u00f3n<\/li><li><strong>11:00 h:<\/strong>&nbsp;Ofrenda de flores en honor a la Virgen de los Desamparados. Itinerario: Calle Marqu\u00e9s de Campo, Diana, Magallanes, Plaza del Convent.<\/li><li><strong>14:30 h:<\/strong>&nbsp;\u201cMascletaes\u201d en los distritos falleros<\/li><li><strong>17:00 h:<\/strong>&nbsp;Pasacalles en los distritos falleros<\/li><li><strong>18:30 h:<\/strong>&nbsp;Recepci\u00f3n a los nuevos presidentes del ejercicio 2022-2023 en la Plaza del Ayuntamiento<\/li><\/ul>\n\n\n\n<h2 class=\"wp-block-heading\"><strong><span style=\"color:#de6006\" class=\"has-inline-color\"><em>Crem\u00e0 de las Fallas de D\u00e9nia 2022<\/em><\/span><\/strong><\/h2>\n\n\n\n<figure class=\"wp-block-image size-large is-style-rounded\"><img loading=\"lazy\" decoding=\"async\" width=\"900\" height=\"600\" src=\"https:\/\/inmobiliaria-lex.com\/wp-content\/uploads\/2022\/02\/crema-falles.jpg\" alt=\"La noche de San Jos\u00e9 es la gran noche de la Crem\u00e0 de Las Fallas\" class=\"wp-image-6954\" srcset=\"https:\/\/inmobiliaria-lex.com\/wp-content\/uploads\/2022\/02\/crema-falles.jpg 900w, https:\/\/inmobiliaria-lex.com\/wp-content\/uploads\/2022\/02\/crema-falles-480x320.jpg 480w\" sizes=\"(min-width: 0px) and (max-width: 480px) 480px, (min-width: 481px) 900px, 100vw\" \/><figcaption>La Noche de San Jos\u00e9 es la gran noche de la Crem\u00e0 de todos los monumentos falleros<\/figcaption><\/figure>\n\n\n\n<p>Los horarios de la \u00ab\u00a0crem\u00e0\u00a0\u00bb son aproximados.<\/p>\n\n\n\n<h4 class=\"wp-block-heading\"><strong><em><span class=\"has-inline-color has-luminous-vivid-orange-color\">Falla de la Junta Local Falllera<\/span><\/em><\/strong><\/h4>\n\n\n\n<ul class=\"wp-block-list\"><li><strong>20:00 h:<\/strong>&nbsp;Crem\u00e0 de la falla de la Junta Local Fallera de D\u00e9nia<\/li><\/ul>\n\n\n\n<h4 class=\"wp-block-heading\"><strong><span class=\"has-inline-color has-luminous-vivid-orange-color\"><em>Fallas Infantiles:<\/em><\/span><\/strong><\/h4>\n\n\n\n<ul class=\"wp-block-list\"><li><strong>20:30 h:<\/strong>&nbsp;Crem\u00e0 de las fallas infantiles de la Secci\u00f3n Primera excepto la del primer premio.<\/li><li><strong>21:00 h:<\/strong>&nbsp;Crem\u00e0 de la falla infantil ganadora de la Secci\u00f3n Primera y fallas infantiles de la Secci\u00f3n Especial excepto el primer premio.<\/li><li><strong>21:30 h:<\/strong>&nbsp;Crem\u00e0 de la falla infantil ganadora de la Secci\u00f3n Especial.<\/li><\/ul>\n\n\n\n<h4 class=\"wp-block-heading\"><strong><span class=\"has-inline-color has-luminous-vivid-orange-color\"><em>Fallas Grandes &#8211; Secci\u00f3n Primera<\/em><\/span><\/strong><\/h4>\n\n\n\n<ul class=\"wp-block-list\"><li><strong>22:30 h:<\/strong>&nbsp;Crem\u00e0 de las fallas ganadoras del 7\u00ba y 6\u00ba premio.<\/li><li><strong>23:00 h:<\/strong>&nbsp;Crem\u00e0 de las fallas ganadoras del 5\u00ba y 4\u00ba premio.<\/li><li><strong>23:30 h:<\/strong>&nbsp;Crem\u00e0 de las fallas ganadoras del 3\u00ba y 2\u00ba premio.<\/li><li><strong>23:45 h:<\/strong>&nbsp;Crem\u00e0 de la falla ganadoras del 1\u00ba premio.<\/li><\/ul>\n\n\n\n<h4 class=\"wp-block-heading\"><strong><em><span class=\"has-inline-color has-luminous-vivid-orange-color\">Fallas Grandes &#8211; Secci\u00f3n Especial<\/span><\/em><\/strong><\/h4>\n\n\n\n<ul class=\"wp-block-list\"><li><strong>00:30 h:<\/strong>&nbsp;Crem\u00e0 de las fallas ganadoras del 4\u00ba y 3\u00ba premio.<\/li><li><strong>01:15 h:<\/strong>&nbsp;Crem\u00e0 de la falla ganadora del 2\u00ba premio.<\/li><li><strong>01:30 h:<\/strong>&nbsp;Crem\u00e0 de la falla ganadora del 1\u00ba premio.<\/li><\/ul>\n\n\n\n<h2 class=\"wp-block-heading\"><span class=\"has-inline-color has-luminous-vivid-orange-color\"><strong>\u00bfD\u00f3nde puedes alojarte en D\u00e9nia?<\/strong><\/span><\/h2>\n\n\n\n<p>En Inmobiliaria Lex estamos preparando ya nuestros apartamentos para que cuando vengas a disfrutar de las fallas todo est\u00e9 apunto. <\/p>\n\n\n\n<p>Puedes visitar nuestra p\u00e1gina web<a href=\"https:\/\/inmobiliaria-lex.com\/alquiler-vacaciones-denia\/\"> www.inmobiliaria-lex.com <\/a>donde encontrar\u00e1s variedad de viviendas donde poder pasar tus vacaciones de Fallas, Semana Santa o Verano.  \u00a1Este 2022 ven a conocer Denia\u00a1<\/p>\n\n\n\n<p>Y si quieres aprovechar estos d\u00edas de vacaciones para <a href=\"https:\/\/inmobiliaria-lex.com\/comprar-propiedad-denia\/venta-vivienda-denia-ondara-pedreguer-el-verger\/\">comprar una vivienda<\/a>, ll\u00e1manos e ind\u00edcanos que tipo de vivienda buscas.   <\/p>\n\n\n\n<p>Nos pondremos en marcha para encontrar la vivienda de tus sue\u00f1os. <\/p>\n\n\n\n<figure class=\"wp-block-image size-large\"><img loading=\"lazy\" decoding=\"async\" width=\"800\" height=\"800\" src=\"https:\/\/inmobiliaria-lex.com\/wp-content\/uploads\/2022\/02\/APARTAMENTOS-FALLAS-DENIA.jpg\" alt=\"\" class=\"wp-image-6986\" srcset=\"https:\/\/inmobiliaria-lex.com\/wp-content\/uploads\/2022\/02\/APARTAMENTOS-FALLAS-DENIA.jpg 800w, https:\/\/inmobiliaria-lex.com\/wp-content\/uploads\/2022\/02\/APARTAMENTOS-FALLAS-DENIA-480x480.jpg 480w\" sizes=\"(min-width: 0px) and (max-width: 480px) 480px, (min-width: 481px) 800px, 100vw\" \/><figcaption>APARTAMENTOS PARA FALLAS EN DENIA<\/figcaption><\/figure>\n\n\n\n<p><\/p>\n","protected":false},"excerpt":{"rendered":"<p>Ya tenemos el Programa de las Fallas de Denia del 2022 y para que empec\u00e9is a hacer planes os recomendamos algunas de las viviendas que pod\u00e9is alquilar para vivirlas al m\u00e1ximo. Al fin, este a\u00f1o 2022 Las Fallas de Denia van a ser una realidad y coincide con que la Junta Local Fallera celebra su [&hellip;]<\/p>\n","protected":false},"author":1,"featured_media":6990,"comment_status":"closed","ping_status":"closed","sticky":false,"template":"","format":"standard","meta":{"_et_pb_use_builder":"","_et_pb_old_content":"","_et_gb_content_width":"","footnotes":""},"categories":[29,35,30],"tags":[166,380,381],"class_list":["post-6951","post","type-post","status-publish","format-standard","has-post-thumbnail","hentry","category-actualidad-denia","category-denia","category-fiestas-denia","tag-fallas-denia","tag-fallas-denia-2022","tag-falles-denia-2022"],"yoast_head":"<!-- This site is optimized with the Yoast SEO plugin v25.9 - https:\/\/yoast.com\/wordpress\/plugins\/seo\/ -->\n<title>Programa de Fallas Denia 2022 | Agencia Inmobiliaria Lex D\u00e9nia<\/title>\n<meta name=\"description\" content=\"Programa detallado de todos los actos organizados en Las Fallas de Denia 2022. Planifica tu viaje a Denia y disfruta de las Fallas en Denia.\" \/>\n<meta name=\"robots\" content=\"index, follow, max-snippet:-1, max-image-preview:large, max-video-preview:-1\" \/>\n<link rel=\"canonical\" href=\"https:\/\/inmobiliaria-lex.com\/fr\/programa-fallas-denia-2022\/\" \/>\n<meta property=\"og:locale\" content=\"fr_FR\" \/>\n<meta property=\"og:type\" content=\"article\" \/>\n<meta property=\"og:title\" content=\"Programa de Fallas Denia 2022 | Agencia Inmobiliaria Lex D\u00e9nia\" \/>\n<meta property=\"og:description\" content=\"Programa detallado de todos los actos organizados en Las Fallas de Denia 2022. Planifica tu viaje a Denia y disfruta de las Fallas en Denia.\" \/>\n<meta property=\"og:url\" content=\"https:\/\/inmobiliaria-lex.com\/fr\/programa-fallas-denia-2022\/\" \/>\n<meta property=\"og:site_name\" content=\"Agencia Inmobiliaria Lex D\u00e9nia\" \/>\n<meta property=\"article:publisher\" content=\"https:\/\/www.facebook.com\/LEXDENIA\" \/>\n<meta property=\"article:published_time\" content=\"2022-02-27T21:15:00+00:00\" \/>\n<meta property=\"article:modified_time\" content=\"2022-02-27T21:22:18+00:00\" \/>\n<meta property=\"og:image\" content=\"https:\/\/inmobiliaria-lex.com\/wp-content\/uploads\/2022\/02\/2022-falles-Denia-Programa-1.jpg\" \/>\n\t<meta property=\"og:image:width\" content=\"1448\" \/>\n\t<meta property=\"og:image:height\" content=\"1402\" \/>\n\t<meta property=\"og:image:type\" content=\"image\/jpeg\" \/>\n<meta name=\"author\" content=\"inmobiliaria lex denia\" \/>\n<meta name=\"twitter:card\" content=\"summary_large_image\" \/>\n<meta name=\"twitter:label1\" content=\"\u00c9crit par\" \/>\n\t<meta name=\"twitter:data1\" content=\"inmobiliaria lex denia\" \/>\n\t<meta name=\"twitter:label2\" content=\"Dur\u00e9e de lecture estim\u00e9e\" \/>\n\t<meta name=\"twitter:data2\" content=\"8 minutes\" \/>\n<script type=\"application\/ld+json\" class=\"yoast-schema-graph\">{\"@context\":\"https:\/\/schema.org\",\"@graph\":[{\"@type\":\"Article\",\"@id\":\"https:\/\/inmobiliaria-lex.com\/fr\/programa-fallas-denia-2022\/#article\",\"isPartOf\":{\"@id\":\"https:\/\/inmobiliaria-lex.com\/fr\/programa-fallas-denia-2022\/\"},\"author\":{\"name\":\"inmobiliaria lex denia\",\"@id\":\"https:\/\/inmobiliaria-lex.com\/fr\/#\/schema\/person\/1aa994699b790066990c86d352ff8fec\"},\"headline\":\"Programa de Fallas Denia 2022\",\"datePublished\":\"2022-02-27T21:15:00+00:00\",\"dateModified\":\"2022-02-27T21:22:18+00:00\",\"mainEntityOfPage\":{\"@id\":\"https:\/\/inmobiliaria-lex.com\/fr\/programa-fallas-denia-2022\/\"},\"wordCount\":1436,\"publisher\":{\"@id\":\"https:\/\/inmobiliaria-lex.com\/fr\/#organization\"},\"image\":{\"@id\":\"https:\/\/inmobiliaria-lex.com\/fr\/programa-fallas-denia-2022\/#primaryimage\"},\"thumbnailUrl\":\"https:\/\/inmobiliaria-lex.com\/wp-content\/uploads\/2022\/02\/2022-falles-Denia-Programa-1.jpg\",\"keywords\":[\"Fallas Denia\",\"Fallas Denia 2022\",\"Falles Denia 2022\"],\"articleSection\":[\"Actualidad D\u00e9nia\",\"D\u00e9nia\",\"Fiestas D\u00e9nia\"],\"inLanguage\":\"fr-FR\"},{\"@type\":\"WebPage\",\"@id\":\"https:\/\/inmobiliaria-lex.com\/fr\/programa-fallas-denia-2022\/\",\"url\":\"https:\/\/inmobiliaria-lex.com\/fr\/programa-fallas-denia-2022\/\",\"name\":\"Programa de Fallas Denia 2022 | Agencia Inmobiliaria Lex D\u00e9nia\",\"isPartOf\":{\"@id\":\"https:\/\/inmobiliaria-lex.com\/fr\/#website\"},\"primaryImageOfPage\":{\"@id\":\"https:\/\/inmobiliaria-lex.com\/fr\/programa-fallas-denia-2022\/#primaryimage\"},\"image\":{\"@id\":\"https:\/\/inmobiliaria-lex.com\/fr\/programa-fallas-denia-2022\/#primaryimage\"},\"thumbnailUrl\":\"https:\/\/inmobiliaria-lex.com\/wp-content\/uploads\/2022\/02\/2022-falles-Denia-Programa-1.jpg\",\"datePublished\":\"2022-02-27T21:15:00+00:00\",\"dateModified\":\"2022-02-27T21:22:18+00:00\",\"description\":\"Programa detallado de todos los actos organizados en Las Fallas de Denia 2022. Planifica tu viaje a Denia y disfruta de las Fallas en Denia.\",\"breadcrumb\":{\"@id\":\"https:\/\/inmobiliaria-lex.com\/fr\/programa-fallas-denia-2022\/#breadcrumb\"},\"inLanguage\":\"fr-FR\",\"potentialAction\":[{\"@type\":\"ReadAction\",\"target\":[\"https:\/\/inmobiliaria-lex.com\/fr\/programa-fallas-denia-2022\/\"]}]},{\"@type\":\"ImageObject\",\"inLanguage\":\"fr-FR\",\"@id\":\"https:\/\/inmobiliaria-lex.com\/fr\/programa-fallas-denia-2022\/#primaryimage\",\"url\":\"https:\/\/inmobiliaria-lex.com\/wp-content\/uploads\/2022\/02\/2022-falles-Denia-Programa-1.jpg\",\"contentUrl\":\"https:\/\/inmobiliaria-lex.com\/wp-content\/uploads\/2022\/02\/2022-falles-Denia-Programa-1.jpg\",\"width\":1448,\"height\":1402,\"caption\":\"Programa Fallas Denia 2022\"},{\"@type\":\"BreadcrumbList\",\"@id\":\"https:\/\/inmobiliaria-lex.com\/fr\/programa-fallas-denia-2022\/#breadcrumb\",\"itemListElement\":[{\"@type\":\"ListItem\",\"position\":1,\"name\":\"Portada\",\"item\":\"https:\/\/inmobiliaria-lex.com\/fr\/home\/\"},{\"@type\":\"ListItem\",\"position\":2,\"name\":\"Programa de Fallas Denia 2022\"}]},{\"@type\":\"WebSite\",\"@id\":\"https:\/\/inmobiliaria-lex.com\/fr\/#website\",\"url\":\"https:\/\/inmobiliaria-lex.com\/fr\/\",\"name\":\"Inmobiliaria Lex D\u00e9nia\",\"description\":\"Inmobiliaria en D\u00e9nia\",\"publisher\":{\"@id\":\"https:\/\/inmobiliaria-lex.com\/fr\/#organization\"},\"potentialAction\":[{\"@type\":\"SearchAction\",\"target\":{\"@type\":\"EntryPoint\",\"urlTemplate\":\"https:\/\/inmobiliaria-lex.com\/fr\/?s={search_term_string}\"},\"query-input\":{\"@type\":\"PropertyValueSpecification\",\"valueRequired\":true,\"valueName\":\"search_term_string\"}}],\"inLanguage\":\"fr-FR\"},{\"@type\":\"Organization\",\"@id\":\"https:\/\/inmobiliaria-lex.com\/fr\/#organization\",\"name\":\"Agencia Inmobiliaria Lex. D\u00e9nia\",\"url\":\"https:\/\/inmobiliaria-lex.com\/fr\/\",\"logo\":{\"@type\":\"ImageObject\",\"inLanguage\":\"fr-FR\",\"@id\":\"https:\/\/inmobiliaria-lex.com\/fr\/#\/schema\/logo\/image\/\",\"url\":\"https:\/\/inmobiliaria-lex.com\/wp-content\/uploads\/2020\/02\/inmobiliaria_lex_denia.png\",\"contentUrl\":\"https:\/\/inmobiliaria-lex.com\/wp-content\/uploads\/2020\/02\/inmobiliaria_lex_denia.png\",\"width\":176,\"height\":111,\"caption\":\"Agencia Inmobiliaria Lex. D\u00e9nia\"},\"image\":{\"@id\":\"https:\/\/inmobiliaria-lex.com\/fr\/#\/schema\/logo\/image\/\"},\"sameAs\":[\"https:\/\/www.facebook.com\/LEXDENIA\",\"https:\/\/www.instagram.com\/deniainmolex\/\"]},{\"@type\":\"Person\",\"@id\":\"https:\/\/inmobiliaria-lex.com\/fr\/#\/schema\/person\/1aa994699b790066990c86d352ff8fec\",\"name\":\"inmobiliaria lex denia\",\"image\":{\"@type\":\"ImageObject\",\"inLanguage\":\"fr-FR\",\"@id\":\"https:\/\/inmobiliaria-lex.com\/fr\/#\/schema\/person\/image\/\",\"url\":\"https:\/\/secure.gravatar.com\/avatar\/4843a7e97f3a2d82ecb361a9c26707d2e6c75f4002ff82a72ff5f4e5fef8ae3a?s=96&d=mm&r=g\",\"contentUrl\":\"https:\/\/secure.gravatar.com\/avatar\/4843a7e97f3a2d82ecb361a9c26707d2e6c75f4002ff82a72ff5f4e5fef8ae3a?s=96&d=mm&r=g\",\"caption\":\"inmobiliaria lex denia\"}}]}<\/script>\n<!-- \/ Yoast SEO plugin. -->","yoast_head_json":{"title":"Programa de Fallas Denia 2022 | Agencia Inmobiliaria Lex D\u00e9nia","description":"Programa detallado de todos los actos organizados en Las Fallas de Denia 2022. Planifica tu viaje a Denia y disfruta de las Fallas en Denia.","robots":{"index":"index","follow":"follow","max-snippet":"max-snippet:-1","max-image-preview":"max-image-preview:large","max-video-preview":"max-video-preview:-1"},"canonical":"https:\/\/inmobiliaria-lex.com\/fr\/programa-fallas-denia-2022\/","og_locale":"fr_FR","og_type":"article","og_title":"Programa de Fallas Denia 2022 | Agencia Inmobiliaria Lex D\u00e9nia","og_description":"Programa detallado de todos los actos organizados en Las Fallas de Denia 2022. Planifica tu viaje a Denia y disfruta de las Fallas en Denia.","og_url":"https:\/\/inmobiliaria-lex.com\/fr\/programa-fallas-denia-2022\/","og_site_name":"Agencia Inmobiliaria Lex D\u00e9nia","article_publisher":"https:\/\/www.facebook.com\/LEXDENIA","article_published_time":"2022-02-27T21:15:00+00:00","article_modified_time":"2022-02-27T21:22:18+00:00","og_image":[{"width":1448,"height":1402,"url":"https:\/\/inmobiliaria-lex.com\/wp-content\/uploads\/2022\/02\/2022-falles-Denia-Programa-1.jpg","type":"image\/jpeg"}],"author":"inmobiliaria lex denia","twitter_card":"summary_large_image","twitter_misc":{"\u00c9crit par":"inmobiliaria lex denia","Dur\u00e9e de lecture estim\u00e9e":"8 minutes"},"schema":{"@context":"https:\/\/schema.org","@graph":[{"@type":"Article","@id":"https:\/\/inmobiliaria-lex.com\/fr\/programa-fallas-denia-2022\/#article","isPartOf":{"@id":"https:\/\/inmobiliaria-lex.com\/fr\/programa-fallas-denia-2022\/"},"author":{"name":"inmobiliaria lex denia","@id":"https:\/\/inmobiliaria-lex.com\/fr\/#\/schema\/person\/1aa994699b790066990c86d352ff8fec"},"headline":"Programa de Fallas Denia 2022","datePublished":"2022-02-27T21:15:00+00:00","dateModified":"2022-02-27T21:22:18+00:00","mainEntityOfPage":{"@id":"https:\/\/inmobiliaria-lex.com\/fr\/programa-fallas-denia-2022\/"},"wordCount":1436,"publisher":{"@id":"https:\/\/inmobiliaria-lex.com\/fr\/#organization"},"image":{"@id":"https:\/\/inmobiliaria-lex.com\/fr\/programa-fallas-denia-2022\/#primaryimage"},"thumbnailUrl":"https:\/\/inmobiliaria-lex.com\/wp-content\/uploads\/2022\/02\/2022-falles-Denia-Programa-1.jpg","keywords":["Fallas Denia","Fallas Denia 2022","Falles Denia 2022"],"articleSection":["Actualidad D\u00e9nia","D\u00e9nia","Fiestas D\u00e9nia"],"inLanguage":"fr-FR"},{"@type":"WebPage","@id":"https:\/\/inmobiliaria-lex.com\/fr\/programa-fallas-denia-2022\/","url":"https:\/\/inmobiliaria-lex.com\/fr\/programa-fallas-denia-2022\/","name":"Programa de Fallas Denia 2022 | Agencia Inmobiliaria Lex D\u00e9nia","isPartOf":{"@id":"https:\/\/inmobiliaria-lex.com\/fr\/#website"},"primaryImageOfPage":{"@id":"https:\/\/inmobiliaria-lex.com\/fr\/programa-fallas-denia-2022\/#primaryimage"},"image":{"@id":"https:\/\/inmobiliaria-lex.com\/fr\/programa-fallas-denia-2022\/#primaryimage"},"thumbnailUrl":"https:\/\/inmobiliaria-lex.com\/wp-content\/uploads\/2022\/02\/2022-falles-Denia-Programa-1.jpg","datePublished":"2022-02-27T21:15:00+00:00","dateModified":"2022-02-27T21:22:18+00:00","description":"Programa detallado de todos los actos organizados en Las Fallas de Denia 2022. Planifica tu viaje a Denia y disfruta de las Fallas en Denia.","breadcrumb":{"@id":"https:\/\/inmobiliaria-lex.com\/fr\/programa-fallas-denia-2022\/#breadcrumb"},"inLanguage":"fr-FR","potentialAction":[{"@type":"ReadAction","target":["https:\/\/inmobiliaria-lex.com\/fr\/programa-fallas-denia-2022\/"]}]},{"@type":"ImageObject","inLanguage":"fr-FR","@id":"https:\/\/inmobiliaria-lex.com\/fr\/programa-fallas-denia-2022\/#primaryimage","url":"https:\/\/inmobiliaria-lex.com\/wp-content\/uploads\/2022\/02\/2022-falles-Denia-Programa-1.jpg","contentUrl":"https:\/\/inmobiliaria-lex.com\/wp-content\/uploads\/2022\/02\/2022-falles-Denia-Programa-1.jpg","width":1448,"height":1402,"caption":"Programa Fallas Denia 2022"},{"@type":"BreadcrumbList","@id":"https:\/\/inmobiliaria-lex.com\/fr\/programa-fallas-denia-2022\/#breadcrumb","itemListElement":[{"@type":"ListItem","position":1,"name":"Portada","item":"https:\/\/inmobiliaria-lex.com\/fr\/home\/"},{"@type":"ListItem","position":2,"name":"Programa de Fallas Denia 2022"}]},{"@type":"WebSite","@id":"https:\/\/inmobiliaria-lex.com\/fr\/#website","url":"https:\/\/inmobiliaria-lex.com\/fr\/","name":"Inmobiliaria Lex D\u00e9nia","description":"Inmobiliaria en D\u00e9nia","publisher":{"@id":"https:\/\/inmobiliaria-lex.com\/fr\/#organization"},"potentialAction":[{"@type":"SearchAction","target":{"@type":"EntryPoint","urlTemplate":"https:\/\/inmobiliaria-lex.com\/fr\/?s={search_term_string}"},"query-input":{"@type":"PropertyValueSpecification","valueRequired":true,"valueName":"search_term_string"}}],"inLanguage":"fr-FR"},{"@type":"Organization","@id":"https:\/\/inmobiliaria-lex.com\/fr\/#organization","name":"Agencia Inmobiliaria Lex. D\u00e9nia","url":"https:\/\/inmobiliaria-lex.com\/fr\/","logo":{"@type":"ImageObject","inLanguage":"fr-FR","@id":"https:\/\/inmobiliaria-lex.com\/fr\/#\/schema\/logo\/image\/","url":"https:\/\/inmobiliaria-lex.com\/wp-content\/uploads\/2020\/02\/inmobiliaria_lex_denia.png","contentUrl":"https:\/\/inmobiliaria-lex.com\/wp-content\/uploads\/2020\/02\/inmobiliaria_lex_denia.png","width":176,"height":111,"caption":"Agencia Inmobiliaria Lex. D\u00e9nia"},"image":{"@id":"https:\/\/inmobiliaria-lex.com\/fr\/#\/schema\/logo\/image\/"},"sameAs":["https:\/\/www.facebook.com\/LEXDENIA","https:\/\/www.instagram.com\/deniainmolex\/"]},{"@type":"Person","@id":"https:\/\/inmobiliaria-lex.com\/fr\/#\/schema\/person\/1aa994699b790066990c86d352ff8fec","name":"inmobiliaria lex denia","image":{"@type":"ImageObject","inLanguage":"fr-FR","@id":"https:\/\/inmobiliaria-lex.com\/fr\/#\/schema\/person\/image\/","url":"https:\/\/secure.gravatar.com\/avatar\/4843a7e97f3a2d82ecb361a9c26707d2e6c75f4002ff82a72ff5f4e5fef8ae3a?s=96&d=mm&r=g","contentUrl":"https:\/\/secure.gravatar.com\/avatar\/4843a7e97f3a2d82ecb361a9c26707d2e6c75f4002ff82a72ff5f4e5fef8ae3a?s=96&d=mm&r=g","caption":"inmobiliaria lex denia"}}]}},"_links":{"self":[{"href":"https:\/\/inmobiliaria-lex.com\/fr\/wp-json\/wp\/v2\/posts\/6951","targetHints":{"allow":["GET"]}}],"collection":[{"href":"https:\/\/inmobiliaria-lex.com\/fr\/wp-json\/wp\/v2\/posts"}],"about":[{"href":"https:\/\/inmobiliaria-lex.com\/fr\/wp-json\/wp\/v2\/types\/post"}],"author":[{"embeddable":true,"href":"https:\/\/inmobiliaria-lex.com\/fr\/wp-json\/wp\/v2\/users\/1"}],"replies":[{"embeddable":true,"href":"https:\/\/inmobiliaria-lex.com\/fr\/wp-json\/wp\/v2\/comments?post=6951"}],"version-history":[{"count":0,"href":"https:\/\/inmobiliaria-lex.com\/fr\/wp-json\/wp\/v2\/posts\/6951\/revisions"}],"wp:featuredmedia":[{"embeddable":true,"href":"https:\/\/inmobiliaria-lex.com\/fr\/wp-json\/wp\/v2\/media\/6990"}],"wp:attachment":[{"href":"https:\/\/inmobiliaria-lex.com\/fr\/wp-json\/wp\/v2\/media?parent=6951"}],"wp:term":[{"taxonomy":"category","embeddable":true,"href":"https:\/\/inmobiliaria-lex.com\/fr\/wp-json\/wp\/v2\/categories?post=6951"},{"taxonomy":"post_tag","embeddable":true,"href":"https:\/\/inmobiliaria-lex.com\/fr\/wp-json\/wp\/v2\/tags?post=6951"}],"curies":[{"name":"wp","href":"https:\/\/api.w.org\/{rel}","templated":true}]}}