{"id":7009,"date":"2022-04-10T17:40:50","date_gmt":"2022-04-10T17:40:50","guid":{"rendered":"https:\/\/inmobiliaria-lex.com\/?p=7009"},"modified":"2022-04-10T17:57:12","modified_gmt":"2022-04-10T17:57:12","slug":"semana-santa-2022-en-denia","status":"publish","type":"post","link":"https:\/\/inmobiliaria-lex.com\/fr\/semana-santa-2022-en-denia\/","title":{"rendered":"Semana Santa 2022 en Denia"},"content":{"rendered":"\n<p>Desde el viernes 8 de abril y hasta el domingo 17 de abril, las tres Parroquias nos invitan a participar en esta Semana Santa del 2022 en Denia, en las distintas celebraciones de la Pasi\u00f3n, Muerte y Resurrecci\u00f3n de Jesucristo.<\/p>\n\n\n\n<p>Si te encuentras en Denia en esta<strong><span class=\"has-inline-color has-luminous-vivid-orange-color\"> \u201cSemana de Pasi\u00f3n\u201d<\/span><\/strong> es tremendamente conmovedor el solemne<strong><span class=\"has-inline-color has-luminous-vivid-orange-color\"> V\u00eda Crucis a lo largo del Castillo<\/span><\/strong> la noche del Mi\u00e9rcoles Santo.&nbsp;<\/p>\n\n\n\n<blockquote class=\"wp-block-quote is-layout-flow wp-block-quote-is-layout-flow\"><p><span style=\"color:#8aa7b3\" class=\"has-inline-color\"> <strong>Recorrer el castillo de Denia de noche, a las luces de las velas y rodeado de silencio y oraci\u00f3n, acompa\u00f1ando los pasos de Jesucristo camino del Calvario ser\u00e1 toda una experiencia inolvidable.<\/strong><\/span><\/p><\/blockquote>\n\n\n\n<p>Aqu\u00ed os dejamos los distintos actos de la Semana Santa en Denia, donde encontrar\u00e9is los horarios de los oficios y procesiones programados.<\/p>\n\n\n\n<h2 class=\"wp-block-heading\"><strong><span class=\"has-inline-color has-luminous-vivid-orange-color\">Actos de Semana Santa 2022 Denia<\/span><\/strong><\/h2>\n\n\n\n<h3 class=\"wp-block-heading\"><span class=\"has-inline-color has-black-color\"><em><strong>Viernes, 8 de abril <\/strong><\/em><\/span><\/h3>\n\n\n\n<p><strong><em>Parroquia de San Miguel<\/em><\/strong><\/p>\n\n\n\n<ul class=\"wp-block-list\"><li><strong>20:00 horas:<\/strong>&nbsp;Solemne <strong><span class=\"has-inline-color has-luminous-vivid-orange-color\">Preg\u00f3n de Semana Santa<\/span><\/strong><\/li><\/ul>\n\n\n\n<h3 class=\"wp-block-heading\"><span class=\"has-inline-color has-black-color\"><em><strong>10 de Abril, <\/strong>Domingo <strong>de Ramos<\/strong><\/em><\/span><\/h3>\n\n\n\n<p><strong><em>Parroquia San Miguel<\/em><\/strong><\/p>\n\n\n\n<ul class=\"wp-block-list\"><li><strong>9:00 horas:<\/strong> Misa<\/li><li><strong>11:30 horas:<\/strong> Bendici\u00f3n de Ramos, Procesi\u00f3n y Misa<\/li><\/ul>\n\n\n\n<p><strong><em>Parroquia de San Antonio<\/em><\/strong><\/p>\n\n\n\n<ul class=\"wp-block-list\"><li>Misas:<strong> A las 8:00, 10:00, 11:00 y 20:00 h<\/strong><\/li><li><strong>12:15 horas: <\/strong>Bendici\u00f3n de ramos con los ni\u00f1os de Primera Comuni\u00f3n<\/li><\/ul>\n\n\n\n<p><strong><em>Ermita de Las Rotas<\/em><\/strong><\/p>\n\n\n\n<ul class=\"wp-block-list\"><li><strong>18:00 horas:<\/strong>&nbsp;Misa en la Ermita de Las Rotas<\/li><\/ul>\n\n\n\n<p><strong><em>Parroquia de Nuestra Se\u00f1ora de la Asunci\u00f3n<\/em><\/strong><\/p>\n\n\n\n<ul class=\"wp-block-list\"><li><strong>9:00 horas:<\/strong>&nbsp;Misa en La Iglesia de las Agustinas<\/li><li><strong>10:00 horas:<\/strong>&nbsp;Santa Misa<\/li><li><strong>12:00 horas:<\/strong>&nbsp;Bendici\u00f3n de ramos y Misa<\/li><li><strong>20:00 horas:<\/strong>&nbsp;Misa<\/li><\/ul>\n\n\n\n<h3 class=\"wp-block-heading\"><strong><em><span class=\"has-inline-color has-black-color\">Martes, 12 de abril &#8211; Martes Santo<\/span><\/em><\/strong><\/h3>\n\n\n\n<ul class=\"wp-block-list\"><li><strong>20:30 horas:<\/strong>&nbsp;Celebraci\u00f3n Penitencial Interparroquial en el Convento de las Agustinas<\/li><li><strong>21:00 horas:<span class=\"has-inline-color has-luminous-vivid-orange-color\">&nbsp;Traslado de la imagen de la Sant\u00edsima Sangre. <\/span><\/strong>Desde el Convento de Las Agustinas hasta la Parroquia de Nuestra Se\u00f1ora de la Asunci\u00f3n<\/li><\/ul>\n\n\n\n<figure class=\"wp-block-image size-large is-style-rounded\"><img loading=\"lazy\" decoding=\"async\" width=\"1024\" height=\"682\" src=\"https:\/\/inmobiliaria-lex.com\/wp-content\/uploads\/2022\/04\/imagen-Santisima-Sangre-Denia-1024x682.jpg\" alt=\"Sant\u00edsima Sang Semana Santa 2022 Denia\" class=\"wp-image-7011\" srcset=\"https:\/\/inmobiliaria-lex.com\/wp-content\/uploads\/2022\/04\/imagen-Santisima-Sangre-Denia-980x653.jpg 980w, https:\/\/inmobiliaria-lex.com\/wp-content\/uploads\/2022\/04\/imagen-Santisima-Sangre-Denia-480x320.jpg 480w\" sizes=\"(min-width: 0px) and (max-width: 480px) 480px, (min-width: 481px) and (max-width: 980px) 980px, (min-width: 981px) 1024px, 100vw\" \/><figcaption>La Sant\u00edsima Sang<\/figcaption><\/figure>\n\n\n\n<h3 class=\"wp-block-heading\"><strong><em><span class=\"has-inline-color has-black-color\">Mi\u00e9rcoles, 13 de abril &#8211; Mi\u00e9rcoles Santo<\/span><\/em><\/strong><\/h3>\n\n\n\n<ul class=\"wp-block-list\"><li><strong>22:00 horas:<\/strong>&nbsp;<strong><span class=\"has-inline-color has-luminous-vivid-orange-color\">V\u00eda Crucis&nbsp;en el Castillo de Denia<\/span><\/strong><\/li><\/ul>\n\n\n\n<figure class=\"wp-block-image size-large\"><img loading=\"lazy\" decoding=\"async\" width=\"1024\" height=\"726\" src=\"https:\/\/inmobiliaria-lex.com\/wp-content\/uploads\/2022\/04\/viacrucis-en-castillo-Denia-miercoles-13-04-2022-1024x726.jpg\" alt=\"Viacrucis en Castillo Denia Semana Santa 2022\" class=\"wp-image-7023\" srcset=\"https:\/\/inmobiliaria-lex.com\/wp-content\/uploads\/2022\/04\/viacrucis-en-castillo-Denia-miercoles-13-04-2022-980x695.jpg 980w, https:\/\/inmobiliaria-lex.com\/wp-content\/uploads\/2022\/04\/viacrucis-en-castillo-Denia-miercoles-13-04-2022-480x341.jpg 480w\" sizes=\"(min-width: 0px) and (max-width: 480px) 480px, (min-width: 481px) and (max-width: 980px) 980px, (min-width: 981px) 1024px, 100vw\" \/><\/figure>\n\n\n\n<h3 class=\"wp-block-heading\"><strong><em><span class=\"has-inline-color has-black-color\">Jueves, 14 de abril &#8211; Jueves Santo<\/span><\/em><\/strong><\/h3>\n\n\n\n<p><strong><em>Parroquia de San Miguel Arc\u00e1ngel<\/em><\/strong><\/p>\n\n\n\n<ul class=\"wp-block-list\"><li><strong>19:30 horas:<\/strong>&nbsp;<strong><span class=\"has-inline-color has-luminous-vivid-orange-color\">Celebraci\u00f3n solemne de la cena del Se\u00f1or. <\/span><\/strong>Adoraci\u00f3n del Sant\u00edsimo hasta las 24:00 horas<\/li><li><strong>22:00 horas:<\/strong>&nbsp;<strong><span class=\"has-inline-color has-luminous-vivid-orange-color\">Procesi\u00f3n de la Pasi\u00f3n del Se\u00f1or<\/span><\/strong> con inicio en Iglesia San Miguel<\/li><\/ul>\n\n\n\n<p><strong><em>Iglesia de San Antonio<\/em><\/strong><\/p>\n\n\n\n<p><strong>18:00 horas: Misa<\/strong><\/p>\n\n\n\n<ul class=\"wp-block-list\"><li><strong>20:00 horas:&nbsp;<\/strong>Celebraci\u00f3n solemne de la cena del Se\u00f1or. Adoraci\u00f3n del Sant\u00edsimo hasta las 00:00 horas y Completas<\/li><\/ul>\n\n\n\n<p><strong><em>Parroquia de Nuestra Se\u00f1ora de la Asunci\u00f3n<\/em><\/strong><\/p>\n\n\n\n<ul class=\"wp-block-list\"><li><strong>18:30 horas:<\/strong>&nbsp;Misa<\/li><li><strong>20:00 horas:&nbsp;<\/strong>Celebraci\u00f3n solemne de la cena del Se\u00f1or.<\/li><li><strong>23:00 horas:<\/strong>&nbsp;Hora Santa<\/li><\/ul>\n\n\n\n<figure class=\"wp-block-gallery columns-1 is-cropped wp-block-gallery-1 is-layout-flex wp-block-gallery-is-layout-flex\"><ul class=\"blocks-gallery-grid\"><li class=\"blocks-gallery-item\"><figure><img loading=\"lazy\" decoding=\"async\" width=\"940\" height=\"726\" src=\"https:\/\/inmobiliaria-lex.com\/wp-content\/uploads\/2022\/04\/Programacion-Semana-Santa-en-Denia-2022.jpg\" alt=\"\" data-id=\"7032\" data-full-url=\"https:\/\/inmobiliaria-lex.com\/wp-content\/uploads\/2022\/04\/Programacion-Semana-Santa-en-Denia-2022.jpg\" data-link=\"https:\/\/inmobiliaria-lex.com\/?attachment_id=7032\" class=\"wp-image-7032\" srcset=\"https:\/\/inmobiliaria-lex.com\/wp-content\/uploads\/2022\/04\/Programacion-Semana-Santa-en-Denia-2022.jpg 940w, https:\/\/inmobiliaria-lex.com\/wp-content\/uploads\/2022\/04\/Programacion-Semana-Santa-en-Denia-2022-480x371.jpg 480w\" sizes=\"(min-width: 0px) and (max-width: 480px) 480px, (min-width: 481px) 940px, 100vw\" \/><figcaption class=\"blocks-gallery-item__caption\">Programa de actos y procesiones en Semana Santa 2022 en Denia<\/figcaption><\/figure><\/li><\/ul><\/figure>\n\n\n\n<h3 class=\"wp-block-heading\"><strong><em><span class=\"has-inline-color has-black-color\">Viernes, 15 de abril &#8211; Viernes Santo<\/span><\/em><\/strong><\/h3>\n\n\n\n<p><strong><em>Parroquia de San Miguel<\/em><\/strong><\/p>\n\n\n\n<ul class=\"wp-block-list\"><li><strong>9:00 horas:<\/strong>&nbsp;Rezo de Laudes y V\u00eda Crucis. Adoraci\u00f3n del Snat\u00edsimo hasta la hora de celebraci\u00f3n de la Pasi\u00f3n<\/li><li><strong>11:30 horas:<\/strong>&nbsp;Celebraci\u00f3n de los Oficios de la Pasi\u00f3n y Muerte del Se\u00f1or<\/li><li><strong>19:45 horas:<\/strong>&nbsp;<strong><span class=\"has-inline-color has-luminous-vivid-orange-color\">Traslado de los Pasos Procesionales a la Parroquia de Nuestra Se\u00f1ora de la Asunci\u00f3n<\/span><\/strong><\/li><\/ul>\n\n\n\n<p><strong><em>Parroquia de San Antonio<\/em><\/strong><\/p>\n\n\n\n<ul class=\"wp-block-list\"><li><strong>9:00 horas:<\/strong>&nbsp;Rezo de Laudes. Adoraci\u00f3n del Snat\u00edsimo hasta la hora de celebraci\u00f3n de la Pasi\u00f3n<\/li><li><strong>18:00 horas:<\/strong>&nbsp;Celebraci\u00f3n de los Oficios de la Pasi\u00f3n y Muerte del Se\u00f1or<\/li><\/ul>\n\n\n\n<p><strong><em>Parroquia de Nuestra Se\u00f1ora de la Asunci\u00f3n<\/em><\/strong><\/p>\n\n\n\n<p><strong>9:00 horas<\/strong>:&nbsp;Rezo de Laudes. Adoraci\u00f3n del Sant\u00edsimo hasta la hora de celebraci\u00f3n de la Pasi\u00f3n<\/p>\n\n\n\n<p><strong>19:00 horas:<\/strong>&nbsp;Celebraci\u00f3n de los Oficios de la Pasi\u00f3n y Muerte del Se\u00f1or<\/p>\n\n\n\n<p><strong>20:30 horas:&nbsp;<span class=\"has-inline-color has-luminous-vivid-orange-color\">Procesi\u00f3n del Santo Entierro<\/span><\/strong><\/p>\n\n\n\n<h3 class=\"wp-block-heading\"><strong><em><span class=\"has-inline-color has-black-color\">S\u00e1bado, 16 de abril &#8211; S\u00e1bado Santo<\/span><\/em><\/strong><\/h3>\n\n\n\n<p><strong><em>Parroquia de San Miguel<\/em><\/strong><em><\/em><\/p>\n\n\n\n<ul class=\"wp-block-list\"><li><strong>20:00 horas:<\/strong>&nbsp;Solemne Vigilia Pascual<\/li><\/ul>\n\n\n\n<p><strong><em>Parroquia de San Antonio<\/em><\/strong><\/p>\n\n\n\n<ul class=\"wp-block-list\"><li><strong>9:00 horas:<\/strong>&nbsp;Rezo de Laudes. Hora de la Soledad acompa\u00f1ando a Mar\u00eda<\/li><li><strong>23:00 horas:<\/strong>&nbsp;Solemne Vigila Pascual<\/li><\/ul>\n\n\n\n<p><strong><em>Parroquia de Nuestra Se\u00f1ora de la Asunci\u00f3n<\/em><\/strong><\/p>\n\n\n\n<ul class=\"wp-block-list\"><li><strong>20:30 horas:<\/strong>&nbsp;Solemne Vigila Pascual<\/li><\/ul>\n\n\n\n<h3 class=\"wp-block-heading\"><strong><em><span class=\"has-inline-color has-black-color\">Domingo, 17 de abril &#8211; Domingo de Pascua<\/span><\/em><\/strong><\/h3>\n\n\n\n<p><strong><em>Parroquia de San Miguel<\/em><\/strong><\/p>\n\n\n\n<ul class=\"wp-block-list\"><li><strong>9:00 horas:<\/strong>&nbsp;Misa<\/li><li><strong>9:30 horas:<span class=\"has-inline-color has-luminous-vivid-orange-color\">&nbsp;Procesi\u00f3n del encuentro de Resurrecci\u00f3n.<\/span><\/strong><\/li><li><strong>10:30 horas:<\/strong>&nbsp;Misa Solemne de Pascua<\/li><\/ul>\n\n\n\n<p><strong><em>Parroquia de San Antonio<\/em><\/strong><\/p>\n\n\n\n<ul class=\"wp-block-list\"><li><strong>Misa a las 10:00, 11:00 y 20:00 horas<\/strong><\/li><li><strong>18:00 horas:<\/strong>&nbsp;Misa en la Ermita de Las Rotas<\/li><\/ul>\n\n\n\n<p><strong><em>Parroquia de Nuestra Se\u00f1ora de la Asunci\u00f3n<\/em><\/strong><\/p>\n\n\n\n<ul class=\"wp-block-list\"><li><strong>09:00 horas:<\/strong>\u00a0Misa en la Iglesia de las Agustinas<\/li><li><strong>Misa a las 10:00, 12:00 y 20:00 horas<\/strong><\/li><\/ul>\n\n\n\n<h2 class=\"wp-block-heading\"><strong><span class=\"has-inline-color has-luminous-vivid-orange-color\">Descubre D\u00e9nia y su Gastronom\u00eda<\/span><\/strong> esta Semana Santa 2022 en D\u00e9nia<\/h2>\n\n\n\n<p>En Denia adem\u00e1s de vivir la Semana Santa 2022 a tope, puedes disfrutar de tus vacaciones a tope de mil maneras distintas. <\/p>\n\n\n\n<p>Te recomendamos que leas algunos de los art\u00edculos de nuestro blog donde te proponemos como descubrir Denia cada d\u00eda.<\/p>\n\n\n\n<h3 class=\"wp-block-heading\">* <strong><a href=\"https:\/\/inmobiliaria-lex.com\/platos-tipicos-de-denia\/\" target=\"_blank\" rel=\"noreferrer noopener\"><span class=\"has-inline-color has-luminous-vivid-orange-color\">Platos t\u00edpicos de D\u00e9nia<\/span><\/a><\/strong><\/h3>\n\n\n\n<p><em>Saborear la gastronom\u00eda y los platos t\u00edpicos de Denia es toda una explosi\u00f3n de sabores para el paladar. \u201cPura dieta mediterr\u00e1nea\u201d<\/em>    <\/p>\n\n\n\n<p>D\u00e9nia es\u00a0<em>Ciudad Creativa de la Gastronom\u00eda por la Unesco<\/em>\u00a0desde diciembre de 2015.<\/p>\n\n\n\n<p><em>Sus protagonistas: el mar<\/em><em>,<\/em>&nbsp;con sus pescados y mariscos, los arroces y <em>lo m\u00e1s importante, los mejores productos de la huerta valenciana<\/em><strong><em>.<\/em><\/strong><\/p>\n\n\n\n<h3 class=\"wp-block-heading\">* <strong><a href=\"https:\/\/inmobiliaria-lex.com\/que-hacer-en-denia\/\" target=\"_blank\" rel=\"noreferrer noopener\"><span class=\"has-inline-color has-luminous-vivid-orange-color\">Qu\u00e9 hacer en D\u00e9nia<\/span><\/a><\/strong><\/h3>\n\n\n\n<p>    Pasear por el centro hist\u00f3rico y el barrio de pescadores, visitar el Castillo, el Museo del Mar, el Museo del Juguete, dar largos paseos por nuestras playas en Las Marinas, por Las Rotas o La Marina de Denia, hacer excursiones por el Montg\u00f3, &#8230;.. Navega en un velero y vive las caidas de sol en nuestro mar.  Practica deportes acu\u00e1ticos:  windsurf, paddle surf,, kitesurf, sky n\u00e1utico, motos acu\u00e1ticas, vela, &#8230;&#8230;<\/p>\n\n\n\n<h3 class=\"wp-block-heading\">*<span class=\"has-inline-color has-luminous-vivid-orange-color\"> <strong><a href=\"https:\/\/inmobiliaria-lex.com\/mercadillo-riurau-jesus-pobre\/\" target=\"_blank\" rel=\"noreferrer noopener\">Visita el Riu Rau de Jes\u00fas Pobre<\/a><\/strong><\/span><\/h3>\n\n\n\n<figure class=\"wp-block-embed is-type-wp-embed is-provider-agencia-inmobiliaria-lex-denia wp-block-embed-agencia-inmobiliaria-lex-denia\"><div class=\"wp-block-embed__wrapper\">\n<blockquote class=\"wp-embedded-content\" data-secret=\"IWfEcbESDH\"><a href=\"https:\/\/inmobiliaria-lex.com\/paseo-por-la-marina-de-denia\/\">Paseo por La Marina de Denia Puerto Deportivo<\/a><\/blockquote><iframe loading=\"lazy\" class=\"wp-embedded-content\" sandbox=\"allow-scripts\" security=\"restricted\" style=\"position: absolute; clip: rect(1px, 1px, 1px, 1px);\" title=\"\u00abPaseo por La Marina de Denia Puerto Deportivo\u00bb \u2014 Agencia Inmobiliaria Lex D\u00e9nia\" src=\"https:\/\/inmobiliaria-lex.com\/paseo-por-la-marina-de-denia\/embed\/#?secret=IWfEcbESDH\" data-secret=\"IWfEcbESDH\" width=\"600\" height=\"338\" frameborder=\"0\" marginwidth=\"0\" marginheight=\"0\" scrolling=\"no\"><\/iframe>\n<\/div><\/figure>\n\n\n\n<p>Con todo esto s\u00f3lo nos queda desear que disfrutes de nuestra ciudad y que pases una Semana Santa 2022 en Denia que sea inolvidable.<\/p>\n\n\n\n<p>Si a\u00fan no tienes reservado tu alojamiento, no dudes en visitar nuestra p\u00e1gina web:<strong><a href=\"http:\/\/www.inmobiliaria-lex.com\"> www.inmobiliaria-lex.com<\/a><\/strong> o ll\u00e1manos al 626.99.52.17 y te propondremos la mejor estancia para tus necesidades.<\/p>\n","protected":false},"excerpt":{"rendered":"<p>Desde el viernes 8 de abril y hasta el domingo 17 de abril, las tres Parroquias nos invitan a participar en esta Semana Santa del 2022 en Denia, en las distintas celebraciones de la Pasi\u00f3n, Muerte y Resurrecci\u00f3n de Jesucristo. Si te encuentras en Denia en esta \u201cSemana de Pasi\u00f3n\u201d es tremendamente conmovedor el solemne [&hellip;]<\/p>\n","protected":false},"author":1,"featured_media":7032,"comment_status":"closed","ping_status":"closed","sticky":false,"template":"","format":"standard","meta":{"_et_pb_use_builder":"","_et_pb_old_content":"","_et_gb_content_width":"","footnotes":""},"categories":[29,28,35,30],"tags":[382,169],"class_list":["post-7009","post","type-post","status-publish","format-standard","has-post-thumbnail","hentry","category-actualidad-denia","category-conecer-denia","category-denia","category-fiestas-denia","tag-actos-semana-santa-2022-denia","tag-semana-santa-denia"],"yoast_head":"<!-- This site is optimized with the Yoast SEO plugin v25.9 - https:\/\/yoast.com\/wordpress\/plugins\/seo\/ -->\n<title>Semana Santa 2022 en Denia | Agencia Inmobiliaria Lex D\u00e9nia<\/title>\n<meta name=\"description\" content=\"Descubre el Programa completo de Actos y Procesiones de la Semana Santa 2022 en Denia. Detalle de los actos de las tres Parroquias de Denia.\" \/>\n<meta name=\"robots\" content=\"index, follow, max-snippet:-1, max-image-preview:large, max-video-preview:-1\" \/>\n<link rel=\"canonical\" href=\"https:\/\/inmobiliaria-lex.com\/fr\/semana-santa-2022-en-denia\/\" \/>\n<meta property=\"og:locale\" content=\"fr_FR\" \/>\n<meta property=\"og:type\" content=\"article\" \/>\n<meta property=\"og:title\" content=\"Semana Santa 2022 en Denia | Agencia Inmobiliaria Lex D\u00e9nia\" \/>\n<meta property=\"og:description\" content=\"Descubre el Programa completo de Actos y Procesiones de la Semana Santa 2022 en Denia. Detalle de los actos de las tres Parroquias de Denia.\" \/>\n<meta property=\"og:url\" content=\"https:\/\/inmobiliaria-lex.com\/fr\/semana-santa-2022-en-denia\/\" \/>\n<meta property=\"og:site_name\" content=\"Agencia Inmobiliaria Lex D\u00e9nia\" \/>\n<meta property=\"article:publisher\" content=\"https:\/\/www.facebook.com\/LEXDENIA\" \/>\n<meta property=\"article:published_time\" content=\"2022-04-10T17:40:50+00:00\" \/>\n<meta property=\"article:modified_time\" content=\"2022-04-10T17:57:12+00:00\" \/>\n<meta property=\"og:image\" content=\"https:\/\/inmobiliaria-lex.com\/wp-content\/uploads\/2022\/04\/Programacion-Semana-Santa-en-Denia-2022.jpg\" \/>\n\t<meta property=\"og:image:width\" content=\"940\" \/>\n\t<meta property=\"og:image:height\" content=\"726\" \/>\n\t<meta property=\"og:image:type\" content=\"image\/jpeg\" \/>\n<meta name=\"author\" content=\"inmobiliaria lex denia\" \/>\n<meta name=\"twitter:card\" content=\"summary_large_image\" \/>\n<meta name=\"twitter:label1\" content=\"\u00c9crit par\" \/>\n\t<meta name=\"twitter:data1\" content=\"inmobiliaria lex denia\" \/>\n\t<meta name=\"twitter:label2\" content=\"Dur\u00e9e de lecture estim\u00e9e\" \/>\n\t<meta name=\"twitter:data2\" content=\"5 minutes\" \/>\n<script type=\"application\/ld+json\" class=\"yoast-schema-graph\">{\"@context\":\"https:\/\/schema.org\",\"@graph\":[{\"@type\":\"Article\",\"@id\":\"https:\/\/inmobiliaria-lex.com\/fr\/semana-santa-2022-en-denia\/#article\",\"isPartOf\":{\"@id\":\"https:\/\/inmobiliaria-lex.com\/fr\/semana-santa-2022-en-denia\/\"},\"author\":{\"name\":\"inmobiliaria lex denia\",\"@id\":\"https:\/\/inmobiliaria-lex.com\/fr\/#\/schema\/person\/1aa994699b790066990c86d352ff8fec\"},\"headline\":\"Semana Santa 2022 en Denia\",\"datePublished\":\"2022-04-10T17:40:50+00:00\",\"dateModified\":\"2022-04-10T17:57:12+00:00\",\"mainEntityOfPage\":{\"@id\":\"https:\/\/inmobiliaria-lex.com\/fr\/semana-santa-2022-en-denia\/\"},\"wordCount\":973,\"publisher\":{\"@id\":\"https:\/\/inmobiliaria-lex.com\/fr\/#organization\"},\"image\":{\"@id\":\"https:\/\/inmobiliaria-lex.com\/fr\/semana-santa-2022-en-denia\/#primaryimage\"},\"thumbnailUrl\":\"https:\/\/inmobiliaria-lex.com\/wp-content\/uploads\/2022\/04\/Programacion-Semana-Santa-en-Denia-2022.jpg\",\"keywords\":[\"actos Semana Santa 2022 Denia\",\"Semana Santa Denia\"],\"articleSection\":[\"Actualidad D\u00e9nia\",\"Conocer D\u00e9nia\",\"D\u00e9nia\",\"Fiestas D\u00e9nia\"],\"inLanguage\":\"fr-FR\"},{\"@type\":\"WebPage\",\"@id\":\"https:\/\/inmobiliaria-lex.com\/fr\/semana-santa-2022-en-denia\/\",\"url\":\"https:\/\/inmobiliaria-lex.com\/fr\/semana-santa-2022-en-denia\/\",\"name\":\"Semana Santa 2022 en Denia | Agencia Inmobiliaria Lex D\u00e9nia\",\"isPartOf\":{\"@id\":\"https:\/\/inmobiliaria-lex.com\/fr\/#website\"},\"primaryImageOfPage\":{\"@id\":\"https:\/\/inmobiliaria-lex.com\/fr\/semana-santa-2022-en-denia\/#primaryimage\"},\"image\":{\"@id\":\"https:\/\/inmobiliaria-lex.com\/fr\/semana-santa-2022-en-denia\/#primaryimage\"},\"thumbnailUrl\":\"https:\/\/inmobiliaria-lex.com\/wp-content\/uploads\/2022\/04\/Programacion-Semana-Santa-en-Denia-2022.jpg\",\"datePublished\":\"2022-04-10T17:40:50+00:00\",\"dateModified\":\"2022-04-10T17:57:12+00:00\",\"description\":\"Descubre el Programa completo de Actos y Procesiones de la Semana Santa 2022 en Denia. Detalle de los actos de las tres Parroquias de Denia.\",\"breadcrumb\":{\"@id\":\"https:\/\/inmobiliaria-lex.com\/fr\/semana-santa-2022-en-denia\/#breadcrumb\"},\"inLanguage\":\"fr-FR\",\"potentialAction\":[{\"@type\":\"ReadAction\",\"target\":[\"https:\/\/inmobiliaria-lex.com\/fr\/semana-santa-2022-en-denia\/\"]}]},{\"@type\":\"ImageObject\",\"inLanguage\":\"fr-FR\",\"@id\":\"https:\/\/inmobiliaria-lex.com\/fr\/semana-santa-2022-en-denia\/#primaryimage\",\"url\":\"https:\/\/inmobiliaria-lex.com\/wp-content\/uploads\/2022\/04\/Programacion-Semana-Santa-en-Denia-2022.jpg\",\"contentUrl\":\"https:\/\/inmobiliaria-lex.com\/wp-content\/uploads\/2022\/04\/Programacion-Semana-Santa-en-Denia-2022.jpg\",\"width\":940,\"height\":726,\"caption\":\"Programa Semana Santa en Denia\"},{\"@type\":\"BreadcrumbList\",\"@id\":\"https:\/\/inmobiliaria-lex.com\/fr\/semana-santa-2022-en-denia\/#breadcrumb\",\"itemListElement\":[{\"@type\":\"ListItem\",\"position\":1,\"name\":\"Portada\",\"item\":\"https:\/\/inmobiliaria-lex.com\/fr\/home\/\"},{\"@type\":\"ListItem\",\"position\":2,\"name\":\"Semana Santa 2022 en Denia\"}]},{\"@type\":\"WebSite\",\"@id\":\"https:\/\/inmobiliaria-lex.com\/fr\/#website\",\"url\":\"https:\/\/inmobiliaria-lex.com\/fr\/\",\"name\":\"Inmobiliaria Lex D\u00e9nia\",\"description\":\"Inmobiliaria en D\u00e9nia\",\"publisher\":{\"@id\":\"https:\/\/inmobiliaria-lex.com\/fr\/#organization\"},\"potentialAction\":[{\"@type\":\"SearchAction\",\"target\":{\"@type\":\"EntryPoint\",\"urlTemplate\":\"https:\/\/inmobiliaria-lex.com\/fr\/?s={search_term_string}\"},\"query-input\":{\"@type\":\"PropertyValueSpecification\",\"valueRequired\":true,\"valueName\":\"search_term_string\"}}],\"inLanguage\":\"fr-FR\"},{\"@type\":\"Organization\",\"@id\":\"https:\/\/inmobiliaria-lex.com\/fr\/#organization\",\"name\":\"Agencia Inmobiliaria Lex. D\u00e9nia\",\"url\":\"https:\/\/inmobiliaria-lex.com\/fr\/\",\"logo\":{\"@type\":\"ImageObject\",\"inLanguage\":\"fr-FR\",\"@id\":\"https:\/\/inmobiliaria-lex.com\/fr\/#\/schema\/logo\/image\/\",\"url\":\"https:\/\/inmobiliaria-lex.com\/wp-content\/uploads\/2020\/02\/inmobiliaria_lex_denia.png\",\"contentUrl\":\"https:\/\/inmobiliaria-lex.com\/wp-content\/uploads\/2020\/02\/inmobiliaria_lex_denia.png\",\"width\":176,\"height\":111,\"caption\":\"Agencia Inmobiliaria Lex. D\u00e9nia\"},\"image\":{\"@id\":\"https:\/\/inmobiliaria-lex.com\/fr\/#\/schema\/logo\/image\/\"},\"sameAs\":[\"https:\/\/www.facebook.com\/LEXDENIA\",\"https:\/\/www.instagram.com\/deniainmolex\/\"]},{\"@type\":\"Person\",\"@id\":\"https:\/\/inmobiliaria-lex.com\/fr\/#\/schema\/person\/1aa994699b790066990c86d352ff8fec\",\"name\":\"inmobiliaria lex denia\",\"image\":{\"@type\":\"ImageObject\",\"inLanguage\":\"fr-FR\",\"@id\":\"https:\/\/inmobiliaria-lex.com\/fr\/#\/schema\/person\/image\/\",\"url\":\"https:\/\/secure.gravatar.com\/avatar\/4843a7e97f3a2d82ecb361a9c26707d2e6c75f4002ff82a72ff5f4e5fef8ae3a?s=96&d=mm&r=g\",\"contentUrl\":\"https:\/\/secure.gravatar.com\/avatar\/4843a7e97f3a2d82ecb361a9c26707d2e6c75f4002ff82a72ff5f4e5fef8ae3a?s=96&d=mm&r=g\",\"caption\":\"inmobiliaria lex denia\"}}]}<\/script>\n<!-- \/ Yoast SEO plugin. -->","yoast_head_json":{"title":"Semana Santa 2022 en Denia | Agencia Inmobiliaria Lex D\u00e9nia","description":"Descubre el Programa completo de Actos y Procesiones de la Semana Santa 2022 en Denia. Detalle de los actos de las tres Parroquias de Denia.","robots":{"index":"index","follow":"follow","max-snippet":"max-snippet:-1","max-image-preview":"max-image-preview:large","max-video-preview":"max-video-preview:-1"},"canonical":"https:\/\/inmobiliaria-lex.com\/fr\/semana-santa-2022-en-denia\/","og_locale":"fr_FR","og_type":"article","og_title":"Semana Santa 2022 en Denia | Agencia Inmobiliaria Lex D\u00e9nia","og_description":"Descubre el Programa completo de Actos y Procesiones de la Semana Santa 2022 en Denia. Detalle de los actos de las tres Parroquias de Denia.","og_url":"https:\/\/inmobiliaria-lex.com\/fr\/semana-santa-2022-en-denia\/","og_site_name":"Agencia Inmobiliaria Lex D\u00e9nia","article_publisher":"https:\/\/www.facebook.com\/LEXDENIA","article_published_time":"2022-04-10T17:40:50+00:00","article_modified_time":"2022-04-10T17:57:12+00:00","og_image":[{"width":940,"height":726,"url":"https:\/\/inmobiliaria-lex.com\/wp-content\/uploads\/2022\/04\/Programacion-Semana-Santa-en-Denia-2022.jpg","type":"image\/jpeg"}],"author":"inmobiliaria lex denia","twitter_card":"summary_large_image","twitter_misc":{"\u00c9crit par":"inmobiliaria lex denia","Dur\u00e9e de lecture estim\u00e9e":"5 minutes"},"schema":{"@context":"https:\/\/schema.org","@graph":[{"@type":"Article","@id":"https:\/\/inmobiliaria-lex.com\/fr\/semana-santa-2022-en-denia\/#article","isPartOf":{"@id":"https:\/\/inmobiliaria-lex.com\/fr\/semana-santa-2022-en-denia\/"},"author":{"name":"inmobiliaria lex denia","@id":"https:\/\/inmobiliaria-lex.com\/fr\/#\/schema\/person\/1aa994699b790066990c86d352ff8fec"},"headline":"Semana Santa 2022 en Denia","datePublished":"2022-04-10T17:40:50+00:00","dateModified":"2022-04-10T17:57:12+00:00","mainEntityOfPage":{"@id":"https:\/\/inmobiliaria-lex.com\/fr\/semana-santa-2022-en-denia\/"},"wordCount":973,"publisher":{"@id":"https:\/\/inmobiliaria-lex.com\/fr\/#organization"},"image":{"@id":"https:\/\/inmobiliaria-lex.com\/fr\/semana-santa-2022-en-denia\/#primaryimage"},"thumbnailUrl":"https:\/\/inmobiliaria-lex.com\/wp-content\/uploads\/2022\/04\/Programacion-Semana-Santa-en-Denia-2022.jpg","keywords":["actos Semana Santa 2022 Denia","Semana Santa Denia"],"articleSection":["Actualidad D\u00e9nia","Conocer D\u00e9nia","D\u00e9nia","Fiestas D\u00e9nia"],"inLanguage":"fr-FR"},{"@type":"WebPage","@id":"https:\/\/inmobiliaria-lex.com\/fr\/semana-santa-2022-en-denia\/","url":"https:\/\/inmobiliaria-lex.com\/fr\/semana-santa-2022-en-denia\/","name":"Semana Santa 2022 en Denia | Agencia Inmobiliaria Lex D\u00e9nia","isPartOf":{"@id":"https:\/\/inmobiliaria-lex.com\/fr\/#website"},"primaryImageOfPage":{"@id":"https:\/\/inmobiliaria-lex.com\/fr\/semana-santa-2022-en-denia\/#primaryimage"},"image":{"@id":"https:\/\/inmobiliaria-lex.com\/fr\/semana-santa-2022-en-denia\/#primaryimage"},"thumbnailUrl":"https:\/\/inmobiliaria-lex.com\/wp-content\/uploads\/2022\/04\/Programacion-Semana-Santa-en-Denia-2022.jpg","datePublished":"2022-04-10T17:40:50+00:00","dateModified":"2022-04-10T17:57:12+00:00","description":"Descubre el Programa completo de Actos y Procesiones de la Semana Santa 2022 en Denia. Detalle de los actos de las tres Parroquias de Denia.","breadcrumb":{"@id":"https:\/\/inmobiliaria-lex.com\/fr\/semana-santa-2022-en-denia\/#breadcrumb"},"inLanguage":"fr-FR","potentialAction":[{"@type":"ReadAction","target":["https:\/\/inmobiliaria-lex.com\/fr\/semana-santa-2022-en-denia\/"]}]},{"@type":"ImageObject","inLanguage":"fr-FR","@id":"https:\/\/inmobiliaria-lex.com\/fr\/semana-santa-2022-en-denia\/#primaryimage","url":"https:\/\/inmobiliaria-lex.com\/wp-content\/uploads\/2022\/04\/Programacion-Semana-Santa-en-Denia-2022.jpg","contentUrl":"https:\/\/inmobiliaria-lex.com\/wp-content\/uploads\/2022\/04\/Programacion-Semana-Santa-en-Denia-2022.jpg","width":940,"height":726,"caption":"Programa Semana Santa en Denia"},{"@type":"BreadcrumbList","@id":"https:\/\/inmobiliaria-lex.com\/fr\/semana-santa-2022-en-denia\/#breadcrumb","itemListElement":[{"@type":"ListItem","position":1,"name":"Portada","item":"https:\/\/inmobiliaria-lex.com\/fr\/home\/"},{"@type":"ListItem","position":2,"name":"Semana Santa 2022 en Denia"}]},{"@type":"WebSite","@id":"https:\/\/inmobiliaria-lex.com\/fr\/#website","url":"https:\/\/inmobiliaria-lex.com\/fr\/","name":"Inmobiliaria Lex D\u00e9nia","description":"Inmobiliaria en D\u00e9nia","publisher":{"@id":"https:\/\/inmobiliaria-lex.com\/fr\/#organization"},"potentialAction":[{"@type":"SearchAction","target":{"@type":"EntryPoint","urlTemplate":"https:\/\/inmobiliaria-lex.com\/fr\/?s={search_term_string}"},"query-input":{"@type":"PropertyValueSpecification","valueRequired":true,"valueName":"search_term_string"}}],"inLanguage":"fr-FR"},{"@type":"Organization","@id":"https:\/\/inmobiliaria-lex.com\/fr\/#organization","name":"Agencia Inmobiliaria Lex. D\u00e9nia","url":"https:\/\/inmobiliaria-lex.com\/fr\/","logo":{"@type":"ImageObject","inLanguage":"fr-FR","@id":"https:\/\/inmobiliaria-lex.com\/fr\/#\/schema\/logo\/image\/","url":"https:\/\/inmobiliaria-lex.com\/wp-content\/uploads\/2020\/02\/inmobiliaria_lex_denia.png","contentUrl":"https:\/\/inmobiliaria-lex.com\/wp-content\/uploads\/2020\/02\/inmobiliaria_lex_denia.png","width":176,"height":111,"caption":"Agencia Inmobiliaria Lex. D\u00e9nia"},"image":{"@id":"https:\/\/inmobiliaria-lex.com\/fr\/#\/schema\/logo\/image\/"},"sameAs":["https:\/\/www.facebook.com\/LEXDENIA","https:\/\/www.instagram.com\/deniainmolex\/"]},{"@type":"Person","@id":"https:\/\/inmobiliaria-lex.com\/fr\/#\/schema\/person\/1aa994699b790066990c86d352ff8fec","name":"inmobiliaria lex denia","image":{"@type":"ImageObject","inLanguage":"fr-FR","@id":"https:\/\/inmobiliaria-lex.com\/fr\/#\/schema\/person\/image\/","url":"https:\/\/secure.gravatar.com\/avatar\/4843a7e97f3a2d82ecb361a9c26707d2e6c75f4002ff82a72ff5f4e5fef8ae3a?s=96&d=mm&r=g","contentUrl":"https:\/\/secure.gravatar.com\/avatar\/4843a7e97f3a2d82ecb361a9c26707d2e6c75f4002ff82a72ff5f4e5fef8ae3a?s=96&d=mm&r=g","caption":"inmobiliaria lex denia"}}]}},"_links":{"self":[{"href":"https:\/\/inmobiliaria-lex.com\/fr\/wp-json\/wp\/v2\/posts\/7009","targetHints":{"allow":["GET"]}}],"collection":[{"href":"https:\/\/inmobiliaria-lex.com\/fr\/wp-json\/wp\/v2\/posts"}],"about":[{"href":"https:\/\/inmobiliaria-lex.com\/fr\/wp-json\/wp\/v2\/types\/post"}],"author":[{"embeddable":true,"href":"https:\/\/inmobiliaria-lex.com\/fr\/wp-json\/wp\/v2\/users\/1"}],"replies":[{"embeddable":true,"href":"https:\/\/inmobiliaria-lex.com\/fr\/wp-json\/wp\/v2\/comments?post=7009"}],"version-history":[{"count":0,"href":"https:\/\/inmobiliaria-lex.com\/fr\/wp-json\/wp\/v2\/posts\/7009\/revisions"}],"wp:featuredmedia":[{"embeddable":true,"href":"https:\/\/inmobiliaria-lex.com\/fr\/wp-json\/wp\/v2\/media\/7032"}],"wp:attachment":[{"href":"https:\/\/inmobiliaria-lex.com\/fr\/wp-json\/wp\/v2\/media?parent=7009"}],"wp:term":[{"taxonomy":"category","embeddable":true,"href":"https:\/\/inmobiliaria-lex.com\/fr\/wp-json\/wp\/v2\/categories?post=7009"},{"taxonomy":"post_tag","embeddable":true,"href":"https:\/\/inmobiliaria-lex.com\/fr\/wp-json\/wp\/v2\/tags?post=7009"}],"curies":[{"name":"wp","href":"https:\/\/api.w.org\/{rel}","templated":true}]}}