{"id":7060,"date":"2022-04-12T22:50:38","date_gmt":"2022-04-12T22:50:38","guid":{"rendered":"https:\/\/inmobiliaria-lex.com\/?p=7060"},"modified":"2023-04-01T07:44:58","modified_gmt":"2023-04-01T07:44:58","slug":"vive-experiencias-en-denia","status":"publish","type":"post","link":"https:\/\/inmobiliaria-lex.com\/fr\/vive-experiencias-en-denia\/","title":{"rendered":"Vive experiencias en Denia"},"content":{"rendered":"\n<p>Vive experiencias en Denia: Esta vez vas a disfrutar a tope de tus vacaciones porque te proponemos que exprimas tus d\u00edas viviendo experiencias en D\u00e9nia.<\/p>\n\n\n\n<p>Entre nuestras propuestas encontrar\u00e1s opciones de deporte, relax, conciertos, exposiciones&#8230;.. Solo tendr\u00e1s que decidirte por cu\u00e1l elegir y para ello os facilitamos los links a las web de los organizadores para que pod\u00e1is ampliar la informaci\u00f3n y contratar directamente vuestra experiencia. <\/p>\n\n\n\n<figure class=\"wp-block-image size-large is-style-default\"><img loading=\"lazy\" decoding=\"async\" width=\"940\" height=\"726\" src=\"https:\/\/inmobiliaria-lex.com\/wp-content\/uploads\/2022\/04\/Vive-experiencias-en-Denia.jpg\" alt=\"Vive experiencias en Denia\" class=\"wp-image-7118\" srcset=\"https:\/\/inmobiliaria-lex.com\/wp-content\/uploads\/2022\/04\/Vive-experiencias-en-Denia.jpg 940w, https:\/\/inmobiliaria-lex.com\/wp-content\/uploads\/2022\/04\/Vive-experiencias-en-Denia-480x371.jpg 480w\" sizes=\"(min-width: 0px) and (max-width: 480px) 480px, (min-width: 481px) 940px, 100vw\" \/><\/figure>\n\n\n\n<h2 class=\"wp-block-heading\">Vive el Puente de Diciembre y la Navidad en Denia<\/h2>\n\n\n\n<p>\u00bfQuieres saber la programaci\u00f3n y los actos que Denia  tiene preparada para ti y tu familia estas navidades?<\/p>\n\n\n\n<p>Aqu\u00ed te ofrecemos las fechas y horarios para que puedas exprimir al m\u00e1ximo tu experiencia en Denia. <\/p>\n\n\n\n<p>Y para que puedas decidir en que otros momentos del a\u00f1o te interesa visitarnos al finalizar la agenda de diciembre te dejamos actividades y fiestas que se han programado durante todo el a\u00f1o.  <\/p>\n\n\n\n<p><strong> \u00a1Esperamos verte en el 2023\u00a1 <\/strong>: T\u00fa eliges las fechas y nosotros te ofrecemos la vivienda que est\u00e1s buscando.<\/p>\n\n\n\n<p>Pero ahora disfruta de tu estancia y de nuestra ciudad.<\/p>\n\n\n\n<h2 class=\"has-luminous-vivid-orange-color has-text-color wp-block-heading\">Diciembre en D\u00e9nia<\/h2>\n\n\n\n<h3 class=\"has-luminous-vivid-orange-color has-text-color wp-block-heading\">S\u00e1bado 3 de Diciembre a las 18 h: Encendido de las luces de Navidad<\/h3>\n\n\n\n<p>A las 18 h Denia se iluminar\u00e1 y se vestir\u00e1 de Navidad para comenzar con el ambiente navide\u00f1o y festivo<\/p>\n\n\n\n<h3 class=\"has-luminous-vivid-orange-color has-text-color wp-block-heading\">Del 3 al 8 de Diciembre: Mercado de Navidad en Denia.<\/h3>\n\n\n\n<div class=\"wp-block-media-text alignwide is-stacked-on-mobile\"><figure class=\"wp-block-media-text__media\"><img loading=\"lazy\" decoding=\"async\" width=\"670\" height=\"960\" src=\"https:\/\/inmobiliaria-lex.com\/wp-content\/uploads\/2022\/12\/mercadillo-navidad-Denia.jpg\" alt=\"\" class=\"wp-image-7549 size-full\" srcset=\"https:\/\/inmobiliaria-lex.com\/wp-content\/uploads\/2022\/12\/mercadillo-navidad-Denia.jpg 670w, https:\/\/inmobiliaria-lex.com\/wp-content\/uploads\/2022\/12\/mercadillo-navidad-Denia-480x688.jpg 480w\" sizes=\"(min-width: 0px) and (max-width: 480px) 480px, (min-width: 481px) 670px, 100vw\" \/><\/figure><div class=\"wp-block-media-text__content\">\n<ul class=\"wp-block-list\">\n<li><strong>Fechas: Del&nbsp;3 al 8 de diciembre<\/strong><\/li>\n\n\n\n<li>HORARIO: de 11 a 13 horas y de 17 a 20 horas.<\/li>\n\n\n\n<li>Lugar: En la calle Marqu\u00e9s de Campo, enfrente del Museo del juguete<\/li>\n<\/ul>\n\n\n\n<p>Distintos comercios de Denia nos ofrecen sus productos y adem\u00e1s los ni\u00f1os y adultos podremos disfrutar de distintas actividades como cuentacuentos, oficios navide\u00f1os y talleres participativos.<\/p>\n\n\n\n<p>El evento est\u00e1 organizado por la Concejal\u00eda de Comercio del Ayuntamiento de Denia<\/p>\n<\/div><\/div>\n\n\n\n<figure class=\"wp-block-image aligncenter size-full\"><img loading=\"lazy\" decoding=\"async\" width=\"670\" height=\"960\" src=\"https:\/\/inmobiliaria-lex.com\/wp-content\/uploads\/2022\/12\/actividades-Mercadillo-Navidad-Denia.jpg\" alt=\"\" class=\"wp-image-7553\" srcset=\"https:\/\/inmobiliaria-lex.com\/wp-content\/uploads\/2022\/12\/actividades-Mercadillo-Navidad-Denia.jpg 670w, https:\/\/inmobiliaria-lex.com\/wp-content\/uploads\/2022\/12\/actividades-Mercadillo-Navidad-Denia-480x688.jpg 480w\" sizes=\"(min-width: 0px) and (max-width: 480px) 480px, (min-width: 481px) 670px, 100vw\" \/><figcaption class=\"wp-element-caption\">Actividades Mercadillo Navidad 2022 &#8211; Denia<\/figcaption><\/figure>\n\n\n\n<h3 class=\"has-luminous-vivid-orange-color has-text-color wp-block-heading\">S\u00e1bado 3 de Diciembre: Ballet Flamenco Jos\u00e9 Porcel<\/h3>\n\n\n\n<p><\/p>\n\n\n\n<div class=\"wp-block-media-text alignwide is-stacked-on-mobile\"><figure class=\"wp-block-media-text__media\"><img loading=\"lazy\" decoding=\"async\" width=\"670\" height=\"960\" src=\"https:\/\/inmobiliaria-lex.com\/wp-content\/uploads\/2022\/12\/Balet-Flamenco-Denia.jpg\" alt=\"Ballet Flamenco Jos\u00e9 Porcel en Denia\n\" class=\"wp-image-7557 size-full\" srcset=\"https:\/\/inmobiliaria-lex.com\/wp-content\/uploads\/2022\/12\/Balet-Flamenco-Denia.jpg 670w, https:\/\/inmobiliaria-lex.com\/wp-content\/uploads\/2022\/12\/Balet-Flamenco-Denia-480x688.jpg 480w\" sizes=\"(min-width: 0px) and (max-width: 480px) 480px, (min-width: 481px) 670px, 100vw\" \/><\/figure><div class=\"wp-block-media-text__content\">\n<p>Espect\u00e1culo flamenco organizado por la compa\u00f1\u00eda de Jos\u00e9 Porcel<\/p>\n\n\n\n<p><strong>\u00bfD\u00f3nde y Cu\u00e1ndo?:<\/strong> A las 20 h en el Teatro auditorio (C\/. Calder\u00f3n n\u00ba 4, Denia)<\/p>\n\n\n\n<p>Entrada: 12 \u20ac&nbsp; en&nbsp;<a href=\"https:\/\/www.notikumi.com\/2022\/12\/3\/ballet-flamenco-jose-porcel\" target=\"_blank\" rel=\"noreferrer noopener\">www.notikumi.com<\/a>  o en taquilla el mismo d\u00eda una hora antes.<\/p>\n<\/div><\/div>\n\n\n\n<h3 class=\"has-luminous-vivid-orange-color has-text-color wp-block-heading\">Domingo 4 de Diciembre: Cine Club Pessic: Cinco Lobitos<\/h3>\n\n\n\n<figure class=\"wp-block-image aligncenter size-full\"><img loading=\"lazy\" decoding=\"async\" width=\"647\" height=\"927\" src=\"https:\/\/inmobiliaria-lex.com\/wp-content\/uploads\/2022\/12\/Cine-club-pessic-Cinco_lobitos.jpg\" alt=\"\" class=\"wp-image-7561\" srcset=\"https:\/\/inmobiliaria-lex.com\/wp-content\/uploads\/2022\/12\/Cine-club-pessic-Cinco_lobitos.jpg 647w, https:\/\/inmobiliaria-lex.com\/wp-content\/uploads\/2022\/12\/Cine-club-pessic-Cinco_lobitos-480x688.jpg 480w\" sizes=\"(min-width: 0px) and (max-width: 480px) 480px, (min-width: 481px) 647px, 100vw\" \/><\/figure>\n\n\n\n<h3 class=\"has-luminous-vivid-orange-color has-text-color wp-block-heading\">Lunes, 5 de Diciembre: Concierto de Jazz<\/h3>\n\n\n\n<p>En la Casa de la Cultura, a las 20 h, Enric Peidro Quartet nos deleita con la m\u00fasica de su saxo.<\/p>\n\n\n\n<p>Pod\u00e9is comprar las entradas (15 \u20ac) por anticipado en <a href=\"https:\/\/www.notikumi.com\/2022\/12\/5\/enric-peidro-quartet\" target=\"_blank\" rel=\"noreferrer noopener\">http:\/\/www.notikumi.com<\/a>&nbsp;&nbsp;o en taquilla&nbsp; una hora antes del concierto.<\/p>\n\n\n\n<p>Organiza: Snibor produciones<\/p>\n\n\n\n<figure class=\"wp-block-embed is-type-video is-provider-youtube wp-block-embed-youtube wp-embed-aspect-16-9 wp-has-aspect-ratio\"><div class=\"wp-block-embed__wrapper\">\n<iframe loading=\"lazy\" title=\"Enric Peidro Swingtet How can you lose\" width=\"1080\" height=\"608\" src=\"https:\/\/www.youtube.com\/embed\/Ao3xa0WYwDg?start=18&#038;feature=oembed\"  allow=\"accelerometer; autoplay; clipboard-write; encrypted-media; gyroscope; picture-in-picture\" allowfullscreen><\/iframe>\n<\/div><\/figure>\n\n\n\n<h3 class=\"has-luminous-vivid-orange-color has-text-color wp-block-heading\">Mi\u00e9rcoles 7 de Diciembre: Concierto de Navidad<\/h3>\n\n\n\n<p>En el Centro Social la coral del Hogar de Jubilado nos propone asistir a su Concierto de Navidad<\/p>\n\n\n\n<p>8 de Diciembre: Torneo de F\u00fatbol<\/p>\n\n\n\n<p>De 9,30 h a 18.30 h en el campo de f\u00fatbol del Rodat podr\u00e1s disfrutar del<strong>&nbsp;<\/strong>Torneo de f\u00fatbol alev\u00edn de Denia <\/p>\n\n\n\n<h3 class=\"has-luminous-vivid-orange-color has-text-color wp-block-heading\">S\u00e1bado 10 de Diciembre:  Nit de la LLum y Concierto de Navidad del Orfe\u00f3n de Denia<\/h3>\n\n\n\n<figure class=\"wp-block-image size-large is-style-default\"><img loading=\"lazy\" decoding=\"async\" width=\"1024\" height=\"768\" src=\"https:\/\/inmobiliaria-lex.com\/wp-content\/uploads\/2022\/12\/2022-plaza-consell-2-1024x768.jpg\" alt=\"Nit de la llum Denia 2022\" class=\"wp-image-7597\" srcset=\"https:\/\/inmobiliaria-lex.com\/wp-content\/uploads\/2022\/12\/2022-plaza-consell-2-980x735.jpg 980w, https:\/\/inmobiliaria-lex.com\/wp-content\/uploads\/2022\/12\/2022-plaza-consell-2-480x360.jpg 480w\" sizes=\"(min-width: 0px) and (max-width: 480px) 480px, (min-width: 481px) and (max-width: 980px) 980px, (min-width: 981px) 1024px, 100vw\" \/><\/figure>\n\n\n\n<p>A partir de las 17:30 h el centro de Denia se iluminar\u00e1 con miles de velas y podr\u00e1s aprovecharte de las ofertas y descuentos especiales que realizan todos los comercios ese d\u00eda. Adem\u00e1s el Mercado Municipal estar\u00e1 abierto hasta las 23 h.<\/p>\n\n\n\n<p>&nbsp;Aprovecha para dar un largo paseo por el centro de la ciudad: la calle Marqu\u00e9s de Campo, la plaza del Consell, el Ayuntamiento, el Mercat municipal, la Plaza de San Antonio\u2026. Todas las calles te envolver\u00e1n en un ambiente c\u00e1lido navide\u00f1o que te har\u00e1n disfrutar. &nbsp;que ese d\u00eda ofrece un ambiente especial<\/p>\n\n\n\n<p>Y a las 20 h en el Centre Social se celebrar\u00e1 el <strong>Concierto de Navidad del Orfe\u00f3n de Denia <\/strong><\/p>\n\n\n\n<h3 class=\"has-luminous-vivid-orange-color has-text-color wp-block-heading\">Viernes 16 de Diciembre: Concierto del Grup Polif\u00f2nic Cadenza <\/h3>\n\n\n\n<figure class=\"wp-block-embed is-type-video is-provider-youtube wp-block-embed-youtube wp-embed-aspect-16-9 wp-has-aspect-ratio\"><div class=\"wp-block-embed__wrapper\">\n<iframe loading=\"lazy\" title=\"De la Virgen... (Antonio de Cabez\u00f3n s. XVI)\" width=\"1080\" height=\"608\" src=\"https:\/\/www.youtube.com\/embed\/AAOQpeHDOC4?feature=oembed\"  allow=\"accelerometer; autoplay; clipboard-write; encrypted-media; gyroscope; picture-in-picture\" allowfullscreen><\/iframe>\n<\/div><\/figure>\n\n\n\n<p>A las 19:30 h en el Centro Social se celebrar\u00e1 el Concierto del Grup Polif\u00f2nic Cadenza.<\/p>\n\n\n\n<h3 class=\"has-luminous-vivid-orange-color has-text-color wp-block-heading\">S\u00e1bado 17 de Diciembre: Zambombada flamenca<\/h3>\n\n\n\n<div class=\"wp-block-media-text alignwide is-stacked-on-mobile\"><figure class=\"wp-block-media-text__media\"><img loading=\"lazy\" decoding=\"async\" width=\"567\" height=\"600\" src=\"https:\/\/inmobiliaria-lex.com\/wp-content\/uploads\/2022\/12\/zambomba-flamenca_2022.jpg\" alt=\"\" class=\"wp-image-7601 size-full\" srcset=\"https:\/\/inmobiliaria-lex.com\/wp-content\/uploads\/2022\/12\/zambomba-flamenca_2022.jpg 567w, https:\/\/inmobiliaria-lex.com\/wp-content\/uploads\/2022\/12\/zambomba-flamenca_2022-480x508.jpg 480w\" sizes=\"(min-width: 0px) and (max-width: 480px) 480px, (min-width: 481px) 567px, 100vw\" \/><\/figure><div class=\"wp-block-media-text__content\">\n<p>A las 20:00 h<\/p>\n\n\n\n<p>En el Centro Social<\/p>\n\n\n\n<p>Zambombada flamenca de La Marea Flamenca.<\/p>\n<\/div><\/div>\n\n\n\n<h3 class=\"has-luminous-vivid-orange-color has-text-color wp-block-heading\">Domingo 18 de Diciembre: Teatro Rob<\/h3>\n\n\n\n<p>A las 12:00 en el Centro Social la obra \u00ab\u00a0Teatro&nbsp;<em>Rob<\/em>\u00a0\u00bb&nbsp;de Teatre de l&rsquo;Abast.<\/p>\n\n\n\n<p><\/p>\n\n\n\n<h2 class=\"has-luminous-vivid-orange-color has-text-color wp-block-heading\">&#8211; &#8211; &#8211; &#8211;  Accede a otros art\u00edculos del Blog que te ayudar\u00e1n a conocer mejor Denia &#8211; &#8211; &#8211; &#8211; &#8211; &#8211; &#8211; &#8211; &#8211; <\/h2>\n\n\n\n<div class=\"wp-block-media-text alignwide is-stacked-on-mobile\"><figure class=\"wp-block-media-text__media\"><a href=\"https:\/\/inmobiliaria-lex.com\/mercadillo-riurau-jesus-pobre\/\"><img loading=\"lazy\" decoding=\"async\" width=\"1024\" height=\"768\" src=\"https:\/\/inmobiliaria-lex.com\/wp-content\/uploads\/2021\/06\/0-MERCAT-DEL-RIURAU-EN-JESUS-POBRE.jpg\" alt=\"El Mercat del Riurau de Jes\u00fas Pobre\" class=\"wp-image-6704 size-full\" srcset=\"https:\/\/inmobiliaria-lex.com\/wp-content\/uploads\/2021\/06\/0-MERCAT-DEL-RIURAU-EN-JESUS-POBRE.jpg 1024w, https:\/\/inmobiliaria-lex.com\/wp-content\/uploads\/2021\/06\/0-MERCAT-DEL-RIURAU-EN-JESUS-POBRE-980x735.jpg 980w, https:\/\/inmobiliaria-lex.com\/wp-content\/uploads\/2021\/06\/0-MERCAT-DEL-RIURAU-EN-JESUS-POBRE-480x360.jpg 480w\" sizes=\"(min-width: 0px) and (max-width: 480px) 480px, (min-width: 481px) and (max-width: 980px) 980px, (min-width: 981px) 1024px, 100vw\" \/><\/a><\/figure><div class=\"wp-block-media-text__content\">\n<h2 class=\"has-luminous-vivid-orange-color has-text-color wp-block-heading\"><strong>Cada domingo podr\u00e1s disfrutar del Riu Rau de Jes\u00fas Pobre.<\/strong><\/h2>\n\n\n\n<p><strong> En el coraz\u00f3n de este pueblecito pintoresco se encuentra el Gran Riu Rau.<\/strong><\/p>\n\n\n\n<p><strong>Es una explosi\u00f3n de color gastron\u00f3mico y buen ambiente.&nbsp;<\/strong><\/p>\n\n\n\n<p><strong>Productores locales venden sus productos sin intermediarios en el Mercado de la Tierra<\/strong>: <em><strong>frutas, verduras, cocas caseras, postres, aceite, vinos del terreno, capazos, m\u00fasicos &#8230;.<\/strong><\/em><\/p>\n\n\n\n<p>\u00a1\u00a1\u00a1 No te lo pierdas \u00a1\u00a1\u00a1 Ser\u00e1<strong> una experiencia inolvidable<\/strong><\/p>\n<\/div><\/div>\n\n\n\n<p><\/p>\n\n\n\n<div class=\"wp-block-media-text alignwide is-stacked-on-mobile\"><figure class=\"wp-block-media-text__media\"><a href=\"https:\/\/inmobiliaria-lex.com\/que-hacer-en-denia\/\"><img loading=\"lazy\" decoding=\"async\" width=\"940\" height=\"726\" src=\"https:\/\/inmobiliaria-lex.com\/wp-content\/uploads\/2022\/08\/Que-hacer-en-Denia.jpg\" alt=\"Qu\u00e9 hacer en Denia\" class=\"wp-image-7350 size-full\" srcset=\"https:\/\/inmobiliaria-lex.com\/wp-content\/uploads\/2022\/08\/Que-hacer-en-Denia.jpg 940w, https:\/\/inmobiliaria-lex.com\/wp-content\/uploads\/2022\/08\/Que-hacer-en-Denia-480x371.jpg 480w\" sizes=\"(min-width: 0px) and (max-width: 480px) 480px, (min-width: 481px) 940px, 100vw\" \/><\/a><\/figure><div class=\"wp-block-media-text__content\">\n<p>D\u00e9nia es una ciudad costera ideal para ser visitada en familia, pareja o con amigos.<\/p>\n\n\n\n<p class=\"has-black-color has-text-color has-small-font-size\"> Aqu\u00ed os dejamos&nbsp;<em>un<\/em><\/p>\n\n\n\n<p class=\"has-luminous-vivid-orange-color has-text-color has-small-font-size\"><em><strong>Listado de rincones y actividades en D\u00e9nia<\/strong><\/em>&nbsp;que os encantar\u00e1 descubrir:<\/p>\n\n\n\n<ul class=\"wp-block-list\">\n<li>Barrio hist\u00f3rico y Castillo<\/li>\n\n\n\n<li>Museos<\/li>\n\n\n\n<li>Playas<\/li>\n\n\n\n<li>Deportes n\u00e1uticos<\/li>\n\n\n\n<li>Parque Natural del Montg\u00f3<\/li>\n\n\n\n<li>Reserva Marina del cabo de San Antonio&#8230;.<\/li>\n<\/ul>\n<\/div><\/div>\n\n\n\n<p><\/p>\n\n\n\n<div class=\"wp-block-media-text alignwide is-stacked-on-mobile\"><figure class=\"wp-block-media-text__media\"><a href=\"https:\/\/inmobiliaria-lex.com\/paseo-por-la-marina-de-denia\/\"><img loading=\"lazy\" decoding=\"async\" width=\"940\" height=\"726\" src=\"https:\/\/inmobiliaria-lex.com\/wp-content\/uploads\/2022\/08\/Paseo-por-el-puerto-deportivo-Marina-de-Denia.jpg\" alt=\"\" class=\"wp-image-7354 size-full\" srcset=\"https:\/\/inmobiliaria-lex.com\/wp-content\/uploads\/2022\/08\/Paseo-por-el-puerto-deportivo-Marina-de-Denia.jpg 940w, https:\/\/inmobiliaria-lex.com\/wp-content\/uploads\/2022\/08\/Paseo-por-el-puerto-deportivo-Marina-de-Denia-480x371.jpg 480w\" sizes=\"(min-width: 0px) and (max-width: 480px) 480px, (min-width: 481px) 940px, 100vw\" \/><\/a><\/figure><div class=\"wp-block-media-text__content\">\n<p class=\"has-luminous-vivid-orange-color has-text-color\"><strong>Ver los amaneceres y atardeceres desde la Marina de Denia es \u00abFascinante\u00bb.<\/strong><\/p>\n\n\n\n<p>Pasear con el susurro de las olas de fondo, mientras tu vista se fija a lo lejos, en el horizonte, en ese mar azul, consigue que vibres.<\/p>\n\n\n\n<p>Contemplar las espectaculares vistas a la fachada mar\u00edtima de D\u00e9nia y al Paseo de las Rotas con el Montg\u00f3 a lo lejos, es todo un fondo de postal.<\/p>\n<\/div><\/div>\n\n\n\n<p><\/p>\n\n\n\n<h2 class=\"has-vivid-red-color has-text-color wp-block-heading\"><em>Durante todo el a\u00f1o puedes: <\/em><\/h2>\n\n\n\n<h2 class=\"has-luminous-vivid-orange-color has-text-color wp-block-heading\">* Disfrutar de actividades N\u00e1uticas y de Excursiones: <mark style=\"background-color:rgba(0, 0, 0, 0)\" class=\"has-inline-color has-luminous-vivid-orange-color\"><strong>Segway Trip D\u00e9nia: <\/strong><\/mark><\/h2>\n\n\n\n<p>La empresa Segway organiza excursiones por distintas zonas de Denia que, bien por mar o por tierra, os permiten disfrutar de toda una experiencia donde podr\u00e9is disfrutar de estupendas vistas panor\u00e1micas de la ciudad. Entre otras podr\u00e9is contratar las siguientes actividades:<\/p>\n\n\n\n<figure class=\"wp-block-gallery has-nested-images columns-default is-cropped wp-block-gallery-1 is-layout-flex wp-block-gallery-is-layout-flex\">\n<figure class=\"wp-block-image size-large\"><img loading=\"lazy\" decoding=\"async\" width=\"400\" height=\"250\" data-id=\"7085\" src=\"https:\/\/inmobiliaria-lex.com\/wp-content\/uploads\/2022\/04\/a-tour-en-sway-en-las-rotas-1.jpg\" alt=\"\" class=\"wp-image-7085\" srcset=\"https:\/\/inmobiliaria-lex.com\/wp-content\/uploads\/2022\/04\/a-tour-en-sway-en-las-rotas-1.jpg 400w, https:\/\/inmobiliaria-lex.com\/wp-content\/uploads\/2022\/04\/a-tour-en-sway-en-las-rotas-1-300x188.jpg 300w\" sizes=\"(max-width: 400px) 100vw, 400px\" \/><figcaption class=\"wp-element-caption\">Tour Segway  Denia Las Rotas<\/figcaption><\/figure>\n\n\n\n<figure class=\"wp-block-image size-large\"><img loading=\"lazy\" decoding=\"async\" width=\"400\" height=\"250\" data-id=\"7089\" src=\"https:\/\/inmobiliaria-lex.com\/wp-content\/uploads\/2022\/04\/tour-en-segway-por-el-castillo.jpg\" alt=\"\" class=\"wp-image-7089\" srcset=\"https:\/\/inmobiliaria-lex.com\/wp-content\/uploads\/2022\/04\/tour-en-segway-por-el-castillo.jpg 400w, https:\/\/inmobiliaria-lex.com\/wp-content\/uploads\/2022\/04\/tour-en-segway-por-el-castillo-300x188.jpg 300w\" sizes=\"(max-width: 400px) 100vw, 400px\" \/><figcaption class=\"wp-element-caption\">Tour  Segway Castillo Denia<\/figcaption><\/figure>\n<\/figure>\n\n\n\n<ul class=\"wp-block-list\">\n<li>Excursiones en moto de agua a Cabo La Nao, a Marines, Cabo San Antonio<\/li>\n\n\n\n<li>Excursiones en Kayac por Las Rotas o Cova Tallada<\/li>\n\n\n\n<li>Alquileres de Paddle Surf<\/li>\n\n\n\n<li>Segway Tour Marina D\u00e9nia, Tour Puerto, Tour Las Rotas, Tour Castillo, Tour castillo nocturno, Tour castillo + Puerto<\/li>\n\n\n\n<li>Excursiones en Quad a Cabo San Antonio o a la Sella.<\/li>\n\n\n\n<li>Alquiler de motos y bicicletas de calle o de monta\u00f1a<\/li>\n\n\n\n<li>Alquiler de Karts individuales o familiares<\/li>\n\n\n\n<li>Alquiler de cuadriciclos<\/li>\n<\/ul>\n\n\n\n<p>Podr\u00e9is reserva y obtener m\u00e1s informaci\u00f3n en reservas@segwaydenia.com &#8211; <a href=\"http:\/\/www.segwaydenia.com\/\" target=\"_blank\" rel=\"noreferrer noopener\">www.segwaydenia.com<\/a><br>C\/ Calder\u00f3n, 8 bajo &#8211;&nbsp; C\/ Consolat del Mar, 7 (03700 D\u00e9nia)&nbsp;&#8211; Moll de la pansa s\/n Local B.5<br>+34 96 578 08 25 &#8211; +34 633 423 204 &#8211; +34 603 868 630<br><\/p>\n\n\n\n<h2 class=\"wp-block-heading\"><mark style=\"background-color:rgba(0, 0, 0, 0)\" class=\"has-inline-color has-luminous-vivid-orange-color\">*<\/mark> <strong><mark style=\"background-color:rgba(0, 0, 0, 0)\" class=\"has-inline-color has-luminous-vivid-orange-color\">Vive Experiencias en Velero en Denia:<\/mark><\/strong><\/h2>\n\n\n\n<p>Del 18\/02 al 31\/12\/2022 esta empresa organiza viajes entre amigos o en familia para que puedas disfrutar de una experiencia inigualable con un velero de 13 meteos de eslora con un patr\u00f3n profesional a bordo por el Parque Natural del Cabo de san Antonio.<\/p>\n\n\n\n<div class=\"wp-block-media-text alignwide is-stacked-on-mobile\"><figure class=\"wp-block-media-text__media\"><img loading=\"lazy\" decoding=\"async\" width=\"600\" height=\"375\" src=\"https:\/\/inmobiliaria-lex.com\/wp-content\/uploads\/2022\/04\/dia-de-navegacion-en-vela.jpg\" alt=\"Vive experiencias en Denia Velero\" class=\"wp-image-7101 size-full\" srcset=\"https:\/\/inmobiliaria-lex.com\/wp-content\/uploads\/2022\/04\/dia-de-navegacion-en-vela.jpg 600w, https:\/\/inmobiliaria-lex.com\/wp-content\/uploads\/2022\/04\/dia-de-navegacion-en-vela-480x300.jpg 480w\" sizes=\"(min-width: 0px) and (max-width: 480px) 480px, (min-width: 481px) 600px, 100vw\" \/><\/figure><div class=\"wp-block-media-text__content\">\n<p class=\"has-small-font-size\">Reserva en:  <strong>Domina El Mar<\/strong><br>Marina de Denia E76 (03700 D\u00e9nia)<br>680 440 440<br>info@dominaelmar.com<br><a href=\"http:\/\/www.dominaelmar.com\/\" target=\"_blank\" rel=\"noreferrer noopener\">http:\/\/www.dominaelmar.com\/<\/a><\/p>\n<\/div><\/div>\n\n\n\n<p><\/p>\n\n\n\n<h2 class=\"wp-block-heading\"><mark style=\"background-color:rgba(0, 0, 0, 0)\" class=\"has-inline-color has-luminous-vivid-orange-color\">* <\/mark><strong><mark style=\"background-color:rgba(0, 0, 0, 0)\" class=\"has-inline-color has-luminous-vivid-orange-color\">Experiencias en Kayak<\/mark><\/strong><\/h2>\n\n\n\n<p>Con la empresa Kayac Denia, podr\u00e1s desplazarte a la Cova Tallada en Kayak.  La Cova Tall\u00e1 est\u00e1 situada entre Denia y Javea, en la Reserva Marina del Cabo de San Antonio.  A esta excursi\u00f3n podr\u00e1s apuntarte con la familia, amig@s, parejas o singles. Para hacerla no necesitas experiencia previa, \u00fanicamente saber nadar y estar en forma. <\/p>\n\n\n\n<p>Descubrir\u00e1s un lugar lleno de historias y misterios, donde acompa\u00f1ados por sus gu\u00edas podr\u00e1s acceder en kayak y visitar el interior de la Cueva<\/p>\n\n\n\n<figure class=\"wp-block-gallery has-nested-images columns-default is-cropped wp-block-gallery-2 is-layout-flex wp-block-gallery-is-layout-flex\">\n<figure class=\"wp-block-image size-large\"><img loading=\"lazy\" decoding=\"async\" width=\"600\" height=\"375\" data-id=\"7105\" src=\"https:\/\/inmobiliaria-lex.com\/wp-content\/uploads\/2022\/04\/Ruta-en-Kayac-Denia.jpg\" alt=\"\" class=\"wp-image-7105\" srcset=\"https:\/\/inmobiliaria-lex.com\/wp-content\/uploads\/2022\/04\/Ruta-en-Kayac-Denia.jpg 600w, https:\/\/inmobiliaria-lex.com\/wp-content\/uploads\/2022\/04\/Ruta-en-Kayac-Denia-480x300.jpg 480w\" sizes=\"(min-width: 0px) and (max-width: 480px) 480px, (min-width: 481px) 600px, 100vw\" \/><\/figure>\n\n\n\n<figure class=\"wp-block-image size-large\"><img loading=\"lazy\" decoding=\"async\" width=\"600\" height=\"375\" data-id=\"7109\" src=\"https:\/\/inmobiliaria-lex.com\/wp-content\/uploads\/2022\/04\/Ruta-en-Kayac-Denia-2.jpg\" alt=\"\" class=\"wp-image-7109\" srcset=\"https:\/\/inmobiliaria-lex.com\/wp-content\/uploads\/2022\/04\/Ruta-en-Kayac-Denia-2.jpg 600w, https:\/\/inmobiliaria-lex.com\/wp-content\/uploads\/2022\/04\/Ruta-en-Kayac-Denia-2-480x300.jpg 480w\" sizes=\"(min-width: 0px) and (max-width: 480px) 480px, (min-width: 481px) 600px, 100vw\" \/><\/figure>\n\n\n\n<figure class=\"wp-block-image size-large\"><img loading=\"lazy\" decoding=\"async\" width=\"600\" height=\"375\" data-id=\"7113\" src=\"https:\/\/inmobiliaria-lex.com\/wp-content\/uploads\/2022\/04\/Ruta-en-Kayac-Denia-3.jpg\" alt=\"\" class=\"wp-image-7113\" srcset=\"https:\/\/inmobiliaria-lex.com\/wp-content\/uploads\/2022\/04\/Ruta-en-Kayac-Denia-3.jpg 600w, https:\/\/inmobiliaria-lex.com\/wp-content\/uploads\/2022\/04\/Ruta-en-Kayac-Denia-3-480x300.jpg 480w\" sizes=\"(min-width: 0px) and (max-width: 480px) 480px, (min-width: 481px) 600px, 100vw\" \/><\/figure>\n<\/figure>\n\n\n\n<p>Solicita m\u00e1s informaci\u00f3n y reserva tu experiencia en: <strong>Kayak D\u00e9nia<\/strong>. 679 753 761 (WhatsApp) info@kayakdenia.com<br><a href=\"http:\/\/www.kayakdenia.com\/\" target=\"_blank\" rel=\"noreferrer noopener\">www.kayakdenia.com<\/a><\/p>\n\n\n\n<h2 class=\"wp-block-heading\"><mark style=\"background-color:rgba(0, 0, 0, 0)\" class=\"has-inline-color has-luminous-vivid-orange-color\">* Disfruta de las Rutas de Senderismo por la Marina Alta<\/mark><\/h2>\n\n\n\n<p>Descubre en Wikiloc m\u00e1s de 50 rutas urbanas y de naturaleza que podr\u00e9is realizar por toda nuestra comarca<\/p>\n\n\n\n<p>Consulta todas las rutas en: @MancomunitatCulturalMarinaAlta y en <a href=\"https:\/\/ca.wikiloc.com\/wikiloc\/user.do?id=7270167&amp;from=130&amp;to=140&amp;fbclid=IwAR3-huB4ivA7KL3q5BJlku2uff_m3aRIdslyZHRT8J8m2ylWJjGA9Qgk21I\" target=\"_blank\" rel=\"noreferrer noopener\">Wikiloc<\/a>.  En este link encontrar\u00e1s todas las rutas, su dificultad, fotograf\u00edas del lugar y descripci\u00f3n detallada de las mismas.<\/p>\n\n\n\n<h2 class=\"has-luminous-vivid-orange-color has-text-color wp-block-heading\">* Rutas de caminatas saludables. <\/h2>\n\n\n\n<p>&nbsp;&nbsp;\u00bfTe gustar\u00eda disfrutar recorriendo paisajes y rincones con encanto en D\u00e9nia?<\/p>\n\n\n\n<p>Desde el Ayuntamiento de Denia han organizado distintas excursiones para que conozc\u00e1is nuestra costa, monta\u00f1a, paisajes agr\u00edcolas y jardines.&nbsp;&nbsp; El objetivo es fomentar el bienestar personal, practicando unestilo de vida saludable caminando al aire libre.&nbsp;<\/p>\n\n\n\n<figure class=\"wp-block-image aligncenter size-full\"><img loading=\"lazy\" decoding=\"async\" width=\"670\" height=\"960\" src=\"https:\/\/inmobiliaria-lex.com\/wp-content\/uploads\/2022\/10\/Respira-Natura-caminatas-saludables.jpg\" alt=\"Respira natura Denia. Vive experiencias en Denia\" class=\"wp-image-7518\" srcset=\"https:\/\/inmobiliaria-lex.com\/wp-content\/uploads\/2022\/10\/Respira-Natura-caminatas-saludables.jpg 670w, https:\/\/inmobiliaria-lex.com\/wp-content\/uploads\/2022\/10\/Respira-Natura-caminatas-saludables-480x688.jpg 480w\" sizes=\"(min-width: 0px) and (max-width: 480px) 480px, (min-width: 481px) 670px, 100vw\" \/><figcaption class=\"wp-element-caption\">Respira Natura &#8211; Excursiones Grupales los Jueves en Denia<\/figcaption><\/figure>\n\n\n\n<p>El nivel de todas las salidas es f\u00e1cil<\/p>\n\n\n\n<p>Para m\u00e1s informaci\u00f3n e inscripci\u00f3n pod\u00e9is dirigiros al mail: <a href=\"mailto:deniaviva@ayto-denia.es\">deniaviva@ayto-denia.es<\/a> indicando nombre completo, tel\u00e9fono&nbsp; y edad.<\/p>\n\n\n\n<p>El plazo para inscribirse se acaba a las 13 h del mi\u00e9rcoles anterior a la salida.&nbsp; Grupos de 15 personas.<\/p>\n\n\n\n<p>D\u00edas de salidas los jueves: 6 octubre, 13 octubre, 20 octubre, 27 octubre, 3 noviembre, 10 noviembre, 17 noviembre, 24 noviembre, 1 diciembre y 15 diciembre 2022<\/p>\n\n\n\n<p>Accede en este link a las <strong><a href=\"https:\/\/denia.net\/programa-de-caminatas-saludables\" target=\"_blank\" rel=\"noreferrer noopener\">excursiones<\/a><\/strong><\/p>\n\n\n\n<h2 class=\"has-vivid-red-color has-text-color wp-block-heading\">\u00bfQuieres saber qu\u00e9 eventos se han celebrado en Denia y en qu\u00e9 fechas?<\/h2>\n\n\n\n<h2 class=\"has-luminous-vivid-orange-color has-text-color wp-block-heading\">10 de Octubre: Concierto de Jazz por grupo T.A.P Organ Trio<\/h2>\n\n\n\n<p>Dentro del ciclo \u00ab\u00a0Lunes de Jazz\u00a0\u00bb,  el grupo T.A.P Organ Trio actuar\u00e1 en la Casa de Cultura de D\u00e9nia. La banda est\u00e1 formada por Simon Mark Taylor, saxo, Sergio Albentosa, \u00f3rgano y Tico Porcar, bater\u00eda. El concierto est\u00e1 organizado por &nbsp;Sniblor Produciones.<\/p>\n\n\n\n<figure class=\"wp-block-embed is-type-video is-provider-youtube wp-block-embed-youtube wp-embed-aspect-16-9 wp-has-aspect-ratio\"><div class=\"wp-block-embed__wrapper\">\n<iframe loading=\"lazy\" title=\"T.A.P Organ Trio - Clockwise\" width=\"1080\" height=\"608\" src=\"https:\/\/www.youtube.com\/embed\/z91YYv8-vfg?feature=oembed\"  allow=\"accelerometer; autoplay; clipboard-write; encrypted-media; gyroscope; picture-in-picture\" allowfullscreen><\/iframe>\n<\/div><figcaption class=\"wp-element-caption\">Concierto de Jazz &#8211; 10 octubre en La Casa de la Cultura de Denia a las 20 h<\/figcaption><\/figure>\n\n\n\n<p>Pod\u00e9is comprar las entradas por 15 \u20ac en&nbsp;<a href=\"http:\/\/www.notikumi.com\/\">http:\/\/www.notikumi.com<\/a>&nbsp;&nbsp;o en taquilla una hora antes del concierto.<\/p>\n\n\n\n<h2 class=\"has-luminous-vivid-orange-color has-text-color wp-block-heading\">* 11 de Octubre:  Velada Flamenca<\/h2>\n\n\n\n<p>A las 20:00 en el Teatro Auditorio del Centro Social (C\/. Calder\u00f3n 4), disfruta de una velada flamenca organizada por la Casa de Andaluc\u00eda.<\/p>\n\n\n\n<p>Donativo: 10 \u20ac<\/p>\n\n\n\n<figure class=\"wp-block-image aligncenter size-full\"><img loading=\"lazy\" decoding=\"async\" width=\"670\" height=\"960\" src=\"https:\/\/inmobiliaria-lex.com\/wp-content\/uploads\/2022\/10\/velada-flamenca-denia.png\" alt=\"\" class=\"wp-image-7514\" srcset=\"https:\/\/inmobiliaria-lex.com\/wp-content\/uploads\/2022\/10\/velada-flamenca-denia.png 670w, https:\/\/inmobiliaria-lex.com\/wp-content\/uploads\/2022\/10\/velada-flamenca-denia-480x688.png 480w\" sizes=\"(min-width: 0px) and (max-width: 480px) 480px, (min-width: 481px) 670px, 100vw\" \/><figcaption class=\"wp-element-caption\">Velada Flamenca el 11 de Octubre en Denia<\/figcaption><\/figure>\n\n\n\n<h2 class=\"has-luminous-vivid-orange-color has-text-color wp-block-heading\">* Cada domingo a las 19 h: Cine Club Pessic<\/h2>\n\n\n\n<p>Cada domingo a las 19 h, en el auditorio del Centro Social de D\u00e9nia (C\/ Calderon 4) el Cine Club Pessic nos prepara una pel\u00edcula en versi\u00f3n original <\/p>\n\n\n\n<p>Puedes ver la programaci\u00f3n de las pel\u00edculas en www.lamarinaplaza.com <\/p>\n\n\n\n<p>Las entradas se venden anticipadamente en <a href=\"https:\/\/www.notikumi.com\/en-teatre-auditori-denia\" target=\"_blank\" rel=\"noreferrer noopener\">Notikumi <\/a>o bien el mismo d\u00eda en la taquilla una hora antes.<\/p>\n\n\n\n<figure class=\"wp-block-image aligncenter size-large\"><img loading=\"lazy\" decoding=\"async\" width=\"724\" height=\"1024\" src=\"https:\/\/inmobiliaria-lex.com\/wp-content\/uploads\/2022\/10\/denia-cineclub-pessic-octubre-2022-724x1024.jpg\" alt=\"\" class=\"wp-image-7510\"\/><figcaption class=\"wp-element-caption\">Programaci\u00f3n Cine Club Pessic<\/figcaption><\/figure>\n\n\n\n<h2 class=\"has-luminous-vivid-orange-color has-text-color wp-block-heading\">* Rutas guiadas por los RiuRau: Visitas guiadas andando o en bicicleta.<\/h2>\n\n\n\n<p>Algunos s\u00e1bados de Marzo a Octubre del 2022 puedes descubrir los Riuraus de la Marina Alta. <\/p>\n\n\n\n<p>Por medio de estas rutas guiadas descubrir\u00e1s la  identidad de nuestro territorio a trav\u00e9s de su patrimonio arquitect\u00f3nico y de su historia. <\/p>\n\n\n\n<p>Tu eliges que Riuraus visitar: El de Parcent, Xal\u00f3, La Xara, Orba, Benitatxell, R\u00f2tova (a la Safor), El Verger, Pedreguer, X\u00e0bia, Teulada Moraira, D\u00e9nia, Gata, Jes\u00fas Pobre, Ll\u00edber, La Rectoria, Orba, Ondara o Benissa.<\/p>\n\n\n\n<p>Se han organizado dos tipos de rutas.   Unas m\u00e1s cortas de m\u00e1ximo 4 km que se har\u00e1n paseando y que son aptas para todos los p\u00fablicos y otras m\u00e1s largas, de m\u00e1ximo 10 kms que se har\u00e1n con bicicleta, apostando por el cicloturismo y la sostenibilidad.<\/p>\n\n\n\n<figure class=\"wp-block-image size-large\"><img loading=\"lazy\" decoding=\"async\" width=\"1024\" height=\"834\" src=\"https:\/\/inmobiliaria-lex.com\/wp-content\/uploads\/2022\/08\/ruta-guiadas-riuraus-1024x834.jpg\" alt=\"\" class=\"wp-image-7454\" srcset=\"https:\/\/inmobiliaria-lex.com\/wp-content\/uploads\/2022\/08\/ruta-guiadas-riuraus-980x798.jpg 980w, https:\/\/inmobiliaria-lex.com\/wp-content\/uploads\/2022\/08\/ruta-guiadas-riuraus-480x391.jpg 480w\" sizes=\"(min-width: 0px) and (max-width: 480px) 480px, (min-width: 481px) and (max-width: 980px) 980px, (min-width: 981px) 1024px, 100vw\" \/><\/figure>\n\n\n\n<p><\/p>\n\n\n\n<h2 class=\"has-text-align-center has-vivid-cyan-blue-color has-text-color wp-block-heading\">&#8211; &#8211; &#8211; &#8211; &#8211; &#8211; &#8211; &#8211; &#8211; &#8211; &#8211; &#8211; &#8211; &#8211; &#8211; &#8211; &#8211; &#8211; &#8211; <strong>Eventos 2022 anteriores<\/strong> &#8211; &#8211; &#8211; &#8211; &#8211; &#8211; &#8211; &#8211; &#8211; &#8211; &#8211; &#8211; &#8211; &#8211; &#8211; &#8211; &#8211; &#8211; &#8211; &#8211; &#8211; &#8211; &#8211; &#8211; &#8211; &#8211; &#8211; &#8211; &#8211; &#8211; &#8211; &#8211; <\/h2>\n\n\n\n<h2 class=\"has-luminous-vivid-orange-color has-text-color wp-block-heading\"><mark style=\"background-color:rgba(0, 0, 0, 0)\" class=\"has-inline-color has-luminous-vivid-orange-color\">*<\/mark> Fiestas de San Roc y Moros y Cristianos Denia <\/h2>\n\n\n\n<h2 class=\"wp-embed-aspect-16-9 wp-has-aspect-ratio wp-block-heading\"><mark style=\"background-color:rgba(0, 0, 0, 0)\" class=\"has-inline-color has-luminous-vivid-orange-color\">* Visitad el Castillo de Noche<\/mark><\/h2>\n\n\n\n<p class=\"wp-embed-aspect-16-9 wp-has-aspect-ratio\">Este verano hasta el15 de septiembre disfruta hasta la media noche del castillo de Denia, de sus vistas, sus museos&#8230;. \u00a1\u00a1\u00a1 Flipar\u00e1s \u00a1\u00a1\u00a1 <\/p>\n\n\n\n<p class=\"wp-embed-aspect-16-9 wp-has-aspect-ratio\"><em>Visitad el castillo de noche<\/em>&nbsp;ofrece la posibilidad de pasear por el itinerario principal, en el interior del castillo, hasta las 00.00 horas y de visitar el Museo Arqueol\u00f3gico, que permanecer\u00e1 abierto hasta las 22 horas. Se ofrecen, adem\u00e1s, de martes a s\u00e1bado, visitas guiadas en castellano y en valenciano, que no suponen un gasto adicional al coste de la entrada al monumento. Durante el recorrido de la visita conocer\u00e9is la historia de esta fortaleza en el transcurso del tiempo. M\u00e1s informaci\u00f3n <a href=\"http:\/\/www.denia.es\/es\/denia\/actualitat\/noticia.aspx?id=6230&amp;fbclid=IwAR3equ901-hD2B6HbxDe2NcHh3vl2CWMUpNADxndMB3SUz8rKsy2fXbEdHE\" rel=\"noreferrer noopener\" target=\"_blank\">www.denia.es\/es\/denia\/actualitat\/noticia.aspx?id=6230<\/a><\/p>\n\n\n\n<figure class=\"wp-block-gallery has-nested-images columns-default is-cropped wp-embed-aspect-16-9 wp-has-aspect-ratio wp-block-gallery-3 is-layout-flex wp-block-gallery-is-layout-flex\">\n<figure class=\"wp-block-image size-large\"><img loading=\"lazy\" decoding=\"async\" width=\"819\" height=\"1024\" data-id=\"7282\" src=\"https:\/\/inmobiliaria-lex.com\/wp-content\/uploads\/2022\/07\/Visitas-al-castillo-de-noche-819x1024.jpg\" alt=\"\" class=\"wp-image-7282\"\/><figcaption class=\"wp-element-caption\">Visitas al castillo Denia por la noche<\/figcaption><\/figure>\n<\/figure>\n\n\n\n<h2 class=\"has-luminous-vivid-orange-color has-text-color wp-block-heading\">* Para amantes del Cine: &nbsp;11\u00aa Edici\u00f3n&nbsp;<em>RIURAU Film Festival, Muestra Internacional de Cortometrajes<\/em><\/h2>\n\n\n\n<p>La&nbsp;<strong>11\u00aa Edici\u00f3n&nbsp;<em>RIURAU Film Festival,  <\/em><\/strong>nos propone del s\u00e1bado 20 de agosto al domingo 11 de septiembre un intenso programa de actividades entre las que se incluyen proyecciones de los cortos internacionales a concurso, conferencias, un Seminario de Film de Danza, un curso juvenil de cine y el Marat\u00f3n de rodaje y montaje&nbsp;<em>Riurau Express.<\/em><\/p>\n\n\n\n<p>En esta edici\u00f3n hay cuatro sedes: Denia, X\u00e0bia, La Xara y Jes\u00fas Pobre.  La gala final se celebrar\u00e1 el  domingo 11 de septiembre con la entrega de premios en Denia<\/p>\n\n\n\n<p class=\"has-black-color has-text-color\">Os dejamos el cartel y la programaci\u00f3n para que pod\u00e1is disfrutarla.   Pod\u00e9is encontrar m\u00e1s informaci\u00f3n detallada en la p\u00e1gina web de <strong><a href=\"https:\/\/riuraufilmfestival.com\/\" target=\"_blank\" rel=\"noreferrer noopener\">RiuRauFilmFestival<\/a><\/strong><\/p>\n\n\n\n<figure class=\"wp-block-image aligncenter size-full\"><img loading=\"lazy\" decoding=\"async\" width=\"718\" height=\"1024\" src=\"https:\/\/inmobiliaria-lex.com\/wp-content\/uploads\/2022\/08\/2022-Cartel-RIURAU.jpg\" alt=\"XI Muestra internacional de cortometrajes - Riurau Film Festival\" class=\"wp-image-7440\" title=\"Riurau Film Festival\" srcset=\"https:\/\/inmobiliaria-lex.com\/wp-content\/uploads\/2022\/08\/2022-Cartel-RIURAU.jpg 718w, https:\/\/inmobiliaria-lex.com\/wp-content\/uploads\/2022\/08\/2022-Cartel-RIURAU-480x685.jpg 480w\" sizes=\"(min-width: 0px) and (max-width: 480px) 480px, (min-width: 481px) 718px, 100vw\" \/><\/figure>\n\n\n\n<figure class=\"wp-block-image size-full\"><img loading=\"lazy\" decoding=\"async\" width=\"1024\" height=\"728\" src=\"https:\/\/inmobiliaria-lex.com\/wp-content\/uploads\/2022\/08\/2022-2-Programacion-press-scaled-1.jpg\" alt=\"\" class=\"wp-image-7448\" srcset=\"https:\/\/inmobiliaria-lex.com\/wp-content\/uploads\/2022\/08\/2022-2-Programacion-press-scaled-1.jpg 1024w, https:\/\/inmobiliaria-lex.com\/wp-content\/uploads\/2022\/08\/2022-2-Programacion-press-scaled-1-980x697.jpg 980w, https:\/\/inmobiliaria-lex.com\/wp-content\/uploads\/2022\/08\/2022-2-Programacion-press-scaled-1-480x341.jpg 480w\" sizes=\"(min-width: 0px) and (max-width: 480px) 480px, (min-width: 481px) and (max-width: 980px) 980px, (min-width: 981px) 1024px, 100vw\" \/><figcaption class=\"wp-element-caption\">Programa del RiuRau Film Festival del 26 de agosto al 9 de Septiembre 2022<\/figcaption><\/figure>\n\n\n\n<figure class=\"wp-block-image size-full\"><img loading=\"lazy\" decoding=\"async\" width=\"1024\" height=\"728\" src=\"https:\/\/inmobiliaria-lex.com\/wp-content\/uploads\/2022\/08\/2022-1-Programacion-press-scaled-1.jpg\" alt=\"Programa del RiuRau Film Festival 2022\" class=\"wp-image-7444\" srcset=\"https:\/\/inmobiliaria-lex.com\/wp-content\/uploads\/2022\/08\/2022-1-Programacion-press-scaled-1.jpg 1024w, https:\/\/inmobiliaria-lex.com\/wp-content\/uploads\/2022\/08\/2022-1-Programacion-press-scaled-1-980x697.jpg 980w, https:\/\/inmobiliaria-lex.com\/wp-content\/uploads\/2022\/08\/2022-1-Programacion-press-scaled-1-480x341.jpg 480w\" sizes=\"(min-width: 0px) and (max-width: 480px) 480px, (min-width: 481px) and (max-width: 980px) 980px, (min-width: 981px) 1024px, 100vw\" \/><figcaption class=\"wp-element-caption\">Programa del RiuRau Film Festival del 10 y 11 de Septiembre 2022 &#8211; Gala Final<\/figcaption><\/figure>\n\n\n\n<h2 class=\"has-luminous-vivid-orange-color has-text-color wp-block-heading\">* XXIX Muestra internacional de Danza Folcl\u00f3rica.<\/h2>\n\n\n\n<p>La 29\u00aa edici\u00f3n de la Muestra Folcl\u00f3rica se celebra de nuevo en la Plaza del Consell.<\/p>\n\n\n\n<p>Disfr\u00fatala los d\u00edas 2, 3 y 4 de septiembre. Aqu\u00ed os dejamos los horarios.<\/p>\n\n\n\n<figure class=\"wp-block-image size-full\"><img loading=\"lazy\" decoding=\"async\" width=\"800\" height=\"800\" src=\"https:\/\/inmobiliaria-lex.com\/wp-content\/uploads\/2022\/08\/Mostra_dansa_folklorica_Denia_2022.jpg\" alt=\"XXIX mostra internacional de danza folcl\u00f3rica Denia\" class=\"wp-image-7472\" srcset=\"https:\/\/inmobiliaria-lex.com\/wp-content\/uploads\/2022\/08\/Mostra_dansa_folklorica_Denia_2022.jpg 800w, https:\/\/inmobiliaria-lex.com\/wp-content\/uploads\/2022\/08\/Mostra_dansa_folklorica_Denia_2022-480x480.jpg 480w\" sizes=\"(min-width: 0px) and (max-width: 480px) 480px, (min-width: 481px) 800px, 100vw\" \/><\/figure>\n\n\n\n<h2 class=\"has-luminous-vivid-orange-color has-text-color wp-block-heading\">* Concierto de Jazz 10 de Septiembre 2022<\/h2>\n\n\n\n<div class=\"wp-block-media-text alignwide is-stacked-on-mobile\"><figure class=\"wp-block-media-text__media\"><img loading=\"lazy\" decoding=\"async\" width=\"880\" height=\"495\" src=\"https:\/\/inmobiliaria-lex.com\/wp-content\/uploads\/2022\/08\/Concierto-10-09-22-Denia-Pablo-marin.png\" alt=\"Concierto Denia Pedro Marin \" class=\"wp-image-7468 size-full\" srcset=\"https:\/\/inmobiliaria-lex.com\/wp-content\/uploads\/2022\/08\/Concierto-10-09-22-Denia-Pablo-marin.png 880w, https:\/\/inmobiliaria-lex.com\/wp-content\/uploads\/2022\/08\/Concierto-10-09-22-Denia-Pablo-marin-480x270.png 480w\" sizes=\"(min-width: 0px) and (max-width: 480px) 480px, (min-width: 481px) 880px, 100vw\" \/><\/figure><div class=\"wp-block-media-text__content\">\n<p>Concierto de Jazz: Pablo Marin &amp; Jazzyc Quartet<\/p>\n\n\n\n<p>Fecha: 10 &#8211; 09 &#8211; 2022<\/p>\n\n\n\n<p>Lugar Teatro auditorio Denia <\/p>\n\n\n\n<p>Hora 20:00 h<\/p>\n\n\n\n<p>Entrada Libre<\/p>\n<\/div><\/div>\n\n\n\n<p><\/p>\n\n\n\n<h2 class=\"wp-block-heading\"><mark style=\"background-color:rgba(0, 0, 0, 0)\" class=\"has-inline-color has-luminous-vivid-orange-color\">* Atardeceres musicales en El Jard\u00edn de L&rsquo;Albarda<\/mark><\/h2>\n\n\n\n<p>Visita el Jard\u00edn de l\u2019Albarda y disfruta de todo un para\u00edso Mediterr\u00e1neo.&nbsp;&nbsp; Est\u00e1 situado en Pedreguer, dentro de la Marina Alta. En \u00e9l descubrir\u00e1s un paisaje de cuento con una gran colecci\u00f3n de esculturas y m\u00e1s de 700 especies aut\u00f3ctonas.<\/p>\n\n\n\n<p>Este verano, adem\u00e1s nos sorprenden con <strong>\u201cLos atardeceres Musicales\u201d<\/strong> en el Jard\u00edn de l\u2019Albarda.  Imag\u00ednate rodeado de sus bellos jardines con las notas de la guitarra de<strong> Thierry Fouet.<\/strong><\/p>\n\n\n\n<p><strong>\u00bfTe apuntas al Plan?&nbsp;<\/strong> &nbsp;Todos los viernes y s\u00e1bados de julio y agosto menos los d\u00edas de concierto (el 16 de julio y el 13 de agosto) podremos disfrutar de la maestr\u00eda de Thierry Fouet de 18.30 h a 20.30 h con una entrada \u00fanica de VISITA + CONCIERTO de 10\u20ac.  Encontrar\u00e1s m\u00e1s informaci\u00f3n en la p\u00e1gina web de<strong><a href=\"https:\/\/www.jardinalbarda.com\/\" target=\"_blank\" rel=\"noreferrer noopener\"> Jard\u00edn de L&rsquo;Albarda<\/a><\/strong><\/p>\n\n\n\n<figure class=\"wp-block-image aligncenter size-large\"><img loading=\"lazy\" decoding=\"async\" width=\"709\" height=\"709\" src=\"https:\/\/inmobiliaria-lex.com\/wp-content\/uploads\/2022\/07\/Atardeceres-Musicales-en-Jardines-de-lalbarda.jpg\" alt=\"\" class=\"wp-image-7257\" srcset=\"https:\/\/inmobiliaria-lex.com\/wp-content\/uploads\/2022\/07\/Atardeceres-Musicales-en-Jardines-de-lalbarda.jpg 709w, https:\/\/inmobiliaria-lex.com\/wp-content\/uploads\/2022\/07\/Atardeceres-Musicales-en-Jardines-de-lalbarda-480x480.jpg 480w\" sizes=\"(min-width: 0px) and (max-width: 480px) 480px, (min-width: 481px) 709px, 100vw\" \/><figcaption class=\"wp-element-caption\">Atardeceres musicales en los Jardines de L&rsquo;Albarda<\/figcaption><\/figure>\n\n\n\n<p>Horarios: Por las ma\u00f1anas, de&nbsp;8.30 a 10 h, con tres actividades diferentes. Y todas las tardes,&nbsp;una sesi\u00f3n deportiva a las 20 h.<\/p>\n\n\n\n<h2 class=\"has-luminous-vivid-orange-color has-text-color wp-block-heading\">* Paseo en Barca por  la Marjal de Pego<\/h2>\n\n\n\n<p>El Ayuntamiento de Pego ha organizado una actividad para pasar las tardes en familia envueltos de naturaleza. <\/p>\n\n\n\n<p>Se trata de los paseos en barca por el r\u00edo Salinar, con una duraci\u00f3n aproximada de 30 minutos.  La actividad se divide en&nbsp;<strong>dos partes.<\/strong>&nbsp;Primero los t\u00e9cnicos de la excursi\u00f3n realizan una peque\u00f1a charla en la que explican las principales&nbsp;<strong>caracter\u00edsticas del parque natural de la Marjal,<\/strong>&nbsp;explicando las diferentes especies de fauna y flora que habitan en \u00e9l. Se habla tambi\u00e9n de algunos de los proyectos que se llevan a cabo en este entorno natural como es la reintroducci\u00f3n del \u00e1guila pescadora.   En la segunda parte se recorren las aguas del Salinar en<strong> la barca<\/strong> describiendo toda la biodiversidad que all\u00ed se puede apreciar.<\/p>\n\n\n\n<figure class=\"wp-block-image size-large\"><img loading=\"lazy\" decoding=\"async\" width=\"1024\" height=\"1024\" src=\"https:\/\/inmobiliaria-lex.com\/wp-content\/uploads\/2022\/08\/Paseos-en-barca-por-la-Marjal-de-Pego-1024x1024.jpg\" alt=\"Paseos en barca por el Rio Salinar\" class=\"wp-image-7458\" srcset=\"https:\/\/inmobiliaria-lex.com\/wp-content\/uploads\/2022\/08\/Paseos-en-barca-por-la-Marjal-de-Pego-1024x1024.jpg 1024w, https:\/\/inmobiliaria-lex.com\/wp-content\/uploads\/2022\/08\/Paseos-en-barca-por-la-Marjal-de-Pego-980x980.jpg 980w, https:\/\/inmobiliaria-lex.com\/wp-content\/uploads\/2022\/08\/Paseos-en-barca-por-la-Marjal-de-Pego-480x480.jpg 480w\" sizes=\"(min-width: 0px) and (max-width: 480px) 480px, (min-width: 481px) and (max-width: 980px) 980px, (min-width: 981px) 1024px, 100vw\" \/><figcaption class=\"wp-element-caption\">Paseos en barca por la Marjal  de Pego<\/figcaption><\/figure>\n\n\n\n<h2 class=\"wp-block-heading\"><mark style=\"background-color:rgba(0, 0, 0, 0)\" class=\"has-inline-color has-luminous-vivid-orange-color\">*<\/mark> <strong><mark style=\"background-color:rgba(0, 0, 0, 0)\" class=\"has-inline-color has-luminous-vivid-orange-color\">Circuito Spa Hotel Daniya D\u00e9nia + Men\u00fa arrocero + vino Pedro Heras<\/mark><\/strong><\/h2>\n\n\n\n<p>\u00bfQuieres relajarte en un spa y seguir tu experiencia con la&nbsp;degustaci\u00f3n de un exquisito men\u00fa arrocero!<\/p>\n\n\n\n<p>El&nbsp;hotel Daniya ha preparado este circuito&nbsp;wellness en&nbsp; el que podr\u00e1s disfrutar de piscina climatizada, banco de hidromasaje y chorros cervicales, terma romana, ba\u00f1o de vapor, ducha cicl\u00f3nico, pasillo bit\u00e9rmico, sala relax donde se puede disfrutar de un t\u00e9, zona de camas y gimnasio entre otros servicios.<\/p>\n\n\n\n<figure class=\"wp-block-gallery has-nested-images columns-default is-cropped wp-block-gallery-4 is-layout-flex wp-block-gallery-is-layout-flex\">\n<figure class=\"wp-block-image size-large\"><img loading=\"lazy\" decoding=\"async\" width=\"600\" height=\"375\" data-id=\"7093\" src=\"https:\/\/inmobiliaria-lex.com\/wp-content\/uploads\/2022\/04\/hotel-daniya-spa-1.jpg\" alt=\"\" class=\"wp-image-7093\" srcset=\"https:\/\/inmobiliaria-lex.com\/wp-content\/uploads\/2022\/04\/hotel-daniya-spa-1.jpg 600w, https:\/\/inmobiliaria-lex.com\/wp-content\/uploads\/2022\/04\/hotel-daniya-spa-1-480x300.jpg 480w\" sizes=\"(min-width: 0px) and (max-width: 480px) 480px, (min-width: 481px) 600px, 100vw\" \/><figcaption class=\"wp-element-caption\">Circuito Spa hotel Daniya<\/figcaption><\/figure>\n\n\n\n<figure class=\"wp-block-image size-large\"><img loading=\"lazy\" decoding=\"async\" width=\"600\" height=\"375\" data-id=\"7097\" src=\"https:\/\/inmobiliaria-lex.com\/wp-content\/uploads\/2022\/04\/hotel-daniya-spa-arroz-1.jpg\" alt=\"\" class=\"wp-image-7097\" srcset=\"https:\/\/inmobiliaria-lex.com\/wp-content\/uploads\/2022\/04\/hotel-daniya-spa-arroz-1.jpg 600w, https:\/\/inmobiliaria-lex.com\/wp-content\/uploads\/2022\/04\/hotel-daniya-spa-arroz-1-480x300.jpg 480w\" sizes=\"(min-width: 0px) and (max-width: 480px) 480px, (min-width: 481px) 600px, 100vw\" \/><figcaption class=\"wp-element-caption\">Men\u00fa circuito spa Daniya<\/figcaption><\/figure>\n<\/figure>\n\n\n\n<p>&nbsp; &#8211;&nbsp; Hora de entrada al circuito: 10:00h \/ 12:00h             &#8211;&nbsp; &nbsp;Duraci\u00f3n: 90 minutos<\/p>\n\n\n\n<p>Tras finalizar el circuito del SPA se ofrece un&nbsp;men\u00fa arrocero&nbsp;en el restaurante del hotel. El men\u00fa incluye: &nbsp; &#8211;&nbsp; 3 Entrantes \/ paella de pollo, conejo y alcachofas o Arroz de marisco \/&nbsp;Postre  Incluido en Men\u00fa: Botella de vino Pedro Heras (tinto o blanco) incluido en el men\u00fa.<\/p>\n\n\n\n<p>Mas informaci\u00f3n y reservas en H****Daniya D\u00e9nia Spa &amp; Business.      C\/ Sardina 11 (03700 D\u00e9nia)  +34 966 428 900 info@denia.daniyahotels.es <a href=\"http:\/\/www.daniyadenia.com\" target=\"_blank\" rel=\"noreferrer noopener\"> www.daniyadenia.com<\/a><\/p>\n\n\n\n<p>Vive a tope las fiestas de San Roc y de Moros y Cristianos de Denia. <\/p>\n\n\n\n<p>Los d\u00edas fuertes de la fiesta son el  13, 14, 15 y 16 agosto, aunque desde el 5 de agosto empezaremos a verlos por nuestras calles. <\/p>\n\n\n\n<p>Os dejamos un enlace al <strong><a href=\"https:\/\/inmobiliaria-lex.com\/programa-moros-y-cristianos\/\" target=\"_blank\" rel=\"noreferrer noopener\">Programa de fiestas<\/a><\/strong> para que pod\u00e1is organizaros.<\/p>\n\n\n\n<p><\/p>\n\n\n\n<figure class=\"wp-block-gallery has-nested-images columns-default is-cropped wp-block-gallery-5 is-layout-flex wp-block-gallery-is-layout-flex\">\n<figure class=\"wp-block-image size-large\"><img loading=\"lazy\" decoding=\"async\" width=\"960\" height=\"720\" data-id=\"7316\" src=\"https:\/\/inmobiliaria-lex.com\/wp-content\/uploads\/2022\/07\/moros-denia.jpg\" alt=\"\" class=\"wp-image-7316\" srcset=\"https:\/\/inmobiliaria-lex.com\/wp-content\/uploads\/2022\/07\/moros-denia.jpg 960w, https:\/\/inmobiliaria-lex.com\/wp-content\/uploads\/2022\/07\/moros-denia-480x360.jpg 480w\" sizes=\"(min-width: 0px) and (max-width: 480px) 480px, (min-width: 481px) 960px, 100vw\" \/><figcaption class=\"wp-element-caption\">Plaza Consell y Castillo<\/figcaption><\/figure>\n\n\n\n<figure class=\"wp-block-image size-large\"><img loading=\"lazy\" decoding=\"async\" width=\"959\" height=\"539\" data-id=\"7312\" src=\"https:\/\/inmobiliaria-lex.com\/wp-content\/uploads\/2022\/07\/moros-6.jpg\" alt=\"\" class=\"wp-image-7312\" srcset=\"https:\/\/inmobiliaria-lex.com\/wp-content\/uploads\/2022\/07\/moros-6.jpg 959w, https:\/\/inmobiliaria-lex.com\/wp-content\/uploads\/2022\/07\/moros-6-480x270.jpg 480w\" sizes=\"(min-width: 0px) and (max-width: 480px) 480px, (min-width: 481px) 959px, 100vw\" \/><figcaption class=\"wp-element-caption\">Acto Moros y Cristianos<\/figcaption><\/figure>\n\n\n\n<figure class=\"wp-block-image size-large\"><img loading=\"lazy\" decoding=\"async\" width=\"960\" height=\"640\" data-id=\"7308\" src=\"https:\/\/inmobiliaria-lex.com\/wp-content\/uploads\/2022\/07\/MOROS-1.jpg\" alt=\"\" class=\"wp-image-7308\" srcset=\"https:\/\/inmobiliaria-lex.com\/wp-content\/uploads\/2022\/07\/MOROS-1.jpg 960w, https:\/\/inmobiliaria-lex.com\/wp-content\/uploads\/2022\/07\/MOROS-1-480x320.jpg 480w\" sizes=\"(min-width: 0px) and (max-width: 480px) 480px, (min-width: 481px) 960px, 100vw\" \/><figcaption class=\"wp-element-caption\">Desfile de Gala<\/figcaption><\/figure>\n<\/figure>\n\n\n\n<h2 class=\"wp-block-heading\"><mark style=\"background-color:rgba(0, 0, 0, 0)\" class=\"has-inline-color has-luminous-vivid-orange-color\">* Practica deporte en las playas\u00a0de Denia<\/mark> (Del 1 de julio al 31 de agosto)<\/h2>\n\n\n\n<p>La&nbsp;Concejal\u00eda de Deportes&nbsp;ofrece un&nbsp;completo programa de actividades f\u00edsicas gratuitas&nbsp;en las playas de Denia. Podr\u00e1s practicar&nbsp;taichi, pilates, mantenimiento, aerozumba, fitness y wushu-defensa personal.<\/p>\n\n\n\n<figure class=\"wp-block-gallery has-nested-images columns-default is-cropped wp-block-gallery-6 is-layout-flex wp-block-gallery-is-layout-flex\">\n<figure class=\"wp-block-image size-large\"><img loading=\"lazy\" decoding=\"async\" width=\"509\" height=\"720\" data-id=\"7274\" src=\"https:\/\/inmobiliaria-lex.com\/wp-content\/uploads\/2022\/07\/deporte-en-playas-Denia.jpg\" alt=\"\" class=\"wp-image-7274\" srcset=\"https:\/\/inmobiliaria-lex.com\/wp-content\/uploads\/2022\/07\/deporte-en-playas-Denia.jpg 509w, https:\/\/inmobiliaria-lex.com\/wp-content\/uploads\/2022\/07\/deporte-en-playas-Denia-480x679.jpg 480w\" sizes=\"(min-width: 0px) and (max-width: 480px) 480px, (min-width: 481px) 509px, 100vw\" \/><figcaption class=\"wp-element-caption\">Deporte en playa Denia<\/figcaption><\/figure>\n<\/figure>\n\n\n\n<p>De&nbsp;lunes a viernes, excepto d\u00edas festivos, en las playas de la&nbsp;Marineta Cassiana y de la Punta del Raset.<\/p>\n\n\n\n<h2 class=\"has-luminous-vivid-orange-color has-text-color wp-block-heading\">* Concierto en Torrecremada: Entrada Libre<\/h2>\n\n\n\n<p><strong>El viernes 19 de agosto<\/strong> a las 22.30 h llega a Denia<strong> el Sonafilm.<\/strong><\/p>\n\n\n\n<figure class=\"wp-block-image aligncenter size-full\"><img loading=\"lazy\" decoding=\"async\" width=\"526\" height=\"526\" src=\"https:\/\/inmobiliaria-lex.com\/wp-content\/uploads\/2022\/08\/concierto-denia-19-agosto.jpg\" alt=\"\" class=\"wp-image-7340\" srcset=\"https:\/\/inmobiliaria-lex.com\/wp-content\/uploads\/2022\/08\/concierto-denia-19-agosto.jpg 526w, https:\/\/inmobiliaria-lex.com\/wp-content\/uploads\/2022\/08\/concierto-denia-19-agosto-480x480.jpg 480w\" sizes=\"(min-width: 0px) and (max-width: 480px) 480px, (min-width: 481px) 526px, 100vw\" \/><figcaption class=\"wp-element-caption\">Forrest Gump Songs<\/figcaption><\/figure>\n\n\n\n<p>Acude a las 22:30 h al Parque de Torrecremada y disfruta del concierto del grupo Moanin\u2019 Project, (Banda \u201cCulture Pop\u201d).  Sus 10 componentes nos ofrecen un programa del mejor pop\/rock de los 70 y 80 con el espect\u00e1culo \u201cForrest Gump Songs\u201d, dedicado a las canciones m\u00e1s populares que aparecen en este film, donde a parte de la famosa Banda Sonora del compositor Alan Silvestri, se pueden encontrar temas ic\u00f3nicos de grupos y int\u00e9rpretes como<strong><em> Elvis Presley, Rooftop Singers, Bob Dylan, The Beach Boys,<\/em><\/strong> entre otros.<\/p>\n\n\n\n<p>Esta es una ocasi\u00f3n perfecta para disfrutar y recordar a trav\u00e9s de estos grandes artistas de uno de los films m\u00e1s apreciados como es Forrest Gump.<\/p>\n\n\n\n<p>Acceso al concierto con entada libre por la puerta de la C\/Periodista Ricardo Ortega.<\/p>\n\n\n\n<h2 class=\"has-luminous-vivid-orange-color has-text-color wp-block-heading\">* Agosto Cultural:  L&rsquo;Escald\u00e0 de Jesus Pobre<\/h2>\n\n\n\n<figure class=\"wp-block-image aligncenter size-full\"><img loading=\"lazy\" decoding=\"async\" width=\"426\" height=\"600\" src=\"https:\/\/inmobiliaria-lex.com\/wp-content\/uploads\/2022\/08\/agost-cultural-Escalda\u0300-Jesus-Pobre.jpg\" alt=\"\" class=\"wp-image-7344\" srcset=\"https:\/\/inmobiliaria-lex.com\/wp-content\/uploads\/2022\/08\/agost-cultural-Escalda\u0300-Jesus-Pobre.jpg 426w, https:\/\/inmobiliaria-lex.com\/wp-content\/uploads\/2022\/08\/agost-cultural-Escalda\u0300-Jesus-Pobre-213x300.jpg 213w\" sizes=\"(max-width: 426px) 100vw, 426px\" \/><figcaption class=\"wp-element-caption\">L&rsquo;Escald\u00e0 a Jesus Pobre<\/figcaption><\/figure>\n\n\n\n<p>Jes\u00fas Pobre celebra a lo largo del mes de agosto distintas actividades vinculadas a la&nbsp;<em>escald\u00e0<\/em>&nbsp;de la uva moscatel. <\/p>\n\n\n\n<p>El&nbsp;<strong>viernes 19 de agosto<\/strong>&nbsp;a las 18:00 horas tendr\u00e1 lugar el<strong>&nbsp;Taller del Farolet,<\/strong>&nbsp;que ir\u00e1 acompa\u00f1ado de una merienda y teatro infantil. <\/p>\n\n\n\n<p>El <strong>s\u00e1bado, 20 de agosto<\/strong>, a las 7:30 horas se celebrar\u00e1 el<strong>&nbsp;Assaig de l&rsquo;Escald\u00e0<\/strong>, durante la cual cualquiera que quiera podr\u00e1 escaldar sus uvas, por lo que deber\u00e1 llevarlas.<\/p>\n\n\n\n<p>El&nbsp;<strong>viernes 26<\/strong>&nbsp;ser\u00e1 el&nbsp;<strong>concierto de Hilari Alonso<\/strong>: \u00ab\u00a0<strong>&nbsp;<em>A prop\u00a0\u00bb<\/em><\/strong>, que est\u00e1 subvencionado por la Diputaci\u00f3n de Alicante.<\/p>\n\n\n\n<figure class=\"wp-block-embed is-type-video is-provider-youtube wp-block-embed-youtube wp-embed-aspect-16-9 wp-has-aspect-ratio\"><div class=\"wp-block-embed__wrapper\">\n<iframe loading=\"lazy\" title=\"HILARI ALONSO: D\u00f3na&#039;m la m\u00e0 (videoclip).\" width=\"1080\" height=\"608\" src=\"https:\/\/www.youtube.com\/embed\/aZBJ9EJXvk4?feature=oembed\"  allow=\"accelerometer; autoplay; clipboard-write; encrypted-media; gyroscope; picture-in-picture\" allowfullscreen><\/iframe>\n<\/div><\/figure>\n\n\n\n<p><strong>El 28 de agosto <\/strong>ser\u00e1 el culmen de la fiesta: <strong>La Feria de L&rsquo;Escald\u00e0 en el Riurau.<\/strong><\/p>\n\n\n\n<h2 class=\"has-luminous-vivid-orange-color has-text-color wp-block-heading\">* Excursiones por la comarca, toda una experiencia.<\/h2>\n\n\n\n<p>Divisa la luna desde distintos puntos y conoce la comarca con las Rutas Nocturnas \u201cCamina La Lluna\u201d. <\/p>\n\n\n\n<p>D\u00edas 5, 12 y 19 agosto 2022<\/p>\n\n\n\n<p>M\u00e1s info:<a href=\"http:\/\/www.macma.org\/esports?fbclid=IwAR3jbZoCXPEOKYf9MJuRH3xLRTzCZjVK0BsJUegdKIHXyP5Nt7KSa8RAu88\" target=\"_blank\" rel=\"noreferrer noopener\"> www.macma.org\/esport<\/a>s<\/p>\n\n\n\n<figure class=\"wp-block-image size-large\"><img loading=\"lazy\" decoding=\"async\" width=\"724\" height=\"1024\" src=\"https:\/\/inmobiliaria-lex.com\/wp-content\/uploads\/2022\/08\/camina-la-lluna-2022-724x1024.jpg\" alt=\"Camina la LLuna\" class=\"wp-image-7325\"\/><\/figure>\n\n\n\n<h2 class=\"has-luminous-vivid-orange-color has-white-background-color has-text-color has-background wp-block-heading\">* Cine Voramar: Del 24 de Julio al 28 de Agosto<\/h2>\n\n\n\n<p>Un a\u00f1o m\u00e1s regresa a Denia el \u201cCine Vora Mar 2022\u201d, una cita para disfrutar del cine de verano en familia, al aire libre. Las proyecciones son en castellano y subtituladas en ingl\u00e9s.<\/p>\n\n\n\n<div class=\"wp-block-media-text alignwide is-stacked-on-mobile\"><figure class=\"wp-block-media-text__media\"><img loading=\"lazy\" decoding=\"async\" width=\"724\" height=\"1024\" src=\"https:\/\/inmobiliaria-lex.com\/wp-content\/uploads\/2022\/07\/cine-voramar-Denia-playa-724x1024.jpg\" alt=\"\" class=\"wp-image-7278 size-full\" srcset=\"https:\/\/inmobiliaria-lex.com\/wp-content\/uploads\/2022\/07\/cine-voramar-Denia-playa-724x1024.jpg 724w, https:\/\/inmobiliaria-lex.com\/wp-content\/uploads\/2022\/07\/cine-voramar-Denia-playa-480x679.jpg 480w\" sizes=\"(min-width: 0px) and (max-width: 480px) 480px, (min-width: 481px) 724px, 100vw\" \/><\/figure><div class=\"wp-block-media-text__content\">\n<ul class=\"wp-block-list\">\n<li><strong>\u00bfD\u00f3nde?<\/strong> En <strong><span class=\"has-inline-color has-luminous-vivid-orange-color\">Playa Punta Rasset<\/span><\/strong><\/li>\n\n\n\n<li>\u00bfCu\u00e1ndo?:&nbsp; Todos los domingos desde el 24 de Julio al 28 de Agosto.<\/li>\n\n\n\n<li>Horario:  22.00 h<\/li>\n\n\n\n<li>Acceso libre<\/li>\n<\/ul>\n\n\n\n<p><\/p>\n<\/div><\/div>\n\n\n\n<h2 class=\"wp-block-heading\"><mark style=\"background-color:rgba(0, 0, 0, 0)\" class=\"has-inline-color has-luminous-vivid-orange-color\">* VIII edici\u00f3n del Festival de Jazz en Torrecremada &#8211; Denia.<\/mark><\/h2>\n\n\n\n<p><strong>Los&nbsp; cuatro jueves del mes de agosto<\/strong> tenemos una cita en Los Jardines de Torrecremada, donde disfrutaremos de diversos estilos de jazz con cuatro conciertos con figuras de la talla de la norteamericana Carole Alston, la australiana Jessie Gordon o el franc\u00e9s Jerome Etcheberry<\/p>\n\n\n\n<div class=\"wp-block-media-text alignwide is-stacked-on-mobile\"><figure class=\"wp-block-media-text__media\"><img loading=\"lazy\" decoding=\"async\" width=\"362\" height=\"1024\" src=\"https:\/\/inmobiliaria-lex.com\/wp-content\/uploads\/2022\/07\/VIII-festival-jazz-denia-torrecremada-362x1024.jpg\" alt=\"\" class=\"wp-image-7261 size-full\"\/><\/figure><div class=\"wp-block-media-text__content\">\n<ul class=\"wp-block-list\">\n<li><strong>\u00bfD\u00f3nde? En<span class=\"has-inline-color has-luminous-vivid-orange-color\"> Los Jardines de Torrequemada, Denia<\/span><\/strong><\/li>\n\n\n\n<li><strong>\u00bfCu\u00e1ndo?&nbsp; Desde el jueves 4 de Agosto hasta el Jueves 25 de Agosto de 2022<\/strong><\/li>\n\n\n\n<li><strong>Horario:&nbsp;<\/strong> 22:30 h (Se podr\u00e1 acceder a los jardines desde las 21 h. Acceso al servicio de bar y restauraci\u00f3n antes del concierto)<\/li>\n\n\n\n<li>Acceso: Por Paseo Periodista Ricardo Ortegak.<\/li>\n\n\n\n<li><strong>Entradas:<\/strong> Venta de entradas anticipadas: 14 \u20ac en <a href=\"http:\/\/www.notikumi.com\/\" target=\"_blank\" rel=\"noreferrer noopener\">www.notikumi.com<\/a> o en Tiendas Ale Hop de Marqu\u00e9s de Campo y del Centro Comercial La Marina, el hotel Chamarel y Casa Benjam\u00edn. <\/li>\n\n\n\n<li>Venta de entradas en taquilla: 17 \u20ac<\/li>\n<\/ul>\n<\/div><\/div>\n\n\n\n<p>Encontrar\u00e9is m\u00e1s informaci\u00f3n detallada en <strong><a href=\"https:\/\/lamarinaplaza.com\/evento\/un-concierto-de-la-norteamericana-carole-alston-abrira-el-festival-de-jazz-de-denia-2022\/?instance_id=78499\" target=\"_blank\" rel=\"noreferrer noopener\">LaMarinaPlaza.com<\/a><\/strong><\/p>\n\n\n\n<h2 class=\"has-luminous-vivid-orange-color has-text-color wp-block-heading\">* <mark style=\"background-color:rgba(0, 0, 0, 0)\" class=\"has-inline-color has-luminous-vivid-orange-color\">Descubre los Paisajes de Denia<\/mark><\/h2>\n\n\n\n<p>Desde el 20 de julio y hasta el 12 de agosto, el Ayuntamiento de Denia ha programado 16 rutas sin dificultad por diferentes paisajes de D\u00e9nia y de la Marina Alta nueva<\/p>\n\n\n\n<p>Podremos realizar excursiones vespertinas y nocturnas por el bosque del Montg\u00f3, el parque natural del marjal Pego-Oliva, disfrutar de un paseo sensorial con m\u00fasica por el Jard\u00ed de l\u2019Albarda, el Riurau de Jes\u00fas Pobre, la V\u00eda Verde, un paseo por el litoral de Les Rotes, los pueblos de monta\u00f1a y la arquitectura rural, la Cova de l\u2019Aigua y una sesi\u00f3n de observaci\u00f3n astron\u00f3mica guiada desde la Lloma del Castanyar.&nbsp; Estas son algunas de las salidas previstas.<\/p>\n\n\n\n<p>Requisitos: Tener m\u00e1s de 7 a\u00f1os y acudir con gorra, mochila con agua, zapatillas o calzado de monta\u00f1a y linterna en el caso de las salidas nocturnas. Las Plazas son limitadas. &nbsp;<\/p>\n\n\n\n<p>Inscripciones: Enviar correo a&nbsp;<a href=\"mailto:deniaviva@ayto-denia.es\">deniaviva@ayto-denia.es<\/a>&nbsp;indicando nombre y apellidos de los participantes y tel\u00e9fono de contacto. El plazo de inscripci\u00f3n finaliza a las 13 horas del d\u00eda anterior a cada salida y los viernes a las 13 horas en caso de que sea para una salida de domingo.<\/p>\n\n\n\n<figure class=\"wp-block-image alignwide size-large\"><img loading=\"lazy\" decoding=\"async\" width=\"724\" height=\"1024\" src=\"https:\/\/inmobiliaria-lex.com\/wp-content\/uploads\/2022\/07\/descubre_paisajes_denia_2021-724x1024.jpg\" alt=\"\" class=\"wp-image-7299\" srcset=\"https:\/\/inmobiliaria-lex.com\/wp-content\/uploads\/2022\/07\/descubre_paisajes_denia_2021-724x1024.jpg 724w, https:\/\/inmobiliaria-lex.com\/wp-content\/uploads\/2022\/07\/descubre_paisajes_denia_2021-480x678.jpg 480w\" sizes=\"(min-width: 0px) and (max-width: 480px) 480px, (min-width: 481px) 724px, 100vw\" \/><\/figure>\n\n\n\n<h2 class=\"wp-block-heading\"><mark style=\"background-color:rgba(0, 0, 0, 0)\" class=\"has-inline-color has-luminous-vivid-orange-color\">* M\u00fasica al Castell<\/mark> &#8211; Del 21 al 31 de Julio<\/h2>\n\n\n\n<p>Del&nbsp;<strong>21 al 31 de julio de julio de 2022<\/strong>, podemos disfrutar de&nbsp;<strong>ocho conciertos<\/strong>&nbsp;con m\u00faltiples sabores y estilos. Escucharemos a grupos consagrados de talla internacional y a grupos de territorios cercanos.<\/p>\n\n\n\n<p>Los escenarios: <strong>La explanada del Castillo de D\u00e9nia<\/strong> y <strong>la Plaza del Consell.<\/strong><\/p>\n\n\n\n<p>Puedes ver el detalle de todos los conciertos, ubicaci\u00f3n y como comprar la entrada en nuestro blog: <strong><a href=\"https:\/\/inmobiliaria-lex.com\/musica-al-castell-en-denia\/\" target=\"_blank\" rel=\"noreferrer noopener\">M\u00fasica al Castell en Denia<\/a><\/strong><\/p>\n\n\n\n<h2 class=\"has-luminous-vivid-orange-color has-text-color wp-block-heading\">*  <mark style=\"background-color:rgba(0, 0, 0, 0)\" class=\"has-inline-color has-luminous-vivid-orange-color\"><strong>Concierto Sacro en el Teatro auditorio de D\u00e9nia<\/strong><\/mark><\/h2>\n\n\n\n<p>El 14 de abril a las 20 h el <strong>Grup Polif\u00f2nic<\/strong><em><strong>&nbsp;CADENZA&nbsp;<\/strong><\/em><strong>de D\u00e9nia<\/strong> nos propone un concierto Sacro en el auditorio.  La entrada es libre. <\/p>\n\n\n\n<div class=\"wp-block-media-text alignwide is-stacked-on-mobile\"><figure class=\"wp-block-media-text__media\"><img loading=\"lazy\" decoding=\"async\" width=\"300\" height=\"300\" src=\"https:\/\/inmobiliaria-lex.com\/wp-content\/uploads\/2022\/04\/concierto-sacro-denia-14-abril-2022-1-300x300.jpg\" alt=\"Concierto Sacro Denia 14 abril 2022\" class=\"wp-image-7065 size-medium\"\/><\/figure><div class=\"wp-block-media-text__content\">\n<p class=\"has-small-font-size\">Reserva tus entradas en<\/p>\n\n\n\n<p class=\"has-small-font-size\"><strong><a href=\"https:\/\/www.notikumi.com\/\" target=\"_blank\" rel=\"noreferrer noopener\">https:\/\/www.notikumi.com<\/a><\/strong><\/p>\n<\/div><\/div>\n\n\n\n<p><\/p>\n\n\n\n<h2 class=\"wp-block-heading\"><strong><span class=\"has-inline-color has-luminous-vivid-orange-color\">ALMA MIA. Repertorio de canciones populares.<\/span><\/strong><\/h2>\n\n\n\n<p>NANCY FABIOLA HERRERA,  MEZZOSOPRANO &amp;&nbsp;SOLISTAS DE VALENCIA.  La mezzosoprano nos sorprende con un nuevo repertorio, una selecci\u00f3n de canciones populares como la que le da t\u00edtulo al espect\u00e1culo \u201cAlma m\u00eda\u201d, de la autora mexicana Mar\u00eda Grever. Tambi\u00e9n incluye m\u00fasica de autores como Pixinguinha, pasando por Ernesto Lecuona. Un viaje, sin olvidarse de la zarzuela espa\u00f1ola, as\u00ed como una atrevida mirada a la \u00f3pera con arreglos innovadores. Disfrutaremos este \u00e1mbito en la Fantas\u00eda sobre temas de Carmen de Bizet o en un Medley de \u00f3pera con grandes del g\u00e9nero como Puccini, Verdi.<\/p>\n\n\n\n<div class=\"wp-block-media-text alignwide is-stacked-on-mobile\"><figure class=\"wp-block-media-text__media\"><img loading=\"lazy\" decoding=\"async\" width=\"556\" height=\"346\" src=\"https:\/\/inmobiliaria-lex.com\/wp-content\/uploads\/2022\/04\/Nancy-Fabiola-Herrera.jpg\" alt=\"Concierto Alma M\u00eda de Nancy Fabiola Herrera\" class=\"wp-image-7069 size-full\" srcset=\"https:\/\/inmobiliaria-lex.com\/wp-content\/uploads\/2022\/04\/Nancy-Fabiola-Herrera.jpg 556w, https:\/\/inmobiliaria-lex.com\/wp-content\/uploads\/2022\/04\/Nancy-Fabiola-Herrera-480x299.jpg 480w\" sizes=\"(min-width: 0px) and (max-width: 480px) 480px, (min-width: 481px) 556px, 100vw\" \/><\/figure><div class=\"wp-block-media-text__content\">\n<p class=\"has-small-font-size\">M\u00e1s informaci\u00f3n en&nbsp;<strong><a href=\"https:\/\/www.notikumi.com\/2022\/4\/16\/alma-mia-nancy-fabiola-mezzosoprano-solistas-de-valencia\" target=\"_blank\" rel=\"noreferrer noopener\">&nbsp;http:\/\/www.notikumi.com\/&nbsp;<\/a><\/strong><\/p>\n<\/div><\/div>\n\n\n\n<p><\/p>\n\n\n\n<h2 class=\"wp-block-heading\"><mark style=\"background-color:rgba(0, 0, 0, 0)\" class=\"has-inline-color has-luminous-vivid-orange-color\"><a href=\"https:\/\/inmobiliaria-lex.com\/semana-santa-2022-en-denia\/\" target=\"_blank\" rel=\"noreferrer noopener\"><strong>Programa de Semana Santa en D\u00e9nia<\/strong><\/a><\/mark><\/h2>\n\n\n\n<p>En otro art\u00edculo de nuestro blog os dejamos todas los actos religiosos y procesiones que se organizan en Denia en esta Semana Santa.  Vive la experiencia de la Semana Santa en Denia.<\/p>\n\n\n\n<p>Y para que exprimas tus vacaciones en Denia, iremos subiendo nuevas experiencias, porque nos gusta que las disfrutes a tope.<\/p>\n\n\n\n<p>Encuentra tu alojamiento en la web de<strong><a href=\"https:\/\/inmobiliaria-lex.com\/alquiler-vacaciones-denia\/\" target=\"_blank\" rel=\"noreferrer noopener\"> nuestra web de alquiler vacacional<\/a><\/strong> en ella podr\u00e1s encontrar apartamentos, bungalows, chalets en alquiler vacacional en primera l\u00ednea de playa Marinas, Rotas, Montg\u00f3 o casco urbano. <\/p>\n\n\n\n<p>Y si lo que deseas en comprar una vivienda, no lo dudes y visita <a href=\"https:\/\/inmobiliaria-lex.com\/comprar-propiedad-denia\/venta-vivienda-denia-ondara-pedreguer-el-verger\/\" target=\"_blank\" rel=\"noreferrer noopener\"><strong>nuestra web de ventas<\/strong><\/a> de viviendas en Denia.   Un abanico de propiedades en venta est\u00e1 a tu alcance.  Nuestro compromiso:  si no tenemos la propiedad que te gusta, te la buscamos.   <\/p>\n\n\n\n<div class=\"wp-block-group is-layout-flow wp-block-group-is-layout-flow\">\n<h3 class=\"has-text-align-center wp-block-heading\"><mark style=\"background-color:rgba(0, 0, 0, 0)\" class=\"has-inline-color has-cyan-bluish-gray-color\">Porque<\/mark> <\/h3>\n\n\n\n<h3 class=\"has-text-align-center wp-block-heading\"><mark style=\"background-color:rgba(0, 0, 0, 0)\" class=\"has-inline-color has-luminous-vivid-orange-color\">N<strong>uestro objetivo <\/strong><\/mark><strong><mark style=\"background-color:rgba(0, 0, 0, 0)\" class=\"has-inline-color has-cyan-bluish-gray-color\">es<\/mark> <mark style=\"background-color:rgba(0, 0, 0, 0)\" class=\"has-inline-color has-luminous-vivid-orange-color\">encontrar tu hogar<\/mark><\/strong><\/h3>\n\n\n\n<h3 class=\"has-text-align-center wp-block-heading\"><strong><span class=\"has-inline-color has-cyan-bluish-gray-color\">para que <\/span><span class=\"has-inline-color has-luminous-vivid-orange-color\">toda tu vida sea una estupenda experiencia.<\/span><\/strong><\/h3>\n\n\n\n<p><\/p>\n<\/div>\n\n\n\n<p>*<\/p>\n","protected":false},"excerpt":{"rendered":"<p>Vive experiencias en Denia: Esta vez vas a disfrutar a tope de tus vacaciones porque te proponemos que exprimas tus d\u00edas viviendo experiencias en D\u00e9nia. Entre nuestras propuestas encontrar\u00e1s opciones de deporte, relax, conciertos, exposiciones&#8230;.. Solo tendr\u00e1s que decidirte por cu\u00e1l elegir y para ello os facilitamos los links a las web de los organizadores [&hellip;]<\/p>\n","protected":false},"author":1,"featured_media":7591,"comment_status":"closed","ping_status":"closed","sticky":false,"template":"","format":"standard","meta":{"_et_pb_use_builder":"","_et_pb_old_content":"","_et_gb_content_width":"","footnotes":""},"categories":[29,28,35],"tags":[421,384,383,187,129,385,333],"class_list":["post-7060","post","type-post","status-publish","format-standard","has-post-thumbnail","hentry","category-actualidad-denia","category-conecer-denia","category-denia","tag-actividades-denia","tag-deportes-nauticos","tag-experiencias-denia","tag-holidays-denia","tag-que-hacer-en-denia","tag-vacaciones-denia-2","tag-vacances-denia-2"],"yoast_head":"<!-- This site is optimized with the Yoast SEO plugin v25.9 - https:\/\/yoast.com\/wordpress\/plugins\/seo\/ -->\n<title>Vive experiencias en Denia | Agencia Inmobiliaria Lex D\u00e9nia<\/title>\n<meta name=\"description\" content=\"Vive nuevas experiencias en Denia y disfruta al m\u00e1ximo de tus vacaciones en la Costa Blanca. Actividades, conciertos, deportes acu\u00e1ticos...\" \/>\n<meta name=\"robots\" content=\"index, follow, max-snippet:-1, max-image-preview:large, max-video-preview:-1\" \/>\n<link rel=\"canonical\" href=\"https:\/\/inmobiliaria-lex.com\/fr\/vive-experiencias-en-denia\/\" \/>\n<meta property=\"og:locale\" content=\"fr_FR\" \/>\n<meta property=\"og:type\" content=\"article\" \/>\n<meta property=\"og:title\" content=\"Vive experiencias en Denia | Agencia Inmobiliaria Lex D\u00e9nia\" \/>\n<meta property=\"og:description\" content=\"Vive nuevas experiencias en Denia y disfruta al m\u00e1ximo de tus vacaciones en la Costa Blanca. Actividades, conciertos, deportes acu\u00e1ticos...\" \/>\n<meta property=\"og:url\" content=\"https:\/\/inmobiliaria-lex.com\/fr\/vive-experiencias-en-denia\/\" \/>\n<meta property=\"og:site_name\" content=\"Agencia Inmobiliaria Lex D\u00e9nia\" \/>\n<meta property=\"article:publisher\" content=\"https:\/\/www.facebook.com\/LEXDENIA\" \/>\n<meta property=\"article:published_time\" content=\"2022-04-12T22:50:38+00:00\" \/>\n<meta property=\"article:modified_time\" content=\"2023-04-01T07:44:58+00:00\" \/>\n<meta property=\"og:image\" content=\"https:\/\/inmobiliaria-lex.com\/wp-content\/uploads\/2022\/04\/Vive-experiencias-en-Denia-2022-1.jpg\" \/>\n\t<meta property=\"og:image:width\" content=\"940\" \/>\n\t<meta property=\"og:image:height\" content=\"726\" \/>\n\t<meta property=\"og:image:type\" content=\"image\/jpeg\" \/>\n<meta name=\"author\" content=\"inmobiliaria lex denia\" \/>\n<meta name=\"twitter:card\" content=\"summary_large_image\" \/>\n<meta name=\"twitter:label1\" content=\"\u00c9crit par\" \/>\n\t<meta name=\"twitter:data1\" content=\"inmobiliaria lex denia\" \/>\n\t<meta name=\"twitter:label2\" content=\"Dur\u00e9e de lecture estim\u00e9e\" \/>\n\t<meta name=\"twitter:data2\" content=\"12 minutes\" \/>\n<script type=\"application\/ld+json\" class=\"yoast-schema-graph\">{\"@context\":\"https:\/\/schema.org\",\"@graph\":[{\"@type\":\"Article\",\"@id\":\"https:\/\/inmobiliaria-lex.com\/fr\/vive-experiencias-en-denia\/#article\",\"isPartOf\":{\"@id\":\"https:\/\/inmobiliaria-lex.com\/fr\/vive-experiencias-en-denia\/\"},\"author\":{\"name\":\"inmobiliaria lex denia\",\"@id\":\"https:\/\/inmobiliaria-lex.com\/fr\/#\/schema\/person\/1aa994699b790066990c86d352ff8fec\"},\"headline\":\"Vive experiencias en Denia\",\"datePublished\":\"2022-04-12T22:50:38+00:00\",\"dateModified\":\"2023-04-01T07:44:58+00:00\",\"mainEntityOfPage\":{\"@id\":\"https:\/\/inmobiliaria-lex.com\/fr\/vive-experiencias-en-denia\/\"},\"wordCount\":4082,\"publisher\":{\"@id\":\"https:\/\/inmobiliaria-lex.com\/fr\/#organization\"},\"image\":{\"@id\":\"https:\/\/inmobiliaria-lex.com\/fr\/vive-experiencias-en-denia\/#primaryimage\"},\"thumbnailUrl\":\"https:\/\/inmobiliaria-lex.com\/wp-content\/uploads\/2022\/04\/Vive-experiencias-en-Denia-2022-1.jpg\",\"keywords\":[\"actividades denia\",\"deportes nauticos\",\"experiencias denia\",\"Holidays Denia\",\"que hacer en Denia\",\"vacaciones denia\",\"vacances Denia\"],\"articleSection\":[\"Actualidad D\u00e9nia\",\"Conocer D\u00e9nia\",\"D\u00e9nia\"],\"inLanguage\":\"fr-FR\"},{\"@type\":\"WebPage\",\"@id\":\"https:\/\/inmobiliaria-lex.com\/fr\/vive-experiencias-en-denia\/\",\"url\":\"https:\/\/inmobiliaria-lex.com\/fr\/vive-experiencias-en-denia\/\",\"name\":\"Vive experiencias en Denia | Agencia Inmobiliaria Lex D\u00e9nia\",\"isPartOf\":{\"@id\":\"https:\/\/inmobiliaria-lex.com\/fr\/#website\"},\"primaryImageOfPage\":{\"@id\":\"https:\/\/inmobiliaria-lex.com\/fr\/vive-experiencias-en-denia\/#primaryimage\"},\"image\":{\"@id\":\"https:\/\/inmobiliaria-lex.com\/fr\/vive-experiencias-en-denia\/#primaryimage\"},\"thumbnailUrl\":\"https:\/\/inmobiliaria-lex.com\/wp-content\/uploads\/2022\/04\/Vive-experiencias-en-Denia-2022-1.jpg\",\"datePublished\":\"2022-04-12T22:50:38+00:00\",\"dateModified\":\"2023-04-01T07:44:58+00:00\",\"description\":\"Vive nuevas experiencias en Denia y disfruta al m\u00e1ximo de tus vacaciones en la Costa Blanca. Actividades, conciertos, deportes acu\u00e1ticos...\",\"breadcrumb\":{\"@id\":\"https:\/\/inmobiliaria-lex.com\/fr\/vive-experiencias-en-denia\/#breadcrumb\"},\"inLanguage\":\"fr-FR\",\"potentialAction\":[{\"@type\":\"ReadAction\",\"target\":[\"https:\/\/inmobiliaria-lex.com\/fr\/vive-experiencias-en-denia\/\"]}]},{\"@type\":\"ImageObject\",\"inLanguage\":\"fr-FR\",\"@id\":\"https:\/\/inmobiliaria-lex.com\/fr\/vive-experiencias-en-denia\/#primaryimage\",\"url\":\"https:\/\/inmobiliaria-lex.com\/wp-content\/uploads\/2022\/04\/Vive-experiencias-en-Denia-2022-1.jpg\",\"contentUrl\":\"https:\/\/inmobiliaria-lex.com\/wp-content\/uploads\/2022\/04\/Vive-experiencias-en-Denia-2022-1.jpg\",\"width\":940,\"height\":726,\"caption\":\"???????????????????????????????????????????????????????????????????????????\"},{\"@type\":\"BreadcrumbList\",\"@id\":\"https:\/\/inmobiliaria-lex.com\/fr\/vive-experiencias-en-denia\/#breadcrumb\",\"itemListElement\":[{\"@type\":\"ListItem\",\"position\":1,\"name\":\"Portada\",\"item\":\"https:\/\/inmobiliaria-lex.com\/fr\/home\/\"},{\"@type\":\"ListItem\",\"position\":2,\"name\":\"Vive experiencias en Denia\"}]},{\"@type\":\"WebSite\",\"@id\":\"https:\/\/inmobiliaria-lex.com\/fr\/#website\",\"url\":\"https:\/\/inmobiliaria-lex.com\/fr\/\",\"name\":\"Inmobiliaria Lex D\u00e9nia\",\"description\":\"Inmobiliaria en D\u00e9nia\",\"publisher\":{\"@id\":\"https:\/\/inmobiliaria-lex.com\/fr\/#organization\"},\"potentialAction\":[{\"@type\":\"SearchAction\",\"target\":{\"@type\":\"EntryPoint\",\"urlTemplate\":\"https:\/\/inmobiliaria-lex.com\/fr\/?s={search_term_string}\"},\"query-input\":{\"@type\":\"PropertyValueSpecification\",\"valueRequired\":true,\"valueName\":\"search_term_string\"}}],\"inLanguage\":\"fr-FR\"},{\"@type\":\"Organization\",\"@id\":\"https:\/\/inmobiliaria-lex.com\/fr\/#organization\",\"name\":\"Agencia Inmobiliaria Lex. D\u00e9nia\",\"url\":\"https:\/\/inmobiliaria-lex.com\/fr\/\",\"logo\":{\"@type\":\"ImageObject\",\"inLanguage\":\"fr-FR\",\"@id\":\"https:\/\/inmobiliaria-lex.com\/fr\/#\/schema\/logo\/image\/\",\"url\":\"https:\/\/inmobiliaria-lex.com\/wp-content\/uploads\/2020\/02\/inmobiliaria_lex_denia.png\",\"contentUrl\":\"https:\/\/inmobiliaria-lex.com\/wp-content\/uploads\/2020\/02\/inmobiliaria_lex_denia.png\",\"width\":176,\"height\":111,\"caption\":\"Agencia Inmobiliaria Lex. D\u00e9nia\"},\"image\":{\"@id\":\"https:\/\/inmobiliaria-lex.com\/fr\/#\/schema\/logo\/image\/\"},\"sameAs\":[\"https:\/\/www.facebook.com\/LEXDENIA\",\"https:\/\/www.instagram.com\/deniainmolex\/\"]},{\"@type\":\"Person\",\"@id\":\"https:\/\/inmobiliaria-lex.com\/fr\/#\/schema\/person\/1aa994699b790066990c86d352ff8fec\",\"name\":\"inmobiliaria lex denia\",\"image\":{\"@type\":\"ImageObject\",\"inLanguage\":\"fr-FR\",\"@id\":\"https:\/\/inmobiliaria-lex.com\/fr\/#\/schema\/person\/image\/\",\"url\":\"https:\/\/secure.gravatar.com\/avatar\/4843a7e97f3a2d82ecb361a9c26707d2e6c75f4002ff82a72ff5f4e5fef8ae3a?s=96&d=mm&r=g\",\"contentUrl\":\"https:\/\/secure.gravatar.com\/avatar\/4843a7e97f3a2d82ecb361a9c26707d2e6c75f4002ff82a72ff5f4e5fef8ae3a?s=96&d=mm&r=g\",\"caption\":\"inmobiliaria lex denia\"}}]}<\/script>\n<!-- \/ Yoast SEO plugin. -->","yoast_head_json":{"title":"Vive experiencias en Denia | Agencia Inmobiliaria Lex D\u00e9nia","description":"Vive nuevas experiencias en Denia y disfruta al m\u00e1ximo de tus vacaciones en la Costa Blanca. Actividades, conciertos, deportes acu\u00e1ticos...","robots":{"index":"index","follow":"follow","max-snippet":"max-snippet:-1","max-image-preview":"max-image-preview:large","max-video-preview":"max-video-preview:-1"},"canonical":"https:\/\/inmobiliaria-lex.com\/fr\/vive-experiencias-en-denia\/","og_locale":"fr_FR","og_type":"article","og_title":"Vive experiencias en Denia | Agencia Inmobiliaria Lex D\u00e9nia","og_description":"Vive nuevas experiencias en Denia y disfruta al m\u00e1ximo de tus vacaciones en la Costa Blanca. Actividades, conciertos, deportes acu\u00e1ticos...","og_url":"https:\/\/inmobiliaria-lex.com\/fr\/vive-experiencias-en-denia\/","og_site_name":"Agencia Inmobiliaria Lex D\u00e9nia","article_publisher":"https:\/\/www.facebook.com\/LEXDENIA","article_published_time":"2022-04-12T22:50:38+00:00","article_modified_time":"2023-04-01T07:44:58+00:00","og_image":[{"width":940,"height":726,"url":"https:\/\/inmobiliaria-lex.com\/wp-content\/uploads\/2022\/04\/Vive-experiencias-en-Denia-2022-1.jpg","type":"image\/jpeg"}],"author":"inmobiliaria lex denia","twitter_card":"summary_large_image","twitter_misc":{"\u00c9crit par":"inmobiliaria lex denia","Dur\u00e9e de lecture estim\u00e9e":"12 minutes"},"schema":{"@context":"https:\/\/schema.org","@graph":[{"@type":"Article","@id":"https:\/\/inmobiliaria-lex.com\/fr\/vive-experiencias-en-denia\/#article","isPartOf":{"@id":"https:\/\/inmobiliaria-lex.com\/fr\/vive-experiencias-en-denia\/"},"author":{"name":"inmobiliaria lex denia","@id":"https:\/\/inmobiliaria-lex.com\/fr\/#\/schema\/person\/1aa994699b790066990c86d352ff8fec"},"headline":"Vive experiencias en Denia","datePublished":"2022-04-12T22:50:38+00:00","dateModified":"2023-04-01T07:44:58+00:00","mainEntityOfPage":{"@id":"https:\/\/inmobiliaria-lex.com\/fr\/vive-experiencias-en-denia\/"},"wordCount":4082,"publisher":{"@id":"https:\/\/inmobiliaria-lex.com\/fr\/#organization"},"image":{"@id":"https:\/\/inmobiliaria-lex.com\/fr\/vive-experiencias-en-denia\/#primaryimage"},"thumbnailUrl":"https:\/\/inmobiliaria-lex.com\/wp-content\/uploads\/2022\/04\/Vive-experiencias-en-Denia-2022-1.jpg","keywords":["actividades denia","deportes nauticos","experiencias denia","Holidays Denia","que hacer en Denia","vacaciones denia","vacances Denia"],"articleSection":["Actualidad D\u00e9nia","Conocer D\u00e9nia","D\u00e9nia"],"inLanguage":"fr-FR"},{"@type":"WebPage","@id":"https:\/\/inmobiliaria-lex.com\/fr\/vive-experiencias-en-denia\/","url":"https:\/\/inmobiliaria-lex.com\/fr\/vive-experiencias-en-denia\/","name":"Vive experiencias en Denia | Agencia Inmobiliaria Lex D\u00e9nia","isPartOf":{"@id":"https:\/\/inmobiliaria-lex.com\/fr\/#website"},"primaryImageOfPage":{"@id":"https:\/\/inmobiliaria-lex.com\/fr\/vive-experiencias-en-denia\/#primaryimage"},"image":{"@id":"https:\/\/inmobiliaria-lex.com\/fr\/vive-experiencias-en-denia\/#primaryimage"},"thumbnailUrl":"https:\/\/inmobiliaria-lex.com\/wp-content\/uploads\/2022\/04\/Vive-experiencias-en-Denia-2022-1.jpg","datePublished":"2022-04-12T22:50:38+00:00","dateModified":"2023-04-01T07:44:58+00:00","description":"Vive nuevas experiencias en Denia y disfruta al m\u00e1ximo de tus vacaciones en la Costa Blanca. Actividades, conciertos, deportes acu\u00e1ticos...","breadcrumb":{"@id":"https:\/\/inmobiliaria-lex.com\/fr\/vive-experiencias-en-denia\/#breadcrumb"},"inLanguage":"fr-FR","potentialAction":[{"@type":"ReadAction","target":["https:\/\/inmobiliaria-lex.com\/fr\/vive-experiencias-en-denia\/"]}]},{"@type":"ImageObject","inLanguage":"fr-FR","@id":"https:\/\/inmobiliaria-lex.com\/fr\/vive-experiencias-en-denia\/#primaryimage","url":"https:\/\/inmobiliaria-lex.com\/wp-content\/uploads\/2022\/04\/Vive-experiencias-en-Denia-2022-1.jpg","contentUrl":"https:\/\/inmobiliaria-lex.com\/wp-content\/uploads\/2022\/04\/Vive-experiencias-en-Denia-2022-1.jpg","width":940,"height":726,"caption":"???????????????????????????????????????????????????????????????????????????"},{"@type":"BreadcrumbList","@id":"https:\/\/inmobiliaria-lex.com\/fr\/vive-experiencias-en-denia\/#breadcrumb","itemListElement":[{"@type":"ListItem","position":1,"name":"Portada","item":"https:\/\/inmobiliaria-lex.com\/fr\/home\/"},{"@type":"ListItem","position":2,"name":"Vive experiencias en Denia"}]},{"@type":"WebSite","@id":"https:\/\/inmobiliaria-lex.com\/fr\/#website","url":"https:\/\/inmobiliaria-lex.com\/fr\/","name":"Inmobiliaria Lex D\u00e9nia","description":"Inmobiliaria en D\u00e9nia","publisher":{"@id":"https:\/\/inmobiliaria-lex.com\/fr\/#organization"},"potentialAction":[{"@type":"SearchAction","target":{"@type":"EntryPoint","urlTemplate":"https:\/\/inmobiliaria-lex.com\/fr\/?s={search_term_string}"},"query-input":{"@type":"PropertyValueSpecification","valueRequired":true,"valueName":"search_term_string"}}],"inLanguage":"fr-FR"},{"@type":"Organization","@id":"https:\/\/inmobiliaria-lex.com\/fr\/#organization","name":"Agencia Inmobiliaria Lex. D\u00e9nia","url":"https:\/\/inmobiliaria-lex.com\/fr\/","logo":{"@type":"ImageObject","inLanguage":"fr-FR","@id":"https:\/\/inmobiliaria-lex.com\/fr\/#\/schema\/logo\/image\/","url":"https:\/\/inmobiliaria-lex.com\/wp-content\/uploads\/2020\/02\/inmobiliaria_lex_denia.png","contentUrl":"https:\/\/inmobiliaria-lex.com\/wp-content\/uploads\/2020\/02\/inmobiliaria_lex_denia.png","width":176,"height":111,"caption":"Agencia Inmobiliaria Lex. D\u00e9nia"},"image":{"@id":"https:\/\/inmobiliaria-lex.com\/fr\/#\/schema\/logo\/image\/"},"sameAs":["https:\/\/www.facebook.com\/LEXDENIA","https:\/\/www.instagram.com\/deniainmolex\/"]},{"@type":"Person","@id":"https:\/\/inmobiliaria-lex.com\/fr\/#\/schema\/person\/1aa994699b790066990c86d352ff8fec","name":"inmobiliaria lex denia","image":{"@type":"ImageObject","inLanguage":"fr-FR","@id":"https:\/\/inmobiliaria-lex.com\/fr\/#\/schema\/person\/image\/","url":"https:\/\/secure.gravatar.com\/avatar\/4843a7e97f3a2d82ecb361a9c26707d2e6c75f4002ff82a72ff5f4e5fef8ae3a?s=96&d=mm&r=g","contentUrl":"https:\/\/secure.gravatar.com\/avatar\/4843a7e97f3a2d82ecb361a9c26707d2e6c75f4002ff82a72ff5f4e5fef8ae3a?s=96&d=mm&r=g","caption":"inmobiliaria lex denia"}}]}},"_links":{"self":[{"href":"https:\/\/inmobiliaria-lex.com\/fr\/wp-json\/wp\/v2\/posts\/7060","targetHints":{"allow":["GET"]}}],"collection":[{"href":"https:\/\/inmobiliaria-lex.com\/fr\/wp-json\/wp\/v2\/posts"}],"about":[{"href":"https:\/\/inmobiliaria-lex.com\/fr\/wp-json\/wp\/v2\/types\/post"}],"author":[{"embeddable":true,"href":"https:\/\/inmobiliaria-lex.com\/fr\/wp-json\/wp\/v2\/users\/1"}],"replies":[{"embeddable":true,"href":"https:\/\/inmobiliaria-lex.com\/fr\/wp-json\/wp\/v2\/comments?post=7060"}],"version-history":[{"count":0,"href":"https:\/\/inmobiliaria-lex.com\/fr\/wp-json\/wp\/v2\/posts\/7060\/revisions"}],"wp:featuredmedia":[{"embeddable":true,"href":"https:\/\/inmobiliaria-lex.com\/fr\/wp-json\/wp\/v2\/media\/7591"}],"wp:attachment":[{"href":"https:\/\/inmobiliaria-lex.com\/fr\/wp-json\/wp\/v2\/media?parent=7060"}],"wp:term":[{"taxonomy":"category","embeddable":true,"href":"https:\/\/inmobiliaria-lex.com\/fr\/wp-json\/wp\/v2\/categories?post=7060"},{"taxonomy":"post_tag","embeddable":true,"href":"https:\/\/inmobiliaria-lex.com\/fr\/wp-json\/wp\/v2\/tags?post=7060"}],"curies":[{"name":"wp","href":"https:\/\/api.w.org\/{rel}","templated":true}]}}