{"id":7524,"date":"2022-10-12T13:05:03","date_gmt":"2022-10-12T13:05:03","guid":{"rendered":"https:\/\/inmobiliaria-lex.com\/?p=7524"},"modified":"2024-10-26T06:55:45","modified_gmt":"2024-10-26T06:55:45","slug":"arrendador-arrendatario","status":"publish","type":"post","link":"https:\/\/inmobiliaria-lex.com\/fr\/arrendador-arrendatario\/","title":{"rendered":"\u00bfArrendador o arrendatario?"},"content":{"rendered":"\n<p>Si has alquilado una vivienda o un local te habr\u00e1s encontrado con estos t\u00e9rminos, pues en todo contrato de alquiler debe haber al menos un arrendador y un arrendatario con derechos y obligaciones distintas.<\/p>\n\n\n\n<figure class=\"wp-block-image size-large\"><img loading=\"lazy\" decoding=\"async\" width=\"1024\" height=\"1024\" src=\"https:\/\/inmobiliaria-lex.com\/wp-content\/uploads\/2022\/10\/intervinientes-alquiler-1024x1024.jpg\" alt=\"arrendador o arrendatario\" class=\"wp-image-7525\" title=\"arrendador o arrendatario\" srcset=\"https:\/\/inmobiliaria-lex.com\/wp-content\/uploads\/2022\/10\/intervinientes-alquiler-1024x1024.jpg 1024w, https:\/\/inmobiliaria-lex.com\/wp-content\/uploads\/2022\/10\/intervinientes-alquiler-980x980.jpg 980w, https:\/\/inmobiliaria-lex.com\/wp-content\/uploads\/2022\/10\/intervinientes-alquiler-480x480.jpg 480w\" sizes=\"(min-width: 0px) and (max-width: 480px) 480px, (min-width: 481px) and (max-width: 980px) 980px, (min-width: 981px) 1024px, 100vw\" \/><figcaption class=\"wp-element-caption\">\u00bfEres Arrendador o Arrendatario?<\/figcaption><\/figure>\n\n\n\n<h2 class=\"wp-block-heading has-luminous-vivid-orange-color has-text-color\"><strong>\u00bfQu\u00e9 personas pueden intervenir en el contrato de arrendamiento?<\/strong><\/h2>\n\n\n\n<p>En un contrato de arrendamiento las figuras principales y necesarias son el arrendador y el arrendatario, pero no son las \u00fanicas.<\/p>\n\n\n\n<p>Adem\u00e1s pueden intervenir otras figuras como por ejemplo el avalista.<\/p>\n\n\n\n<p>Tanto el arrendador como el arrendatario pueden ser personas f\u00edsicas o jur\u00eddicas.<\/p>\n\n\n\n<p>Son personas jur\u00eddicas, por ejemplo, las sociedades an\u00f3nimas,  sociedades limitadas y las comunidades de bienes.<\/p>\n\n\n\n<h2 class=\"wp-block-heading has-luminous-vivid-orange-color has-text-color\"><strong><u>ARRENDADOR:<\/u><\/strong><\/h2>\n\n\n\n<p>Es el titular del derecho de uso y disfrute del inmueble, al que coloquialmente se le conoce como \u201cel casero\u201d<\/p>\n\n\n\n<p>El arrendador es el que cede la posesi\u00f3n de su inmueble al arrendatario a cambio del cobro de una renta.<\/p>\n\n\n\n<p>Debes tener en cuenta que el arrendador puede ser el propietario de la vivienda o el usufructuario (titular del derecho de uso).<\/p>\n\n\n\n<p>Es importante en que t\u00e9rmino firma el contrato el arrendador, pues los derechos del arrendatario se pueden ver limitados en caso de que sea usufructuario, sobre todo en la duraci\u00f3n del contrato.<\/p>\n\n\n\n<h2 class=\"wp-block-heading has-luminous-vivid-orange-color has-text-color\"><strong><u>ARRENDATARIO:<\/u><\/strong><\/h2>\n\n\n\n<p>Es quien va a utilizar el uso y disfrute del inmueble a cambio de pagar una renta al arrendador. Tambi\u00e9n es llamado \u201cinquilino\u201d.<\/p>\n\n\n\n<p>Al igual que el arrendador tiene sus derechos y sus obligaciones que explicaremos en detalle en pr\u00f3ximos art\u00edculos.<\/p>\n\n\n\n<p>En ocasiones el arrendador para garantizarse el cobro de los alquileres y el buen cumplimiento del contrato pide al arrendatario otros tipos de garant\u00edas tales como un aval bancario, un seguro de impago o bien un avalista.<\/p>\n\n\n\n<h2 class=\"wp-block-heading has-luminous-vivid-orange-color has-text-color\"><strong><u>AVALISTA:<\/u><\/strong><\/h2>\n\n\n\n<p>Es el conocido como fiador: Ser\u00e1 la persona f\u00edsica o jur\u00eddica que garantizar\u00e1 el buen cumplimiento de las obligaciones del contrato por parte del arrendatario.<\/p>\n\n\n\n<p>En el caso de que el arrendatario no cumpla con sus obligaciones, el arrendador podr\u00e1 exigir al avalista para que \u00e9ste las cumpla. &nbsp;Responde solidariamente ante cualquier impago de la renta, suministro, desperfecto de la vivienda, etc\u2026<\/p>\n\n\n\n<p>El aval finalizar\u00e1 cuando se extinga el contrato y hay que tener en cuenta que no finaliza con el fallecimiento del avalista.&nbsp; La obligaci\u00f3n del aval se transmite junto con los derechos y obligaciones a sus herederos.<\/p>\n\n\n\n<h2 class=\"wp-block-heading has-luminous-vivid-orange-color has-text-color\">\u00bfEres arrendador o arrendatario?<\/h2>\n\n\n\n<p>Si la respuesta es s\u00ed o est\u00e1s buscando un inmueble para alquilar <strong>cuenta con nosotros.<\/strong><\/p>\n\n\n\n<ul class=\"wp-block-list\">\n<li><strong>Si eres propietario<\/strong> te ayudamos a conseguir un buen arrendatario y nos tendr\u00e1s a tu lado en toda la duraci\u00f3n del contrato. Puedes contactar con nosotros a trav\u00e9s de nuestro formulario: <strong><a href=\"https:\/\/inmobiliaria-lex.com\/contacto\/\" target=\"_blank\" rel=\"noreferrer noopener\">Cont\u00e1ctanos.<\/a><\/strong><\/li>\n\n\n\n<li><strong>Si eres arrendatario<\/strong> y quieres alquilar una vivienda, una oficina o un local comercial ponte en contacto con nosotros.&nbsp; Nos encantar\u00e1 encontrar el hogar perfecto para ti.<\/li>\n<\/ul>\n\n\n\n<h3 class=\"wp-block-heading has-text-align-center has-luminous-vivid-orange-color has-text-color\"><strong>Desde 1965 en Inmobiliaria Lex nos dedicamos a la compra-venta y arrendamiento de inmuebles.<\/strong><\/h3>\n\n\n\n<ul class=\"wp-block-list\">\n<li>Si buscas <strong>vivienda de alquiler anual o de temporada de varios meses<\/strong>, pincha aqu\u00ed: &nbsp;<a href=\"https:\/\/inmobiliaria-lex.com\/alquiler-denia-anual\/alquiler-vivienda-denia-ondara-el-verger-pedreguer\/\" target=\"_blank\" rel=\"noreferrer noopener\"><strong>Alquiler vivienda<\/strong><\/a><\/li>\n\n\n\n<li>Para <strong>alquiler tur\u00edstico &#8211; vacacional<\/strong> pincha aqu\u00ed: <strong><a href=\"https:\/\/inmobiliaria-lex.com\/alquiler-vacaciones-denia\/\" target=\"_blank\" rel=\"noreferrer noopener\">Alquiler Vacacional<\/a><\/strong><\/li>\n\n\n\n<li>\u00bfNecesitas<strong> alquiler de Local Comercial u oficinas<\/strong>? <strong><a href=\"https:\/\/inmobiliaria-lex.com\/alquiler-denia-anual\/alquilar-oficina\/\" target=\"_blank\" rel=\"noreferrer noopener\">Alquiler Local u oficinas<\/a><\/strong><\/li>\n\n\n\n<li>\u00bfQuieres <strong>comprar una vivienda<\/strong>?:&nbsp; <strong><a href=\"https:\/\/inmobiliaria-lex.com\/comprar-propiedad-denia\/venta-vivienda-denia-ondara-pedreguer-el-verger\/\" target=\"_blank\" rel=\"noreferrer noopener\">Viviendas en Venta<\/a><\/strong><\/li>\n\n\n\n<li>\u00bfBuscas una<strong> oficina o local comercial en compra<\/strong>?: <strong><a href=\"https:\/\/inmobiliaria-lex.com\/comprar-propiedad-denia\/venta-local-comercial-denia\/\" target=\"_blank\" rel=\"noreferrer noopener\">Venta de oficina o Local comercial<\/a><\/strong><\/li>\n<\/ul>\n\n\n\n<p><\/p>\n","protected":false},"excerpt":{"rendered":"<p>Contrato de alquiler Lau: Arrendador o arrendatario<\/p>\n","protected":false},"author":1,"featured_media":7525,"comment_status":"closed","ping_status":"closed","sticky":false,"template":"","format":"standard","meta":{"_et_pb_use_builder":"","_et_pb_old_content":"","_et_gb_content_width":"","footnotes":""},"categories":[55,36,175],"tags":[417,418,366,60],"class_list":["post-7524","post","type-post","status-publish","format-standard","has-post-thumbnail","hentry","category-alquiler-vivienda-denia","category-alquiler-en-denia","category-blog-inmobiliario","tag-alquiller","tag-contrato-alquiler","tag-inmobiliaria","tag-location-denia"],"yoast_head":"<!-- This site is optimized with the Yoast SEO plugin v25.9 - https:\/\/yoast.com\/wordpress\/plugins\/seo\/ -->\n<title>\u00bfArrendador o arrendatario? | Agencia Inmobiliaria Lex D\u00e9nia<\/title>\n<meta name=\"description\" content=\"\u00bfEres arrendador o arrendatario? \u00bfHas firmado un contrato de alquiler? \u00bfQu\u00e9 figuras intervienen en el contrato de alquiler? Te lo explicamos\" \/>\n<meta name=\"robots\" content=\"index, follow, max-snippet:-1, max-image-preview:large, max-video-preview:-1\" \/>\n<link rel=\"canonical\" href=\"https:\/\/inmobiliaria-lex.com\/fr\/arrendador-arrendatario\/\" \/>\n<meta property=\"og:locale\" content=\"fr_FR\" \/>\n<meta property=\"og:type\" content=\"article\" \/>\n<meta property=\"og:title\" content=\"\u00bfArrendador o arrendatario? | Agencia Inmobiliaria Lex D\u00e9nia\" \/>\n<meta property=\"og:description\" content=\"\u00bfEres arrendador o arrendatario? \u00bfHas firmado un contrato de alquiler? \u00bfQu\u00e9 figuras intervienen en el contrato de alquiler? Te lo explicamos\" \/>\n<meta property=\"og:url\" content=\"https:\/\/inmobiliaria-lex.com\/fr\/arrendador-arrendatario\/\" \/>\n<meta property=\"og:site_name\" content=\"Agencia Inmobiliaria Lex D\u00e9nia\" \/>\n<meta property=\"article:publisher\" content=\"https:\/\/www.facebook.com\/LEXDENIA\" \/>\n<meta property=\"article:published_time\" content=\"2022-10-12T13:05:03+00:00\" \/>\n<meta property=\"article:modified_time\" content=\"2024-10-26T06:55:45+00:00\" \/>\n<meta property=\"og:image\" content=\"https:\/\/inmobiliaria-lex.com\/wp-content\/uploads\/2022\/10\/intervinientes-alquiler.jpg\" \/>\n\t<meta property=\"og:image:width\" content=\"1080\" \/>\n\t<meta property=\"og:image:height\" content=\"1080\" \/>\n\t<meta property=\"og:image:type\" content=\"image\/jpeg\" \/>\n<meta name=\"author\" content=\"inmobiliaria lex denia\" \/>\n<meta name=\"twitter:card\" content=\"summary_large_image\" \/>\n<meta name=\"twitter:label1\" content=\"\u00c9crit par\" \/>\n\t<meta name=\"twitter:data1\" content=\"inmobiliaria lex denia\" \/>\n\t<meta name=\"twitter:label2\" content=\"Dur\u00e9e de lecture estim\u00e9e\" \/>\n\t<meta name=\"twitter:data2\" content=\"3 minutes\" \/>\n<script type=\"application\/ld+json\" class=\"yoast-schema-graph\">{\"@context\":\"https:\/\/schema.org\",\"@graph\":[{\"@type\":\"Article\",\"@id\":\"https:\/\/inmobiliaria-lex.com\/fr\/arrendador-arrendatario\/#article\",\"isPartOf\":{\"@id\":\"https:\/\/inmobiliaria-lex.com\/fr\/arrendador-arrendatario\/\"},\"author\":{\"name\":\"inmobiliaria lex denia\",\"@id\":\"https:\/\/inmobiliaria-lex.com\/fr\/#\/schema\/person\/1aa994699b790066990c86d352ff8fec\"},\"headline\":\"\u00bfArrendador o arrendatario?\",\"datePublished\":\"2022-10-12T13:05:03+00:00\",\"dateModified\":\"2024-10-26T06:55:45+00:00\",\"mainEntityOfPage\":{\"@id\":\"https:\/\/inmobiliaria-lex.com\/fr\/arrendador-arrendatario\/\"},\"wordCount\":558,\"publisher\":{\"@id\":\"https:\/\/inmobiliaria-lex.com\/fr\/#organization\"},\"image\":{\"@id\":\"https:\/\/inmobiliaria-lex.com\/fr\/arrendador-arrendatario\/#primaryimage\"},\"thumbnailUrl\":\"https:\/\/inmobiliaria-lex.com\/wp-content\/uploads\/2022\/10\/intervinientes-alquiler.jpg\",\"keywords\":[\"alquiller\",\"contrato alquiler\",\"inmobiliaria\",\"location Denia\"],\"articleSection\":[\"Alquilar vivienda\",\"Alquiler en Denia\",\"Blog inmobiliario\"],\"inLanguage\":\"fr-FR\"},{\"@type\":\"WebPage\",\"@id\":\"https:\/\/inmobiliaria-lex.com\/fr\/arrendador-arrendatario\/\",\"url\":\"https:\/\/inmobiliaria-lex.com\/fr\/arrendador-arrendatario\/\",\"name\":\"\u00bfArrendador o arrendatario? | Agencia Inmobiliaria Lex D\u00e9nia\",\"isPartOf\":{\"@id\":\"https:\/\/inmobiliaria-lex.com\/fr\/#website\"},\"primaryImageOfPage\":{\"@id\":\"https:\/\/inmobiliaria-lex.com\/fr\/arrendador-arrendatario\/#primaryimage\"},\"image\":{\"@id\":\"https:\/\/inmobiliaria-lex.com\/fr\/arrendador-arrendatario\/#primaryimage\"},\"thumbnailUrl\":\"https:\/\/inmobiliaria-lex.com\/wp-content\/uploads\/2022\/10\/intervinientes-alquiler.jpg\",\"datePublished\":\"2022-10-12T13:05:03+00:00\",\"dateModified\":\"2024-10-26T06:55:45+00:00\",\"description\":\"\u00bfEres arrendador o arrendatario? \u00bfHas firmado un contrato de alquiler? \u00bfQu\u00e9 figuras intervienen en el contrato de alquiler? Te lo explicamos\",\"breadcrumb\":{\"@id\":\"https:\/\/inmobiliaria-lex.com\/fr\/arrendador-arrendatario\/#breadcrumb\"},\"inLanguage\":\"fr-FR\",\"potentialAction\":[{\"@type\":\"ReadAction\",\"target\":[\"https:\/\/inmobiliaria-lex.com\/fr\/arrendador-arrendatario\/\"]}]},{\"@type\":\"ImageObject\",\"inLanguage\":\"fr-FR\",\"@id\":\"https:\/\/inmobiliaria-lex.com\/fr\/arrendador-arrendatario\/#primaryimage\",\"url\":\"https:\/\/inmobiliaria-lex.com\/wp-content\/uploads\/2022\/10\/intervinientes-alquiler.jpg\",\"contentUrl\":\"https:\/\/inmobiliaria-lex.com\/wp-content\/uploads\/2022\/10\/intervinientes-alquiler.jpg\",\"width\":1080,\"height\":1080,\"caption\":\"arrendador o arrendatario\"},{\"@type\":\"BreadcrumbList\",\"@id\":\"https:\/\/inmobiliaria-lex.com\/fr\/arrendador-arrendatario\/#breadcrumb\",\"itemListElement\":[{\"@type\":\"ListItem\",\"position\":1,\"name\":\"Portada\",\"item\":\"https:\/\/inmobiliaria-lex.com\/fr\/home\/\"},{\"@type\":\"ListItem\",\"position\":2,\"name\":\"\u00bfArrendador o arrendatario?\"}]},{\"@type\":\"WebSite\",\"@id\":\"https:\/\/inmobiliaria-lex.com\/fr\/#website\",\"url\":\"https:\/\/inmobiliaria-lex.com\/fr\/\",\"name\":\"Inmobiliaria Lex D\u00e9nia\",\"description\":\"Inmobiliaria en D\u00e9nia\",\"publisher\":{\"@id\":\"https:\/\/inmobiliaria-lex.com\/fr\/#organization\"},\"potentialAction\":[{\"@type\":\"SearchAction\",\"target\":{\"@type\":\"EntryPoint\",\"urlTemplate\":\"https:\/\/inmobiliaria-lex.com\/fr\/?s={search_term_string}\"},\"query-input\":{\"@type\":\"PropertyValueSpecification\",\"valueRequired\":true,\"valueName\":\"search_term_string\"}}],\"inLanguage\":\"fr-FR\"},{\"@type\":\"Organization\",\"@id\":\"https:\/\/inmobiliaria-lex.com\/fr\/#organization\",\"name\":\"Agencia Inmobiliaria Lex. D\u00e9nia\",\"url\":\"https:\/\/inmobiliaria-lex.com\/fr\/\",\"logo\":{\"@type\":\"ImageObject\",\"inLanguage\":\"fr-FR\",\"@id\":\"https:\/\/inmobiliaria-lex.com\/fr\/#\/schema\/logo\/image\/\",\"url\":\"https:\/\/inmobiliaria-lex.com\/wp-content\/uploads\/2020\/02\/inmobiliaria_lex_denia.png\",\"contentUrl\":\"https:\/\/inmobiliaria-lex.com\/wp-content\/uploads\/2020\/02\/inmobiliaria_lex_denia.png\",\"width\":176,\"height\":111,\"caption\":\"Agencia Inmobiliaria Lex. D\u00e9nia\"},\"image\":{\"@id\":\"https:\/\/inmobiliaria-lex.com\/fr\/#\/schema\/logo\/image\/\"},\"sameAs\":[\"https:\/\/www.facebook.com\/LEXDENIA\",\"https:\/\/www.instagram.com\/deniainmolex\/\"]},{\"@type\":\"Person\",\"@id\":\"https:\/\/inmobiliaria-lex.com\/fr\/#\/schema\/person\/1aa994699b790066990c86d352ff8fec\",\"name\":\"inmobiliaria lex denia\",\"image\":{\"@type\":\"ImageObject\",\"inLanguage\":\"fr-FR\",\"@id\":\"https:\/\/inmobiliaria-lex.com\/fr\/#\/schema\/person\/image\/\",\"url\":\"https:\/\/secure.gravatar.com\/avatar\/4843a7e97f3a2d82ecb361a9c26707d2e6c75f4002ff82a72ff5f4e5fef8ae3a?s=96&d=mm&r=g\",\"contentUrl\":\"https:\/\/secure.gravatar.com\/avatar\/4843a7e97f3a2d82ecb361a9c26707d2e6c75f4002ff82a72ff5f4e5fef8ae3a?s=96&d=mm&r=g\",\"caption\":\"inmobiliaria lex denia\"}}]}<\/script>\n<!-- \/ Yoast SEO plugin. -->","yoast_head_json":{"title":"\u00bfArrendador o arrendatario? | Agencia Inmobiliaria Lex D\u00e9nia","description":"\u00bfEres arrendador o arrendatario? \u00bfHas firmado un contrato de alquiler? \u00bfQu\u00e9 figuras intervienen en el contrato de alquiler? Te lo explicamos","robots":{"index":"index","follow":"follow","max-snippet":"max-snippet:-1","max-image-preview":"max-image-preview:large","max-video-preview":"max-video-preview:-1"},"canonical":"https:\/\/inmobiliaria-lex.com\/fr\/arrendador-arrendatario\/","og_locale":"fr_FR","og_type":"article","og_title":"\u00bfArrendador o arrendatario? | Agencia Inmobiliaria Lex D\u00e9nia","og_description":"\u00bfEres arrendador o arrendatario? \u00bfHas firmado un contrato de alquiler? \u00bfQu\u00e9 figuras intervienen en el contrato de alquiler? Te lo explicamos","og_url":"https:\/\/inmobiliaria-lex.com\/fr\/arrendador-arrendatario\/","og_site_name":"Agencia Inmobiliaria Lex D\u00e9nia","article_publisher":"https:\/\/www.facebook.com\/LEXDENIA","article_published_time":"2022-10-12T13:05:03+00:00","article_modified_time":"2024-10-26T06:55:45+00:00","og_image":[{"width":1080,"height":1080,"url":"https:\/\/inmobiliaria-lex.com\/wp-content\/uploads\/2022\/10\/intervinientes-alquiler.jpg","type":"image\/jpeg"}],"author":"inmobiliaria lex denia","twitter_card":"summary_large_image","twitter_misc":{"\u00c9crit par":"inmobiliaria lex denia","Dur\u00e9e de lecture estim\u00e9e":"3 minutes"},"schema":{"@context":"https:\/\/schema.org","@graph":[{"@type":"Article","@id":"https:\/\/inmobiliaria-lex.com\/fr\/arrendador-arrendatario\/#article","isPartOf":{"@id":"https:\/\/inmobiliaria-lex.com\/fr\/arrendador-arrendatario\/"},"author":{"name":"inmobiliaria lex denia","@id":"https:\/\/inmobiliaria-lex.com\/fr\/#\/schema\/person\/1aa994699b790066990c86d352ff8fec"},"headline":"\u00bfArrendador o arrendatario?","datePublished":"2022-10-12T13:05:03+00:00","dateModified":"2024-10-26T06:55:45+00:00","mainEntityOfPage":{"@id":"https:\/\/inmobiliaria-lex.com\/fr\/arrendador-arrendatario\/"},"wordCount":558,"publisher":{"@id":"https:\/\/inmobiliaria-lex.com\/fr\/#organization"},"image":{"@id":"https:\/\/inmobiliaria-lex.com\/fr\/arrendador-arrendatario\/#primaryimage"},"thumbnailUrl":"https:\/\/inmobiliaria-lex.com\/wp-content\/uploads\/2022\/10\/intervinientes-alquiler.jpg","keywords":["alquiller","contrato alquiler","inmobiliaria","location Denia"],"articleSection":["Alquilar vivienda","Alquiler en Denia","Blog inmobiliario"],"inLanguage":"fr-FR"},{"@type":"WebPage","@id":"https:\/\/inmobiliaria-lex.com\/fr\/arrendador-arrendatario\/","url":"https:\/\/inmobiliaria-lex.com\/fr\/arrendador-arrendatario\/","name":"\u00bfArrendador o arrendatario? | Agencia Inmobiliaria Lex D\u00e9nia","isPartOf":{"@id":"https:\/\/inmobiliaria-lex.com\/fr\/#website"},"primaryImageOfPage":{"@id":"https:\/\/inmobiliaria-lex.com\/fr\/arrendador-arrendatario\/#primaryimage"},"image":{"@id":"https:\/\/inmobiliaria-lex.com\/fr\/arrendador-arrendatario\/#primaryimage"},"thumbnailUrl":"https:\/\/inmobiliaria-lex.com\/wp-content\/uploads\/2022\/10\/intervinientes-alquiler.jpg","datePublished":"2022-10-12T13:05:03+00:00","dateModified":"2024-10-26T06:55:45+00:00","description":"\u00bfEres arrendador o arrendatario? \u00bfHas firmado un contrato de alquiler? \u00bfQu\u00e9 figuras intervienen en el contrato de alquiler? Te lo explicamos","breadcrumb":{"@id":"https:\/\/inmobiliaria-lex.com\/fr\/arrendador-arrendatario\/#breadcrumb"},"inLanguage":"fr-FR","potentialAction":[{"@type":"ReadAction","target":["https:\/\/inmobiliaria-lex.com\/fr\/arrendador-arrendatario\/"]}]},{"@type":"ImageObject","inLanguage":"fr-FR","@id":"https:\/\/inmobiliaria-lex.com\/fr\/arrendador-arrendatario\/#primaryimage","url":"https:\/\/inmobiliaria-lex.com\/wp-content\/uploads\/2022\/10\/intervinientes-alquiler.jpg","contentUrl":"https:\/\/inmobiliaria-lex.com\/wp-content\/uploads\/2022\/10\/intervinientes-alquiler.jpg","width":1080,"height":1080,"caption":"arrendador o arrendatario"},{"@type":"BreadcrumbList","@id":"https:\/\/inmobiliaria-lex.com\/fr\/arrendador-arrendatario\/#breadcrumb","itemListElement":[{"@type":"ListItem","position":1,"name":"Portada","item":"https:\/\/inmobiliaria-lex.com\/fr\/home\/"},{"@type":"ListItem","position":2,"name":"\u00bfArrendador o arrendatario?"}]},{"@type":"WebSite","@id":"https:\/\/inmobiliaria-lex.com\/fr\/#website","url":"https:\/\/inmobiliaria-lex.com\/fr\/","name":"Inmobiliaria Lex D\u00e9nia","description":"Inmobiliaria en D\u00e9nia","publisher":{"@id":"https:\/\/inmobiliaria-lex.com\/fr\/#organization"},"potentialAction":[{"@type":"SearchAction","target":{"@type":"EntryPoint","urlTemplate":"https:\/\/inmobiliaria-lex.com\/fr\/?s={search_term_string}"},"query-input":{"@type":"PropertyValueSpecification","valueRequired":true,"valueName":"search_term_string"}}],"inLanguage":"fr-FR"},{"@type":"Organization","@id":"https:\/\/inmobiliaria-lex.com\/fr\/#organization","name":"Agencia Inmobiliaria Lex. D\u00e9nia","url":"https:\/\/inmobiliaria-lex.com\/fr\/","logo":{"@type":"ImageObject","inLanguage":"fr-FR","@id":"https:\/\/inmobiliaria-lex.com\/fr\/#\/schema\/logo\/image\/","url":"https:\/\/inmobiliaria-lex.com\/wp-content\/uploads\/2020\/02\/inmobiliaria_lex_denia.png","contentUrl":"https:\/\/inmobiliaria-lex.com\/wp-content\/uploads\/2020\/02\/inmobiliaria_lex_denia.png","width":176,"height":111,"caption":"Agencia Inmobiliaria Lex. D\u00e9nia"},"image":{"@id":"https:\/\/inmobiliaria-lex.com\/fr\/#\/schema\/logo\/image\/"},"sameAs":["https:\/\/www.facebook.com\/LEXDENIA","https:\/\/www.instagram.com\/deniainmolex\/"]},{"@type":"Person","@id":"https:\/\/inmobiliaria-lex.com\/fr\/#\/schema\/person\/1aa994699b790066990c86d352ff8fec","name":"inmobiliaria lex denia","image":{"@type":"ImageObject","inLanguage":"fr-FR","@id":"https:\/\/inmobiliaria-lex.com\/fr\/#\/schema\/person\/image\/","url":"https:\/\/secure.gravatar.com\/avatar\/4843a7e97f3a2d82ecb361a9c26707d2e6c75f4002ff82a72ff5f4e5fef8ae3a?s=96&d=mm&r=g","contentUrl":"https:\/\/secure.gravatar.com\/avatar\/4843a7e97f3a2d82ecb361a9c26707d2e6c75f4002ff82a72ff5f4e5fef8ae3a?s=96&d=mm&r=g","caption":"inmobiliaria lex denia"}}]}},"_links":{"self":[{"href":"https:\/\/inmobiliaria-lex.com\/fr\/wp-json\/wp\/v2\/posts\/7524","targetHints":{"allow":["GET"]}}],"collection":[{"href":"https:\/\/inmobiliaria-lex.com\/fr\/wp-json\/wp\/v2\/posts"}],"about":[{"href":"https:\/\/inmobiliaria-lex.com\/fr\/wp-json\/wp\/v2\/types\/post"}],"author":[{"embeddable":true,"href":"https:\/\/inmobiliaria-lex.com\/fr\/wp-json\/wp\/v2\/users\/1"}],"replies":[{"embeddable":true,"href":"https:\/\/inmobiliaria-lex.com\/fr\/wp-json\/wp\/v2\/comments?post=7524"}],"version-history":[{"count":0,"href":"https:\/\/inmobiliaria-lex.com\/fr\/wp-json\/wp\/v2\/posts\/7524\/revisions"}],"wp:featuredmedia":[{"embeddable":true,"href":"https:\/\/inmobiliaria-lex.com\/fr\/wp-json\/wp\/v2\/media\/7525"}],"wp:attachment":[{"href":"https:\/\/inmobiliaria-lex.com\/fr\/wp-json\/wp\/v2\/media?parent=7524"}],"wp:term":[{"taxonomy":"category","embeddable":true,"href":"https:\/\/inmobiliaria-lex.com\/fr\/wp-json\/wp\/v2\/categories?post=7524"},{"taxonomy":"post_tag","embeddable":true,"href":"https:\/\/inmobiliaria-lex.com\/fr\/wp-json\/wp\/v2\/tags?post=7524"}],"curies":[{"name":"wp","href":"https:\/\/api.w.org\/{rel}","templated":true}]}}