{"id":9604,"date":"2024-09-21T17:45:54","date_gmt":"2024-09-21T17:45:54","guid":{"rendered":"https:\/\/inmobiliaria-lex.com\/?p=9604"},"modified":"2025-04-12T07:52:52","modified_gmt":"2025-04-12T07:52:52","slug":"ayudas-alquiler-vivienda-2024","status":"publish","type":"post","link":"https:\/\/inmobiliaria-lex.com\/fr\/ayudas-alquiler-vivienda-2024\/","title":{"rendered":"AYUDAS ALQUILER DE VIVIENDA EN LA GVA"},"content":{"rendered":"\n<p>Desde Inmobiliaria Lex te informamos de las ayudas al alquiler de vivienda en la Generalitat Valenciana.<\/p>\n\n\n\n<p>\u00bfEres inquilino y quieres pedir la ayuda al alquiler de tu vivienda permanente?  Descubre si reunes los requisitos.<\/p>\n\n\n\n<figure class=\"wp-block-image aligncenter size-full\"><img loading=\"lazy\" decoding=\"async\" width=\"940\" height=\"788\" src=\"https:\/\/inmobiliaria-lex.com\/wp-content\/uploads\/2024\/09\/ayudas-alquiler-vivienda-2024.jpg\" alt=\"Ayudas Alquiler Vivienda GVA 2024\" class=\"wp-image-9609\" srcset=\"https:\/\/inmobiliaria-lex.com\/wp-content\/uploads\/2024\/09\/ayudas-alquiler-vivienda-2024.jpg 940w, https:\/\/inmobiliaria-lex.com\/wp-content\/uploads\/2024\/09\/ayudas-alquiler-vivienda-2024-480x402.jpg 480w\" sizes=\"(min-width: 0px) and (max-width: 480px) 480px, (min-width: 481px) 940px, 100vw\" \/><\/figure>\n\n\n\n<h2 class=\"wp-block-heading has-luminous-vivid-orange-color has-text-color\">\u00bfCu\u00e1ndo se puede solicitar la ayuda al alquiler?<\/h2>\n\n\n\n<p>El plazo para la presentaci\u00f3n de solicitudes&nbsp;<strong>a partir del d\u00eda siguiente al de la publicaci\u00f3n de la convocatoria en el Diario Oficial de la Generalitat Valenciana y permanecer\u00e1 abierto con car\u00e1cter continuado y permanente hasta el 4 de octubre de 2024<\/strong>.<\/p>\n\n\n\n<h2 class=\"wp-block-heading has-luminous-vivid-orange-color has-text-color\">\u00bfCu\u00e1l es el importe de la ayuda?<\/h2>\n\n\n\n<h3 class=\"wp-block-heading\">La ayuda puede alcanzar el 50% del importe del alquiler. <\/h3>\n\n\n\n<p>Para cada solicitante, seg\u00fan el nivel de ingresos, la ayuda puede ser del 40, 45 o 50%.<\/p>\n\n\n\n<h2 class=\"wp-block-heading has-luminous-vivid-orange-color has-text-color\">\u00bfPara qui\u00e9n y para qu\u00e9 son estas ayudas?<\/h2>\n\n\n\n<p>Estas ayudas van destinadas a personas f\u00edsicas con escasos medios econ\u00f3micos. Se subvencionan los gastos de alquiler o cesi\u00f3n de la vivienda o habitaci\u00f3n&nbsp;<strong>del 1 de enero al 31 de diciembre 2024<\/strong>.<\/p>\n\n\n\n<h2 class=\"wp-block-heading has-luminous-vivid-orange-color has-text-color\">\u00bfQui\u00e9n puede solicitar la ayuda?<\/h2>\n\n\n\n<p>Cualquier persona f\u00edsica que re\u00fana los requisitos establecidos en las bases reguladoras de la subvenci\u00f3n.<\/p>\n\n\n\n<h2 class=\"wp-block-heading has-luminous-vivid-orange-color has-text-color\">\u00bfQu\u00e9 requisitos se deben cumplir?<\/h2>\n\n\n\n<ol class=\"wp-block-list\">\n<li>Ser mayor de edad<\/li>\n\n\n\n<li>Poseer la nacionalidad espa\u00f1ola, o contar con autorizaci\u00f3n de estancia o residencia legal en Espa\u00f1a y NIE en vigor.<\/li>\n\n\n\n<li>Ser titular de un contrato de arrendamiento (o cesi\u00f3n) de vivienda formalizado en los t\u00e9rminos de la Ley de Arrendamientos Urbanos. Tambi\u00e9n puede ser un contrato de arrendamiento de habitaci\u00f3n. El contrato deber\u00e1 tener una duraci\u00f3n m\u00ednima de un a\u00f1o.<\/li>\n\n\n\n<li>La vivienda o habitaci\u00f3n debe constituir la residencia habitual y permanente de la unidad de convivencia, por lo que las personas que la integran deber\u00e1n encontrarse empadronadas en la vivienda con anterioridad al momento de solicitar la ayuda.&nbsp;La acreditaci\u00f3n de la composici\u00f3n de la unidad de convivencia y la concurrencia de esta circunstancia&nbsp;<strong>se comprobar\u00e1 telem\u00e1ticamente por la administraci\u00f3n p\u00fablica<\/strong>&nbsp;a trav\u00e9s de las plataformas de interoperabilidad administrativa, por lo que&nbsp;<strong>NO ser\u00e1 necesario que el solicitante aporte documentaci\u00f3n acreditativa<\/strong>&nbsp;de ello<\/li>\n\n\n\n<li>El nivel de ingresos, suma total de la renta anual de las personas que tengan su domicilio habitual y permanente en la vivienda, debe ser inferior a 3 veces el IPREM (25.200\u20ac). Para familias numerosas o familias donde haya personas con discapacidad este l\u00edmite puede se de 4 o 5 veces el IPREM (33.600 o 42.000\u20ac) seg\u00fan casos.<\/li>\n\n\n\n<li>Que los ingresos de la unidad de convivencia alcancen en conjunto el m\u00ednimo de 0,3 IPREM (2.520 \u20ac anuales).<\/li>\n\n\n\n<li>La renta de la vivienda o la habitaci\u00f3n arrendada o cedida ha de ser igual o inferior a los l\u00edmites indicados para cada \u00e1mbito territorial. Para esta convocatoria, los l\u00edmites se han incrementado conforme al siguiente cuadro:<\/li>\n<\/ol>\n\n\n\n<figure class=\"wp-block-gallery has-nested-images columns-default is-cropped wp-block-gallery-1 is-layout-flex wp-block-gallery-is-layout-flex\">\n<figure class=\"wp-block-image size-large\"><img loading=\"lazy\" decoding=\"async\" width=\"963\" height=\"452\" data-id=\"9605\" src=\"https:\/\/inmobiliaria-lex.com\/wp-content\/uploads\/2024\/09\/Cuadro-ATPMS-ALQVIV-24_1.png\" alt=\"\" class=\"wp-image-9605\" srcset=\"https:\/\/inmobiliaria-lex.com\/wp-content\/uploads\/2024\/09\/Cuadro-ATPMS-ALQVIV-24_1.png 963w, https:\/\/inmobiliaria-lex.com\/wp-content\/uploads\/2024\/09\/Cuadro-ATPMS-ALQVIV-24_1-480x225.png 480w\" sizes=\"(min-width: 0px) and (max-width: 480px) 480px, (min-width: 481px) 963px, 100vw\" \/><\/figure>\n<\/figure>\n\n\n\n<p><\/p>\n\n\n\n<h2 class=\"wp-block-heading has-luminous-vivid-orange-color has-text-color\">\u00bfEn qu\u00e9 casos no se podr\u00e1 ser beneficiario de estas ayudas?<\/h2>\n\n\n\n<p>No podr\u00e1 concederse la ayuda cuando la persona solicitante o alguna de las que tengan su domicilio habitual y permanente en la vivienda arrendada o cedida (para el caso de habitaci\u00f3n solo la persona titular del contrato) se encuentre en alguna de las siguientes situaciones:<\/p>\n\n\n\n<ol class=\"wp-block-list\">\n<li>Ser propietaria o usufructuaria de alguna vivienda en Espa\u00f1a. Salvo las excepciones contempladas en las bases (titular de una parte de la vivienda que se ha obtenido por herencia, acreditaci\u00f3n de la no disponibilidad)<\/li>\n\n\n\n<li>Que cualquier persona que tenga su domicilio habitual y permanente en la vivienda arrendada tenga parentesco en 1\u00ba o 2\u00ba grado con la parte arrendadora o sea socia o part\u00edcipe de la empresa arrendadora.<\/li>\n\n\n\n<li>La vivienda arrendada forma parte del patrimonio p\u00fablico de vivienda de cualquier administraci\u00f3n p\u00fablica (EVha, ayuntamientos\u2026)<\/li>\n<\/ol>\n\n\n\n<h2 class=\"wp-block-heading has-luminous-vivid-orange-color has-text-color\">Grupos de especial atenci\u00f3n<\/h2>\n\n\n\n<p>Gozar\u00e1n de prioridad para acceder a las ayudas la persona solicitante que se encuentre en alguna de las siguientes circunstancias:<\/p>\n\n\n\n<ul class=\"wp-block-list\">\n<li>a) Que haya sido afectada por procedimientos de desahucio, ejecuci\u00f3n hipotecaria o daci\u00f3n en pago de su vivienda habitual que hayan tenido lugar en los \u00faltimos cinco a\u00f1os.<\/li>\n\n\n\n<li>b) Que tenga la condici\u00f3n de familia monoparental con hijos seg\u00fan lo establecido en el Decreto 19\/2018, de 9 de marzo, del Consell, por el que se regula el reconocimiento de la condici\u00f3n de familia monoparental en la Comunitat Valenciana y cuyos ingresos no superen anualmente 1 IPREM.<\/li>\n\n\n\n<li>c) Que sea titular de familia numerosa.<\/li>\n\n\n\n<li>d) Que sea v\u00edctima de violencia de g\u00e9nero acreditada<\/li>\n\n\n\n<li>e) Que sea v\u00edctima del terrorismo<\/li>\n\n\n\n<li>f) Que forme parte de unidades de convivencia donde se incluya alguna persona con diversidad funcional, sensorial o cognitiva, con un grado de discapacidad declarado igual o superior al 33 por 100.<\/li>\n\n\n\n<li>g) Que se haya visto afectada por situaciones catastr\u00f3ficas declaradas en la Comunitat Valenciana en los \u00faltimos cinco a\u00f1os.<\/li>\n\n\n\n<li>h) Persona joven extutelada procedente del sistema p\u00fablico de protecci\u00f3n de la infancia y la adolescencia, siempre dentro de los 5 a\u00f1os siguientes a la mayor\u00eda de edad.<\/li>\n\n\n\n<li>i) Persona exconvicta que hubiera salido de prisi\u00f3n dentro de los cinco a\u00f1os anteriores a la fecha de solicitud de la ayuda.<\/li>\n\n\n\n<li>j) Persona que asuma acogimiento familiar permanente de menor.<\/li>\n\n\n\n<li>k) Persona mayor de 65 a\u00f1os que viva sola, cuyos ingresos anuales no superen 1 IPREM.<\/li>\n<\/ul>\n\n\n\n<h2 class=\"wp-block-heading has-luminous-vivid-orange-color has-text-color\">A los efectos de estas ayudas, \u00bfQu\u00e9 se considera unidad de convivencia?<\/h2>\n\n\n\n<p><strong>La administraci\u00f3n comprobar\u00e1 la unidad de convivencia de manera autom\u00e1tica<\/strong>. Si se presenta oposici\u00f3n a la consulta de datos, se deber\u00e1 aportar el certificado colectivo o volante \u00fanico de empadronamiento que acredite, a fecha de solicitud, las personas que tienen su domicilio habitual y permanente en la vivienda o habitaci\u00f3n.<\/p>\n\n\n\n<h2 class=\"wp-block-heading has-luminous-vivid-orange-color has-text-color\">\u00bfSe puede presentar m\u00e1s de 1 solicitud por vivienda o habitaci\u00f3n?<\/h2>\n\n\n\n<p>No, s\u00f3lo se podr\u00e1 presentar 1 solicitud por vivienda o habitaci\u00f3n, por lo que, si se detecta la presentaci\u00f3n de varias solicitudes para una misma vivienda o habitaci\u00f3n, se anular\u00e1n de oficio las solicitudes duplicadas, manteni\u00e9ndose como \u00fanica solicitud la presentada en \u00faltimo lugar.<\/p>\n\n\n\n<h2 class=\"wp-block-heading has-luminous-vivid-orange-color has-text-color\">\u00bfQu\u00e9 documentaci\u00f3n debo presentar?<\/h2>\n\n\n\n<p>Junto con la solicitud, se aportar\u00e1 adem\u00e1s:<\/p>\n\n\n\n<p>a) Copia completa del contrato de arrendamiento o de cesi\u00f3n de uso de la vivienda o habitaci\u00f3n. Debe hacer menci\u00f3n expresa del importe del alquiler o del precio de cesi\u00f3n, debe estar firmado por las dos partes (arrendadora y arrendataria) en todas sus p\u00e1ginas. Asimismo, se aportar\u00e1 la referencia catastral de la vivienda individualizada. En caso de existir m\u00e1s de un contrato consecutivo en el per\u00edodo subvencionable, se aportar\u00e1n todos ellos.<\/p>\n\n\n\n<p>b) Documentaci\u00f3n acreditativa del pago de la renta, de las mensualidades abonadas a partir del uno de enero de 2024 hasta la fecha de solicitud, salvo que el contrato se inicie posteriormente. Para que sean v\u00e1lidos, los recibos deben acreditar la&nbsp;<strong>TRANSFERENCIA BANCARIA O PAGO DOMICILIADO<\/strong>. La presentaci\u00f3n de estos justificantes de pago junto con la solicitud es obligatoria y su incumplimiento determinar\u00e1 la desestimaci\u00f3n de la solicitud de ayuda.<\/p>\n\n\n\n<p>c) Circunstancias de especial atenci\u00f3n: Muchas de ellas pueden ser comprobadas de oficio por la administraci\u00f3n. No obstante, en los casos se\u00f1alados a continuaci\u00f3n, o en caso de oponerse a la consulta, &nbsp;se deber\u00e1 acompa\u00f1ar la documentaci\u00f3n acreditativa:<\/p>\n\n\n\n<p>\u2022 Procedimientos de desahucio, ejecuci\u00f3n hipotecaria o daci\u00f3n en pago (\u00faltimos 5 a\u00f1os)<\/p>\n\n\n\n<p>\u2022&nbsp; V\u00edctimas de violencia de g\u00e9nero acreditada<\/p>\n\n\n\n<p>\u2022&nbsp; Personas j\u00f3venes extuteladas procedentes del sistema p\u00fablico de protecci\u00f3n (\u00faltimos 5 a\u00f1os)<\/p>\n\n\n\n<p>\u2022&nbsp; Personas exconvictas que hubieran salido de prisi\u00f3n en los 5 \u00faltimos a\u00f1os<\/p>\n\n\n\n<p>\u2022&nbsp; Afectadas por situaciones catastr\u00f3ficas en la Comunitat Valenciana (\u00faltimos 5 a\u00f1os)<\/p>\n\n\n\n<p>\u2022&nbsp; Asume la patria potestad, tutela o acogimiento familiar permanente del menor.<\/p>\n\n\n\n<h2 class=\"wp-block-heading has-luminous-vivid-orange-color has-text-color\">\u00bfC\u00f3mo puedo solicitar la ayuda?<\/h2>\n\n\n\n<p>La solicitud y la documentaci\u00f3n anexa para la concesi\u00f3n de las ayudas se formalizar\u00e1 mediante formulario cumplimentado electr\u00f3nicamente. Estar\u00e1 disponible en la sede electr\u00f3nica de la Generalitat, portal gva.es, a trav\u00e9s del siguiente&nbsp;<a href=\"https:\/\/sede.gva.es\/es\/inicio\/procedimientos?id_proc=g97065\">enlace&nbsp;<\/a>en la forma y plazo que se establece en la convocatoria.<\/p>\n\n\n\n<h2 class=\"wp-block-heading has-luminous-vivid-orange-color has-text-color\">Video Tutorial <\/h2>\n\n\n\n<p>Accede al Video Tutorial desde este <a href=\"https:\/\/habitatge.gva.es\/va\/web\/vivienda-y-calidad-en-la-edificacion\/ajudes-al-lloguer-d-habitatge-2024\/informacio-divulgativa\" target=\"_blank\" rel=\"noreferrer noopener\">Enlace<\/a> para completar la solicitud de ayuda al Alquiler 2024<\/p>\n\n\n\n<h2 class=\"wp-block-heading has-luminous-vivid-orange-color has-text-color\">Resumen de las fases:<\/h2>\n\n\n\n<figure class=\"wp-block-image size-full\"><img loading=\"lazy\" decoding=\"async\" width=\"1024\" height=\"768\" src=\"https:\/\/inmobiliaria-lex.com\/wp-content\/uploads\/2024\/09\/Ayudas-alquiler-vivienda-Fases.jpg\" alt=\"\" class=\"wp-image-9613\" srcset=\"https:\/\/inmobiliaria-lex.com\/wp-content\/uploads\/2024\/09\/Ayudas-alquiler-vivienda-Fases.jpg 1024w, https:\/\/inmobiliaria-lex.com\/wp-content\/uploads\/2024\/09\/Ayudas-alquiler-vivienda-Fases-980x735.jpg 980w, https:\/\/inmobiliaria-lex.com\/wp-content\/uploads\/2024\/09\/Ayudas-alquiler-vivienda-Fases-480x360.jpg 480w\" sizes=\"(min-width: 0px) and (max-width: 480px) 480px, (min-width: 481px) and (max-width: 980px) 980px, (min-width: 981px) 1024px, 100vw\" \/><figcaption class=\"wp-element-caption\">Ayudas alquilr vivienda 2024 Gva<\/figcaption><\/figure>\n\n\n\n<h2 class=\"wp-block-heading has-luminous-vivid-orange-color has-text-color\">\u00bfQui\u00e9n me puede ayudar si tengo problemas con el tr\u00e1mite telem\u00e1tico?<\/h2>\n\n\n\n<p>Si tuviera problemas&nbsp;<strong>T\u00c9CNICOS<\/strong>&nbsp;con el tr\u00e1mite telem\u00e1tico, siga las instrucciones de este enlace.<\/p>\n\n\n\n<p><a href=\"https:\/\/sede.gva.es\/es\/formulari-problemes-tecnics\">Formulario problemas t\u00e9cnicos &#8211; Sede electronica &#8211; Generalitat Valenciana (gva.es)<\/a><\/p>\n\n\n\n<p><\/p>\n\n\n\n<h2 class=\"wp-block-heading has-luminous-vivid-orange-color has-text-color\">\u00bfC\u00f3mo puedo aportar la documentaci\u00f3n que me falte?<\/h2>\n\n\n\n<p>Una vez pasado el plazo de la solicitud, el 4 de octubre, se abrir\u00e1 un plazo de subsanaci\u00f3n de solicitudes en el que se podr\u00e1 aportar la documentaci\u00f3n que no hubiera sido aportada en el plazo de solicitud.<\/p>\n\n\n\n<p>Necesito aportar documentaci\u00f3n relativa a alg\u00fan cambio en mi solicitud, \u00bfc\u00f3mo la puedo aportar?<\/p>\n\n\n\n<p>Cualquier modificaci\u00f3n de las condiciones o requisitos que pudiera determinar la alteraci\u00f3n de las condiciones o requisitos de la solicitud debe ser comunicada en un plazo de 15 d\u00edas desde que tenga lugar el hecho causante. Se podr\u00e1 hacer mediante formulario telem\u00e1tico disponible a estos efectos en la sede.<\/p>\n\n\n\n<p><\/p>\n","protected":false},"excerpt":{"rendered":"<p>Desde Inmobiliaria Lex te informamos de las ayudas al alquiler de vivienda en la Generalitat Valenciana. \u00bfEres inquilino y quieres pedir la ayuda al alquiler de tu vivienda permanente? Descubre si reunes los requisitos. \u00bfCu\u00e1ndo se puede solicitar la ayuda al alquiler? El plazo para la presentaci\u00f3n de solicitudes&nbsp;a partir del d\u00eda siguiente al de [&hellip;]<\/p>\n","protected":false},"author":1,"featured_media":9609,"comment_status":"closed","ping_status":"closed","sticky":false,"template":"","format":"standard","meta":{"_et_pb_use_builder":"","_et_pb_old_content":"","_et_gb_content_width":"","footnotes":""},"categories":[55,36,175,38],"tags":[600,601,599,598,602,603,356,410],"class_list":["post-9604","post","type-post","status-publish","format-standard","has-post-thumbnail","hentry","category-alquiler-vivienda-denia","category-alquiler-en-denia","category-blog-inmobiliario","category-noticias-inmobiliarias","tag-alquiler-vivienda-denia","tag-ayudas-al-alquiler","tag-ayudas-alquiler","tag-ayudas-alquiler-vivienda-2024","tag-ayudas-alquiler-vivienda-denia","tag-ayudas-alquiler-vivienda-gva","tag-ayudas-gva","tag-bono-joven"],"yoast_head":"<!-- This site is optimized with the Yoast SEO plugin v25.9 - https:\/\/yoast.com\/wordpress\/plugins\/seo\/ -->\n<title>Ayudas Alquiler Vivienda 2024 GVA %<\/title>\n<meta name=\"description\" content=\"Desde Inmobiliaria Lex te informamos de las ayudas de alquiler vivienda en la Generalitat Valenciana. Tienes hasta el 4 de Octubre 2024\" \/>\n<meta name=\"robots\" content=\"index, follow, max-snippet:-1, max-image-preview:large, max-video-preview:-1\" \/>\n<link rel=\"canonical\" href=\"https:\/\/inmobiliaria-lex.com\/fr\/ayudas-alquiler-vivienda-2024\/\" \/>\n<meta property=\"og:locale\" content=\"fr_FR\" \/>\n<meta property=\"og:type\" content=\"article\" \/>\n<meta property=\"og:title\" content=\"Ayudas Alquiler Vivienda 2024 GVA %\" \/>\n<meta property=\"og:description\" content=\"Desde Inmobiliaria Lex te informamos de las ayudas de alquiler vivienda en la Generalitat Valenciana. Tienes hasta el 4 de Octubre 2024\" \/>\n<meta property=\"og:url\" content=\"https:\/\/inmobiliaria-lex.com\/fr\/ayudas-alquiler-vivienda-2024\/\" \/>\n<meta property=\"og:site_name\" content=\"Agencia Inmobiliaria Lex D\u00e9nia\" \/>\n<meta property=\"article:publisher\" content=\"https:\/\/www.facebook.com\/LEXDENIA\" \/>\n<meta property=\"article:published_time\" content=\"2024-09-21T17:45:54+00:00\" \/>\n<meta property=\"article:modified_time\" content=\"2025-04-12T07:52:52+00:00\" \/>\n<meta property=\"og:image\" content=\"https:\/\/inmobiliaria-lex.com\/wp-content\/uploads\/2024\/09\/ayudas-alquiler-vivienda-2024.jpg\" \/>\n\t<meta property=\"og:image:width\" content=\"940\" \/>\n\t<meta property=\"og:image:height\" content=\"788\" \/>\n\t<meta property=\"og:image:type\" content=\"image\/jpeg\" \/>\n<meta name=\"author\" content=\"inmobiliaria lex denia\" \/>\n<meta name=\"twitter:card\" content=\"summary_large_image\" \/>\n<meta name=\"twitter:label1\" content=\"\u00c9crit par\" \/>\n\t<meta name=\"twitter:data1\" content=\"inmobiliaria lex denia\" \/>\n\t<meta name=\"twitter:label2\" content=\"Dur\u00e9e de lecture estim\u00e9e\" \/>\n\t<meta name=\"twitter:data2\" content=\"8 minutes\" \/>\n<script type=\"application\/ld+json\" class=\"yoast-schema-graph\">{\"@context\":\"https:\/\/schema.org\",\"@graph\":[{\"@type\":\"Article\",\"@id\":\"https:\/\/inmobiliaria-lex.com\/fr\/ayudas-alquiler-vivienda-2024\/#article\",\"isPartOf\":{\"@id\":\"https:\/\/inmobiliaria-lex.com\/fr\/ayudas-alquiler-vivienda-2024\/\"},\"author\":{\"name\":\"inmobiliaria lex denia\",\"@id\":\"https:\/\/inmobiliaria-lex.com\/fr\/#\/schema\/person\/1aa994699b790066990c86d352ff8fec\"},\"headline\":\"AYUDAS ALQUILER DE VIVIENDA EN LA GVA\",\"datePublished\":\"2024-09-21T17:45:54+00:00\",\"dateModified\":\"2025-04-12T07:52:52+00:00\",\"mainEntityOfPage\":{\"@id\":\"https:\/\/inmobiliaria-lex.com\/fr\/ayudas-alquiler-vivienda-2024\/\"},\"wordCount\":1549,\"publisher\":{\"@id\":\"https:\/\/inmobiliaria-lex.com\/fr\/#organization\"},\"image\":{\"@id\":\"https:\/\/inmobiliaria-lex.com\/fr\/ayudas-alquiler-vivienda-2024\/#primaryimage\"},\"thumbnailUrl\":\"https:\/\/inmobiliaria-lex.com\/wp-content\/uploads\/2024\/09\/ayudas-alquiler-vivienda-2024.jpg\",\"keywords\":[\"alquiler vivienda denia\",\"ayudas al alquiler\",\"ayudas alquiler\",\"ayudas alquiler vivienda 2024\",\"ayudas alquiler vivienda denia\",\"ayudas alquiler vivienda gva\",\"ayudas GVA\",\"bono joven\"],\"articleSection\":[\"Alquilar vivienda\",\"Alquiler en Denia\",\"Blog inmobiliario\",\"Noticias inmobiliarias\"],\"inLanguage\":\"fr-FR\"},{\"@type\":\"WebPage\",\"@id\":\"https:\/\/inmobiliaria-lex.com\/fr\/ayudas-alquiler-vivienda-2024\/\",\"url\":\"https:\/\/inmobiliaria-lex.com\/fr\/ayudas-alquiler-vivienda-2024\/\",\"name\":\"Ayudas Alquiler Vivienda 2024 GVA %\",\"isPartOf\":{\"@id\":\"https:\/\/inmobiliaria-lex.com\/fr\/#website\"},\"primaryImageOfPage\":{\"@id\":\"https:\/\/inmobiliaria-lex.com\/fr\/ayudas-alquiler-vivienda-2024\/#primaryimage\"},\"image\":{\"@id\":\"https:\/\/inmobiliaria-lex.com\/fr\/ayudas-alquiler-vivienda-2024\/#primaryimage\"},\"thumbnailUrl\":\"https:\/\/inmobiliaria-lex.com\/wp-content\/uploads\/2024\/09\/ayudas-alquiler-vivienda-2024.jpg\",\"datePublished\":\"2024-09-21T17:45:54+00:00\",\"dateModified\":\"2025-04-12T07:52:52+00:00\",\"description\":\"Desde Inmobiliaria Lex te informamos de las ayudas de alquiler vivienda en la Generalitat Valenciana. Tienes hasta el 4 de Octubre 2024\",\"breadcrumb\":{\"@id\":\"https:\/\/inmobiliaria-lex.com\/fr\/ayudas-alquiler-vivienda-2024\/#breadcrumb\"},\"inLanguage\":\"fr-FR\",\"potentialAction\":[{\"@type\":\"ReadAction\",\"target\":[\"https:\/\/inmobiliaria-lex.com\/fr\/ayudas-alquiler-vivienda-2024\/\"]}]},{\"@type\":\"ImageObject\",\"inLanguage\":\"fr-FR\",\"@id\":\"https:\/\/inmobiliaria-lex.com\/fr\/ayudas-alquiler-vivienda-2024\/#primaryimage\",\"url\":\"https:\/\/inmobiliaria-lex.com\/wp-content\/uploads\/2024\/09\/ayudas-alquiler-vivienda-2024.jpg\",\"contentUrl\":\"https:\/\/inmobiliaria-lex.com\/wp-content\/uploads\/2024\/09\/ayudas-alquiler-vivienda-2024.jpg\",\"width\":940,\"height\":788,\"caption\":\"Ayudad alquiler vivienda 2024\"},{\"@type\":\"BreadcrumbList\",\"@id\":\"https:\/\/inmobiliaria-lex.com\/fr\/ayudas-alquiler-vivienda-2024\/#breadcrumb\",\"itemListElement\":[{\"@type\":\"ListItem\",\"position\":1,\"name\":\"Portada\",\"item\":\"https:\/\/inmobiliaria-lex.com\/fr\/home\/\"},{\"@type\":\"ListItem\",\"position\":2,\"name\":\"AYUDAS ALQUILER DE VIVIENDA EN LA GVA\"}]},{\"@type\":\"WebSite\",\"@id\":\"https:\/\/inmobiliaria-lex.com\/fr\/#website\",\"url\":\"https:\/\/inmobiliaria-lex.com\/fr\/\",\"name\":\"Inmobiliaria Lex D\u00e9nia\",\"description\":\"Inmobiliaria en D\u00e9nia\",\"publisher\":{\"@id\":\"https:\/\/inmobiliaria-lex.com\/fr\/#organization\"},\"potentialAction\":[{\"@type\":\"SearchAction\",\"target\":{\"@type\":\"EntryPoint\",\"urlTemplate\":\"https:\/\/inmobiliaria-lex.com\/fr\/?s={search_term_string}\"},\"query-input\":{\"@type\":\"PropertyValueSpecification\",\"valueRequired\":true,\"valueName\":\"search_term_string\"}}],\"inLanguage\":\"fr-FR\"},{\"@type\":\"Organization\",\"@id\":\"https:\/\/inmobiliaria-lex.com\/fr\/#organization\",\"name\":\"Agencia Inmobiliaria Lex. D\u00e9nia\",\"url\":\"https:\/\/inmobiliaria-lex.com\/fr\/\",\"logo\":{\"@type\":\"ImageObject\",\"inLanguage\":\"fr-FR\",\"@id\":\"https:\/\/inmobiliaria-lex.com\/fr\/#\/schema\/logo\/image\/\",\"url\":\"https:\/\/inmobiliaria-lex.com\/wp-content\/uploads\/2020\/02\/inmobiliaria_lex_denia.png\",\"contentUrl\":\"https:\/\/inmobiliaria-lex.com\/wp-content\/uploads\/2020\/02\/inmobiliaria_lex_denia.png\",\"width\":176,\"height\":111,\"caption\":\"Agencia Inmobiliaria Lex. D\u00e9nia\"},\"image\":{\"@id\":\"https:\/\/inmobiliaria-lex.com\/fr\/#\/schema\/logo\/image\/\"},\"sameAs\":[\"https:\/\/www.facebook.com\/LEXDENIA\",\"https:\/\/www.instagram.com\/deniainmolex\/\"]},{\"@type\":\"Person\",\"@id\":\"https:\/\/inmobiliaria-lex.com\/fr\/#\/schema\/person\/1aa994699b790066990c86d352ff8fec\",\"name\":\"inmobiliaria lex denia\",\"image\":{\"@type\":\"ImageObject\",\"inLanguage\":\"fr-FR\",\"@id\":\"https:\/\/inmobiliaria-lex.com\/fr\/#\/schema\/person\/image\/\",\"url\":\"https:\/\/secure.gravatar.com\/avatar\/4843a7e97f3a2d82ecb361a9c26707d2e6c75f4002ff82a72ff5f4e5fef8ae3a?s=96&d=mm&r=g\",\"contentUrl\":\"https:\/\/secure.gravatar.com\/avatar\/4843a7e97f3a2d82ecb361a9c26707d2e6c75f4002ff82a72ff5f4e5fef8ae3a?s=96&d=mm&r=g\",\"caption\":\"inmobiliaria lex denia\"}}]}<\/script>\n<!-- \/ Yoast SEO plugin. -->","yoast_head_json":{"title":"Ayudas Alquiler Vivienda 2024 GVA %","description":"Desde Inmobiliaria Lex te informamos de las ayudas de alquiler vivienda en la Generalitat Valenciana. Tienes hasta el 4 de Octubre 2024","robots":{"index":"index","follow":"follow","max-snippet":"max-snippet:-1","max-image-preview":"max-image-preview:large","max-video-preview":"max-video-preview:-1"},"canonical":"https:\/\/inmobiliaria-lex.com\/fr\/ayudas-alquiler-vivienda-2024\/","og_locale":"fr_FR","og_type":"article","og_title":"Ayudas Alquiler Vivienda 2024 GVA %","og_description":"Desde Inmobiliaria Lex te informamos de las ayudas de alquiler vivienda en la Generalitat Valenciana. Tienes hasta el 4 de Octubre 2024","og_url":"https:\/\/inmobiliaria-lex.com\/fr\/ayudas-alquiler-vivienda-2024\/","og_site_name":"Agencia Inmobiliaria Lex D\u00e9nia","article_publisher":"https:\/\/www.facebook.com\/LEXDENIA","article_published_time":"2024-09-21T17:45:54+00:00","article_modified_time":"2025-04-12T07:52:52+00:00","og_image":[{"width":940,"height":788,"url":"https:\/\/inmobiliaria-lex.com\/wp-content\/uploads\/2024\/09\/ayudas-alquiler-vivienda-2024.jpg","type":"image\/jpeg"}],"author":"inmobiliaria lex denia","twitter_card":"summary_large_image","twitter_misc":{"\u00c9crit par":"inmobiliaria lex denia","Dur\u00e9e de lecture estim\u00e9e":"8 minutes"},"schema":{"@context":"https:\/\/schema.org","@graph":[{"@type":"Article","@id":"https:\/\/inmobiliaria-lex.com\/fr\/ayudas-alquiler-vivienda-2024\/#article","isPartOf":{"@id":"https:\/\/inmobiliaria-lex.com\/fr\/ayudas-alquiler-vivienda-2024\/"},"author":{"name":"inmobiliaria lex denia","@id":"https:\/\/inmobiliaria-lex.com\/fr\/#\/schema\/person\/1aa994699b790066990c86d352ff8fec"},"headline":"AYUDAS ALQUILER DE VIVIENDA EN LA GVA","datePublished":"2024-09-21T17:45:54+00:00","dateModified":"2025-04-12T07:52:52+00:00","mainEntityOfPage":{"@id":"https:\/\/inmobiliaria-lex.com\/fr\/ayudas-alquiler-vivienda-2024\/"},"wordCount":1549,"publisher":{"@id":"https:\/\/inmobiliaria-lex.com\/fr\/#organization"},"image":{"@id":"https:\/\/inmobiliaria-lex.com\/fr\/ayudas-alquiler-vivienda-2024\/#primaryimage"},"thumbnailUrl":"https:\/\/inmobiliaria-lex.com\/wp-content\/uploads\/2024\/09\/ayudas-alquiler-vivienda-2024.jpg","keywords":["alquiler vivienda denia","ayudas al alquiler","ayudas alquiler","ayudas alquiler vivienda 2024","ayudas alquiler vivienda denia","ayudas alquiler vivienda gva","ayudas GVA","bono joven"],"articleSection":["Alquilar vivienda","Alquiler en Denia","Blog inmobiliario","Noticias inmobiliarias"],"inLanguage":"fr-FR"},{"@type":"WebPage","@id":"https:\/\/inmobiliaria-lex.com\/fr\/ayudas-alquiler-vivienda-2024\/","url":"https:\/\/inmobiliaria-lex.com\/fr\/ayudas-alquiler-vivienda-2024\/","name":"Ayudas Alquiler Vivienda 2024 GVA %","isPartOf":{"@id":"https:\/\/inmobiliaria-lex.com\/fr\/#website"},"primaryImageOfPage":{"@id":"https:\/\/inmobiliaria-lex.com\/fr\/ayudas-alquiler-vivienda-2024\/#primaryimage"},"image":{"@id":"https:\/\/inmobiliaria-lex.com\/fr\/ayudas-alquiler-vivienda-2024\/#primaryimage"},"thumbnailUrl":"https:\/\/inmobiliaria-lex.com\/wp-content\/uploads\/2024\/09\/ayudas-alquiler-vivienda-2024.jpg","datePublished":"2024-09-21T17:45:54+00:00","dateModified":"2025-04-12T07:52:52+00:00","description":"Desde Inmobiliaria Lex te informamos de las ayudas de alquiler vivienda en la Generalitat Valenciana. Tienes hasta el 4 de Octubre 2024","breadcrumb":{"@id":"https:\/\/inmobiliaria-lex.com\/fr\/ayudas-alquiler-vivienda-2024\/#breadcrumb"},"inLanguage":"fr-FR","potentialAction":[{"@type":"ReadAction","target":["https:\/\/inmobiliaria-lex.com\/fr\/ayudas-alquiler-vivienda-2024\/"]}]},{"@type":"ImageObject","inLanguage":"fr-FR","@id":"https:\/\/inmobiliaria-lex.com\/fr\/ayudas-alquiler-vivienda-2024\/#primaryimage","url":"https:\/\/inmobiliaria-lex.com\/wp-content\/uploads\/2024\/09\/ayudas-alquiler-vivienda-2024.jpg","contentUrl":"https:\/\/inmobiliaria-lex.com\/wp-content\/uploads\/2024\/09\/ayudas-alquiler-vivienda-2024.jpg","width":940,"height":788,"caption":"Ayudad alquiler vivienda 2024"},{"@type":"BreadcrumbList","@id":"https:\/\/inmobiliaria-lex.com\/fr\/ayudas-alquiler-vivienda-2024\/#breadcrumb","itemListElement":[{"@type":"ListItem","position":1,"name":"Portada","item":"https:\/\/inmobiliaria-lex.com\/fr\/home\/"},{"@type":"ListItem","position":2,"name":"AYUDAS ALQUILER DE VIVIENDA EN LA GVA"}]},{"@type":"WebSite","@id":"https:\/\/inmobiliaria-lex.com\/fr\/#website","url":"https:\/\/inmobiliaria-lex.com\/fr\/","name":"Inmobiliaria Lex D\u00e9nia","description":"Inmobiliaria en D\u00e9nia","publisher":{"@id":"https:\/\/inmobiliaria-lex.com\/fr\/#organization"},"potentialAction":[{"@type":"SearchAction","target":{"@type":"EntryPoint","urlTemplate":"https:\/\/inmobiliaria-lex.com\/fr\/?s={search_term_string}"},"query-input":{"@type":"PropertyValueSpecification","valueRequired":true,"valueName":"search_term_string"}}],"inLanguage":"fr-FR"},{"@type":"Organization","@id":"https:\/\/inmobiliaria-lex.com\/fr\/#organization","name":"Agencia Inmobiliaria Lex. D\u00e9nia","url":"https:\/\/inmobiliaria-lex.com\/fr\/","logo":{"@type":"ImageObject","inLanguage":"fr-FR","@id":"https:\/\/inmobiliaria-lex.com\/fr\/#\/schema\/logo\/image\/","url":"https:\/\/inmobiliaria-lex.com\/wp-content\/uploads\/2020\/02\/inmobiliaria_lex_denia.png","contentUrl":"https:\/\/inmobiliaria-lex.com\/wp-content\/uploads\/2020\/02\/inmobiliaria_lex_denia.png","width":176,"height":111,"caption":"Agencia Inmobiliaria Lex. D\u00e9nia"},"image":{"@id":"https:\/\/inmobiliaria-lex.com\/fr\/#\/schema\/logo\/image\/"},"sameAs":["https:\/\/www.facebook.com\/LEXDENIA","https:\/\/www.instagram.com\/deniainmolex\/"]},{"@type":"Person","@id":"https:\/\/inmobiliaria-lex.com\/fr\/#\/schema\/person\/1aa994699b790066990c86d352ff8fec","name":"inmobiliaria lex denia","image":{"@type":"ImageObject","inLanguage":"fr-FR","@id":"https:\/\/inmobiliaria-lex.com\/fr\/#\/schema\/person\/image\/","url":"https:\/\/secure.gravatar.com\/avatar\/4843a7e97f3a2d82ecb361a9c26707d2e6c75f4002ff82a72ff5f4e5fef8ae3a?s=96&d=mm&r=g","contentUrl":"https:\/\/secure.gravatar.com\/avatar\/4843a7e97f3a2d82ecb361a9c26707d2e6c75f4002ff82a72ff5f4e5fef8ae3a?s=96&d=mm&r=g","caption":"inmobiliaria lex denia"}}]}},"_links":{"self":[{"href":"https:\/\/inmobiliaria-lex.com\/fr\/wp-json\/wp\/v2\/posts\/9604","targetHints":{"allow":["GET"]}}],"collection":[{"href":"https:\/\/inmobiliaria-lex.com\/fr\/wp-json\/wp\/v2\/posts"}],"about":[{"href":"https:\/\/inmobiliaria-lex.com\/fr\/wp-json\/wp\/v2\/types\/post"}],"author":[{"embeddable":true,"href":"https:\/\/inmobiliaria-lex.com\/fr\/wp-json\/wp\/v2\/users\/1"}],"replies":[{"embeddable":true,"href":"https:\/\/inmobiliaria-lex.com\/fr\/wp-json\/wp\/v2\/comments?post=9604"}],"version-history":[{"count":1,"href":"https:\/\/inmobiliaria-lex.com\/fr\/wp-json\/wp\/v2\/posts\/9604\/revisions"}],"predecessor-version":[{"id":9859,"href":"https:\/\/inmobiliaria-lex.com\/fr\/wp-json\/wp\/v2\/posts\/9604\/revisions\/9859"}],"wp:featuredmedia":[{"embeddable":true,"href":"https:\/\/inmobiliaria-lex.com\/fr\/wp-json\/wp\/v2\/media\/9609"}],"wp:attachment":[{"href":"https:\/\/inmobiliaria-lex.com\/fr\/wp-json\/wp\/v2\/media?parent=9604"}],"wp:term":[{"taxonomy":"category","embeddable":true,"href":"https:\/\/inmobiliaria-lex.com\/fr\/wp-json\/wp\/v2\/categories?post=9604"},{"taxonomy":"post_tag","embeddable":true,"href":"https:\/\/inmobiliaria-lex.com\/fr\/wp-json\/wp\/v2\/tags?post=9604"}],"curies":[{"name":"wp","href":"https:\/\/api.w.org\/{rel}","templated":true}]}}